{"id":465530,"date":"2025-10-15T18:31:13","date_gmt":"2025-10-15T18:31:13","guid":{"rendered":"https:\/\/www.europesays.com\/fr\/465530\/"},"modified":"2025-10-15T18:31:13","modified_gmt":"2025-10-15T18:31:13","slug":"nancy-une-salariee-de-lomh-blessee-apres-avoir-saute-par-la-fenetre","status":"publish","type":"post","link":"https:\/\/www.europesays.com\/fr\/465530\/","title":{"rendered":"Nancy. Une salari\u00e9e de l\u2019OMh bless\u00e9e apr\u00e8s avoir saut\u00e9 par la fen\u00eatre"},"content":{"rendered":"<p>Pompiers et police sont intervenus, ce mercredi 15\u00a0octobre vers 16\u00a0h\u00a030, au si\u00e8ge de l\u2019Office m\u00e9tropolitain de l\u2019habitat du Grand Nancy (OMh), 32 rue Saint-L\u00e9on, \u00e0 Nancy.<\/p>\n<p>Une femme venait de sauter par la fen\u00eatre de son bureau situ\u00e9 au 1er \u00e9tage du b\u00e2timent. Une chute d\u2019environ trois m\u00e8tres qui s\u2019est termin\u00e9e sur le bitume du parking, dans l\u2019enceinte de l\u2019immeuble.<\/p>\n<p>\u00c2g\u00e9e d\u2019une quarantaine d\u2019ann\u00e9es, la bless\u00e9e a \u00e9t\u00e9 prise en charge par les pompiers puis transport\u00e9e vers les urgences de l\u2019h\u00f4pital Central. Les secours ont \u00e9galement pris en charge une autre victime, en \u00e9tat de choc psychologique, apr\u00e8s avoir assist\u00e9 \u00e0 la sc\u00e8ne.<\/p>\n<p>  Plusieurs personnes auraient d\u00e9missionn\u00e9<\/p>\n<p>Une enqu\u00eate a \u00e9t\u00e9 ouverte afin de d\u00e9terminer les causes et circonstances de ce qui semble \u00eatre un acte d\u00e9sesp\u00e9r\u00e9. Reste \u00e0 cerner avec pr\u00e9cisions les raisons qui ont conduit la quadrag\u00e9naire \u00e0 passer \u00e0 l\u2019acte.<\/p>\n<p>Depuis 2021, ce bailleur social du Grand Nancy conna\u00eet <a href=\"https:\/\/www.estrepublicain.fr\/faits-divers-justice\/2025\/07\/14\/burn-out-demissions-et-proces-le-redressement-chaotique-de-l-office-de-l-habitat\" target=\"_blank\" rel=\"noopener\">une importante r\u00e9organisation<\/a>. De nombreux salari\u00e9s, dont des cadres, ont d\u00e9missionn\u00e9. Trois salari\u00e9s ont saisi les Prud\u2019hommes.<\/p>\n","protected":false},"excerpt":{"rendered":"Pompiers et police sont intervenus, ce mercredi 15\u00a0octobre vers 16\u00a0h\u00a030, au si\u00e8ge de l\u2019Office m\u00e9tropolitain de l\u2019habitat du&hellip;\n","protected":false},"author":2,"featured_media":465531,"comment_status":"","ping_status":"","sticky":false,"template":"","format":"standard","meta":{"footnotes":""},"categories":[9635],"tags":[119,1111,11,271,272,1704,1777,674,274,1011,27,775,3457,1702,1703,12,25],"class_list":{"0":"post-465530","1":"post","2":"type-post","3":"status-publish","4":"format-standard","5":"has-post-thumbnail","7":"category-nancy","8":"tag-accident","9":"tag-actu","10":"tag-actualites","11":"tag-crime","12":"tag-delit-et-contravention","13":"tag-edition-nancy-et-agglomeration","14":"tag-eu","15":"tag-europe","16":"tag-faits-divers-justice","17":"tag-fr","18":"tag-france","19":"tag-grand-est","20":"tag-meurthe-et-moselle","21":"tag-nancy","22":"tag-nancy-ville-54b","23":"tag-news","24":"tag-republique-francaise"},"share_on_mastodon":{"url":"https:\/\/pubeurope.com\/@fr\/115379613516154923","error":""},"_links":{"self":[{"href":"https:\/\/www.europesays.com\/fr\/wp-json\/wp\/v2\/posts\/465530","targetHints":{"allow":["GET"]}}],"collection":[{"href":"https:\/\/www.europesays.com\/fr\/wp-json\/wp\/v2\/posts"}],"about":[{"href":"https:\/\/www.europesays.com\/fr\/wp-json\/wp\/v2\/types\/post"}],"author":[{"embeddable":true,"href":"https:\/\/www.europesays.com\/fr\/wp-json\/wp\/v2\/users\/2"}],"replies":[{"embeddable":true,"href":"https:\/\/www.europesays.com\/fr\/wp-json\/wp\/v2\/comments?post=465530"}],"version-history":[{"count":0,"href":"https:\/\/www.europesays.com\/fr\/wp-json\/wp\/v2\/posts\/465530\/revisions"}],"wp:featuredmedia":[{"embeddable":true,"href":"https:\/\/www.europesays.com\/fr\/wp-json\/wp\/v2\/media\/465531"}],"wp:attachment":[{"href":"https:\/\/www.europesays.com\/fr\/wp-json\/wp\/v2\/media?parent=465530"}],"wp:term":[{"taxonomy":"category","embeddable":true,"href":"https:\/\/www.europesays.com\/fr\/wp-json\/wp\/v2\/categories?post=465530"},{"taxonomy":"post_tag","embeddable":true,"href":"https:\/\/www.europesays.com\/fr\/wp-json\/wp\/v2\/tags?post=465530"}],"curies":[{"name":"wp","href":"https:\/\/api.w.org\/{rel}","templated":true}]}}