{"id":465542,"date":"2025-10-15T18:37:14","date_gmt":"2025-10-15T18:37:14","guid":{"rendered":"https:\/\/www.europesays.com\/fr\/465542\/"},"modified":"2025-10-15T18:37:14","modified_gmt":"2025-10-15T18:37:14","slug":"un-accident-sur-la13-provoque-de-gros-bouchons-une-jeune-femme-blessee","status":"publish","type":"post","link":"https:\/\/www.europesays.com\/fr\/465542\/","title":{"rendered":"un accident sur l\u2019A13 provoque de gros bouchons, une jeune femme bless\u00e9e"},"content":{"rendered":"<p>            Par<br \/>\n        <strong><br \/>\n            <a href=\"https:\/\/actu.fr\/auteur\/aurelien-delavaud\" title=\"Consulter tous les articles de Aur\u00e9lien Delavaud\" target=\"_blank\" rel=\"noopener\">Aur\u00e9lien Delavaud<\/a><br \/>\n        <\/strong><\/p>\n<p>        Publi\u00e9 le<\/p>\n<p>            15 oct. 2025 \u00e0 18h04<br \/>\n        ; mis \u00e0 jour le 15 oct. 2025 \u00e0 18h25    <\/p>\n<p>Prudence, si vous devez emprunter le secteur\u2009! Dans la soir\u00e9e du mercredi 15\u00a0octobre 2025, de <b>gros ralentissements<\/b> sont en cours sur l\u2019<b>autoroute A13<\/b>, pr\u00e8s de Rouen. C\u2019est un <b>accident<\/b> qui en est la cause.<\/p>\n<p>Au moins cinq kilom\u00e8tres de bouchons<\/p>\n<p class=\" wall-content\">Plus pr\u00e9cis\u00e9ment, l\u2019incident s\u2019est produit \u00e0 hauteur de <a href=\"https:\/\/actu.fr\/normandie\/tourville-la-riviere_76705\" target=\"_blank\" rel=\"noopener\">Tourville-la-Rivi\u00e8re (Seine-Maritime)<\/a>, dans le sens Paris-Caen. Il impliquait une voiture et un poids-lourd.<\/p>\n<p>    <a href=\"https:\/\/maps.google.com\/maps?q=49.33106535569957,1.0843609495849682&amp;z=15&amp;output=embed\" title=\"Ouvrie le lien\" target=\"_blank\" rel=\"noopener\">Cliquez ici pour visualiser le contenu<\/a><\/p>\n<p class=\" wall-content\">Intervenus sur place, les pompiers ont pris en charge une <b>jeune femme de 23 ans<\/b>. \u00ab\u00a0Bless\u00e9e l\u00e9g\u00e8rement\u00a0\u00bb selon leur bilan, elle a \u00e9t\u00e9 transport\u00e9e vers l\u2019h\u00f4pital des Feugrais.<\/p>\n<p class=\" wall-content\">Selon un t\u00e9moin, une voie de circulation est impact\u00e9e, ce qui cause de gros ralentissements. Les pompiers confirment un \u00ab\u00a0impact sur la circulation important en cours\u00a0\u00bb.<\/p>\n<p class=\" wall-content\">\u00c0 18\u2009h, <b>environ cinq kilom\u00e8tres de bouchons<\/b> \u00e9taient signal\u00e9s dans le secteur, au moins jusqu\u2019en amont de la sortie Criquebeuf-sur-Seine.<\/p>\n<p>Vid\u00e9os : en ce moment sur Actu<\/p>\n<p class=\" wall-content\">Pour rappel, ce <a href=\"https:\/\/actu.fr\/normandie\/tourville-la-riviere_76705\/seine-maritime-lautoroute-a13-fermee-pour-travaux-des-deviations-mises-en-place_63298780.html\" target=\"_blank\" rel=\"noopener\">secteur de l\u2019A13 sera ferm\u00e9 pendant plusieurs nuits pour des travaux<\/a> et des d\u00e9viations vont \u00eatre mises en place.<\/p>\n<p class=\" wall-content\">Personnalisez votre actualit\u00e9 en ajoutant vos villes et m\u00e9dias en favori avec <a href=\"https:\/\/moncompte.actu.fr\" title=\"D\u00e9couvez Mon Actu\" rel=\"nofollow noopener\" data-trk=\"{&quot;cta&quot;:{&quot;action&quot;:&quot;https:\\\/\\\/moncompte.actu.fr&quot;,&quot;category&quot;:&quot;mon compte&quot;,&quot;from&quot;:&quot;article footer&quot;,&quot;name&quot;:&quot;Mon actu&quot;,&quot;type&quot;:&quot;cta&quot;}}\" target=\"_blank\">Mon Actu<\/a>.<\/p>\n","protected":false},"excerpt":{"rendered":"Par Aur\u00e9lien Delavaud Publi\u00e9 le 15 oct. 2025 \u00e0 18h04 ; mis \u00e0 jour le 15 oct. 2025&hellip;\n","protected":false},"author":2,"featured_media":465543,"comment_status":"","ping_status":"","sticky":false,"template":"","format":"standard","meta":{"footnotes":""},"categories":[9587],"tags":[119,1111,11,12725,1777,674,118,1011,27,803,12,5161,25,9590],"class_list":{"0":"post-465542","1":"post","2":"type-post","3":"status-publish","4":"format-standard","5":"has-post-thumbnail","7":"category-rouen","8":"tag-accident","9":"tag-actu","10":"tag-actualites","11":"tag-autoroute-13-a13","12":"tag-eu","13":"tag-europe","14":"tag-faits-divers","15":"tag-fr","16":"tag-france","17":"tag-info-trafic","18":"tag-news","19":"tag-normandie","20":"tag-republique-francaise","21":"tag-rouen"},"share_on_mastodon":{"url":"https:\/\/pubeurope.com\/@fr\/115379637153642937","error":""},"_links":{"self":[{"href":"https:\/\/www.europesays.com\/fr\/wp-json\/wp\/v2\/posts\/465542","targetHints":{"allow":["GET"]}}],"collection":[{"href":"https:\/\/www.europesays.com\/fr\/wp-json\/wp\/v2\/posts"}],"about":[{"href":"https:\/\/www.europesays.com\/fr\/wp-json\/wp\/v2\/types\/post"}],"author":[{"embeddable":true,"href":"https:\/\/www.europesays.com\/fr\/wp-json\/wp\/v2\/users\/2"}],"replies":[{"embeddable":true,"href":"https:\/\/www.europesays.com\/fr\/wp-json\/wp\/v2\/comments?post=465542"}],"version-history":[{"count":0,"href":"https:\/\/www.europesays.com\/fr\/wp-json\/wp\/v2\/posts\/465542\/revisions"}],"wp:featuredmedia":[{"embeddable":true,"href":"https:\/\/www.europesays.com\/fr\/wp-json\/wp\/v2\/media\/465543"}],"wp:attachment":[{"href":"https:\/\/www.europesays.com\/fr\/wp-json\/wp\/v2\/media?parent=465542"}],"wp:term":[{"taxonomy":"category","embeddable":true,"href":"https:\/\/www.europesays.com\/fr\/wp-json\/wp\/v2\/categories?post=465542"},{"taxonomy":"post_tag","embeddable":true,"href":"https:\/\/www.europesays.com\/fr\/wp-json\/wp\/v2\/tags?post=465542"}],"curies":[{"name":"wp","href":"https:\/\/api.w.org\/{rel}","templated":true}]}}