{"id":465546,"date":"2025-10-15T18:39:17","date_gmt":"2025-10-15T18:39:17","guid":{"rendered":"https:\/\/www.europesays.com\/fr\/465546\/"},"modified":"2025-10-15T18:39:17","modified_gmt":"2025-10-15T18:39:17","slug":"grenoble-michele-laroque-et-kad-merad-reunis-sur-scene-pour-lage-bete","status":"publish","type":"post","link":"https:\/\/www.europesays.com\/fr\/465546\/","title":{"rendered":"Grenoble. Mich\u00e8le Laroque et Kad Merad r\u00e9unis sur sc\u00e8ne pour L\u2019\u00e2ge b\u00eate"},"content":{"rendered":"<p>Benoit et Claire viennent de se rencontrer, ils veulent vivre leur nouvelle histoire \u00e0 fond, sans limites. Rebelles et libres, ils revendiquent leur amour pour le sexe, l\u2019alcool et le foot\u00a0: ce sont les nouveaux soixantenaires. Ils refusent de se laisser enfermer par l\u2019\u00e2ge. Malgr\u00e9 leurs habitudes bien ancr\u00e9es, ils veulent continuer \u00e0 vivre comme des jeunes et s\u2019\u00e9clater. Bienvenue dans leur \u201c\u00e2ge b\u00eate\u201d. Une pi\u00e8ce qui r\u00e9unit Mich\u00e8le Laroque et <a href=\"https:\/\/www.ledauphine.com\/p\/kad-merad\" target=\"_blank\" rel=\"noopener\">Kad Merad<\/a>, \u00e9crite et mise en sc\u00e8ne par Olivier Baroux.<\/p>\n<p class=\"note\">Le samedi 6\u00a0f\u00e9vrier\u00a02027 \u00e0 20 heures au Summum \u00e0 Grenoble. De 53 \u00e0 77\u00a0euros.<\/p>\n","protected":false},"excerpt":{"rendered":"Benoit et Claire viennent de se rencontrer, ils veulent vivre leur nouvelle histoire \u00e0 fond, sans limites. Rebelles&hellip;\n","protected":false},"author":2,"featured_media":465547,"comment_status":"","ping_status":"","sticky":false,"template":"","format":"standard","meta":{"footnotes":""},"categories":[9566],"tags":[1111,11,2430,1687,112,1777,674,1011,27,2731,2732,108,12,25,3140],"class_list":{"0":"post-465546","1":"post","2":"type-post","3":"status-publish","4":"format-standard","5":"has-post-thumbnail","7":"category-grenoble","8":"tag-actu","9":"tag-actualites","10":"tag-auvergne-rhone-alpes","11":"tag-culture-loisirs","12":"tag-edition-grenoble-agglomeration","13":"tag-eu","14":"tag-europe","15":"tag-fr","16":"tag-france","17":"tag-grenoble","18":"tag-grenoble-bassin","19":"tag-isere","20":"tag-news","21":"tag-republique-francaise","22":"tag-spectacle"},"share_on_mastodon":{"url":"https:\/\/pubeurope.com\/@fr\/115379645054467468","error":""},"_links":{"self":[{"href":"https:\/\/www.europesays.com\/fr\/wp-json\/wp\/v2\/posts\/465546","targetHints":{"allow":["GET"]}}],"collection":[{"href":"https:\/\/www.europesays.com\/fr\/wp-json\/wp\/v2\/posts"}],"about":[{"href":"https:\/\/www.europesays.com\/fr\/wp-json\/wp\/v2\/types\/post"}],"author":[{"embeddable":true,"href":"https:\/\/www.europesays.com\/fr\/wp-json\/wp\/v2\/users\/2"}],"replies":[{"embeddable":true,"href":"https:\/\/www.europesays.com\/fr\/wp-json\/wp\/v2\/comments?post=465546"}],"version-history":[{"count":0,"href":"https:\/\/www.europesays.com\/fr\/wp-json\/wp\/v2\/posts\/465546\/revisions"}],"wp:featuredmedia":[{"embeddable":true,"href":"https:\/\/www.europesays.com\/fr\/wp-json\/wp\/v2\/media\/465547"}],"wp:attachment":[{"href":"https:\/\/www.europesays.com\/fr\/wp-json\/wp\/v2\/media?parent=465546"}],"wp:term":[{"taxonomy":"category","embeddable":true,"href":"https:\/\/www.europesays.com\/fr\/wp-json\/wp\/v2\/categories?post=465546"},{"taxonomy":"post_tag","embeddable":true,"href":"https:\/\/www.europesays.com\/fr\/wp-json\/wp\/v2\/tags?post=465546"}],"curies":[{"name":"wp","href":"https:\/\/api.w.org\/{rel}","templated":true}]}}