{"id":465554,"date":"2025-10-15T18:43:11","date_gmt":"2025-10-15T18:43:11","guid":{"rendered":"https:\/\/www.europesays.com\/fr\/465554\/"},"modified":"2025-10-15T18:43:11","modified_gmt":"2025-10-15T18:43:11","slug":"societe-a-strasbourg-le-repaire-repare-tout-meme-lhumain","status":"publish","type":"post","link":"https:\/\/www.europesays.com\/fr\/465554\/","title":{"rendered":"Soci\u00e9t\u00e9. \u00c0 Strasbourg, Le Repaire r\u00e9pare tout, m\u00eame l\u2019humain"},"content":{"rendered":"<p>\u00ab Je renoue ici avec ma passion du bricolage \u00bb, l\u00e2che Emmanuelle tout en d\u00e9cortiquant une ancienne console de jeux. Reli\u00e9e au Repaire (*) par un contrat unique d\u2019insertion, elle accueille le public, dispense et partage son ing\u00e9nierie \u00e9lectronique et surtout trouve ici, comme tous les objets qui l\u2019entourent, une nouvelle vie.<\/p>\n<p>\u00ab Avant, j\u2019avais des responsabilit\u00e9s dans un grand groupe de BTP, j\u2019ai fait un burn-out et apr\u00e8s j\u2019ai chang\u00e9, j\u2019ai tout chang\u00e9. \u00bb Changement de genre, chute sociale\u2026 Pour se refaire, elle rejoint l\u2019association CyberGrange et son&#8230;<\/p>\n","protected":false},"excerpt":{"rendered":"\u00ab Je renoue ici avec ma passion du bricolage \u00bb, l\u00e2che Emmanuelle tout en d\u00e9cortiquant une ancienne console&hellip;\n","protected":false},"author":2,"featured_media":465555,"comment_status":"","ping_status":"","sticky":false,"template":"","format":"standard","meta":{"footnotes":""},"categories":[2820],"tags":[1111,11,2389,2649,2880,1777,674,107,1011,27,5325,775,12,25,104,640,2879,133],"class_list":{"0":"post-465554","1":"post","2":"type-post","3":"status-publish","4":"format-standard","5":"has-post-thumbnail","7":"category-strasbourg","8":"tag-actu","9":"tag-actualites","10":"tag-alsace","11":"tag-bas-rhin","12":"tag-edition-strasbourg","13":"tag-eu","14":"tag-europe","15":"tag-fil-info","16":"tag-fr","17":"tag-france","18":"tag-galerie-media","19":"tag-grand-est","20":"tag-news","21":"tag-republique-francaise","22":"tag-societe","23":"tag-strasbourg","24":"tag-strasbourg-ville","25":"tag-video"},"share_on_mastodon":{"url":"https:\/\/pubeurope.com\/@fr\/115379660735972978","error":""},"_links":{"self":[{"href":"https:\/\/www.europesays.com\/fr\/wp-json\/wp\/v2\/posts\/465554","targetHints":{"allow":["GET"]}}],"collection":[{"href":"https:\/\/www.europesays.com\/fr\/wp-json\/wp\/v2\/posts"}],"about":[{"href":"https:\/\/www.europesays.com\/fr\/wp-json\/wp\/v2\/types\/post"}],"author":[{"embeddable":true,"href":"https:\/\/www.europesays.com\/fr\/wp-json\/wp\/v2\/users\/2"}],"replies":[{"embeddable":true,"href":"https:\/\/www.europesays.com\/fr\/wp-json\/wp\/v2\/comments?post=465554"}],"version-history":[{"count":0,"href":"https:\/\/www.europesays.com\/fr\/wp-json\/wp\/v2\/posts\/465554\/revisions"}],"wp:featuredmedia":[{"embeddable":true,"href":"https:\/\/www.europesays.com\/fr\/wp-json\/wp\/v2\/media\/465555"}],"wp:attachment":[{"href":"https:\/\/www.europesays.com\/fr\/wp-json\/wp\/v2\/media?parent=465554"}],"wp:term":[{"taxonomy":"category","embeddable":true,"href":"https:\/\/www.europesays.com\/fr\/wp-json\/wp\/v2\/categories?post=465554"},{"taxonomy":"post_tag","embeddable":true,"href":"https:\/\/www.europesays.com\/fr\/wp-json\/wp\/v2\/tags?post=465554"}],"curies":[{"name":"wp","href":"https:\/\/api.w.org\/{rel}","templated":true}]}}