{"id":465558,"date":"2025-10-15T18:45:43","date_gmt":"2025-10-15T18:45:43","guid":{"rendered":"https:\/\/www.europesays.com\/fr\/465558\/"},"modified":"2025-10-15T18:45:43","modified_gmt":"2025-10-15T18:45:43","slug":"le-gouvernement-soumettra-en-novembre-au-parlement-la-suspension-de-la-reforme-des-retraites-suivez-notre-direct-sur-la-crise-politique","status":"publish","type":"post","link":"https:\/\/www.europesays.com\/fr\/465558\/","title":{"rendered":"Le gouvernement soumettra \u00ab\u00a0en novembre\u00a0\u00bb au Parlement la suspension de la r\u00e9forme des retraites&#8230; Suivez notre direct sur la crise politique"},"content":{"rendered":"<p class=\"fs-5 \">L\u2019effort budg\u00e9taire pr\u00e9vu par le gouvernement pour 2026\u00a0est d\u2019une trentaine de milliards d\u2019euros, dont 14\u00a0milliards d\u2019euros de nouveaux pr\u00e9l\u00e8vements obligatoires, a indiqu\u00e9 mercredi le ministre de l\u2019Economie Roland Lescure, soulignant que le projet de budget \u00e9tait ouvert \u00e0 \u00ab\u00a0n\u00e9gociation\u00a0\u00bb.<\/p>\n<p class=\"fs-5 \">\u00ab\u00a0C\u2019est les ordres de grandeur\u00a0\u00bb, a indiqu\u00e9 Roland Lescure sur RTL, r\u00e9pondant \u00e0 la question de savoir si l\u2019effort serait de 30\u00a0ou 31\u00a0milliards d\u2019euros.<\/p>\n<p class=\"fs-5 \">\u00ab\u00a0Il y a une partie qui va se faire par des hausses de pr\u00e9l\u00e8vements obligatoires\u00a0\u00bb, \u00e0 hauteur de 14\u00a0milliards d\u2019euros, a-t-il d\u00e9taill\u00e9.<\/p>\n<p class=\"fs-5 \">\u00ab\u00a0Face \u00e0 \u00e7a, il y a des \u00e9conomies de d\u00e9penses\u00a0\u00bb, a-t-il ajout\u00e9, citant le montant de 25\u00a0milliards d\u2019euros. Ce chiffre est \u00e0 comprendre hors hausse de la charge de la dette, qui devrait augmenter l\u2019an prochain d\u2019environ 8\u00a0milliards d\u2019euros \u00e0 plus de 60\u00a0milliards d\u2019euros, deuxi\u00e8me poste budg\u00e9taire apr\u00e8s l\u2019\u00e9ducation nationale.<\/p>\n<p class=\"fs-5 \">Dans un avis publi\u00e9 mardi qui reprenait des chiffres du gouvernement, le HCFP avait indiqu\u00e9 que le projet de budget (PLF) pr\u00e9voyait autour de 14\u00a0milliards d\u2019euros de recettes fiscales suppl\u00e9mentaires et environ 17\u00a0milliards d\u2019\u00e9conomies de d\u00e9penses.<\/p>\n<p class=\"fs-5 \">L\u2019objectif pr\u00e9sent\u00e9 dans le PLF est de ramener le d\u00e9ficit public de 5,4\u00a0% du produit int\u00e9rieur brut (PIB) cette ann\u00e9e \u00e0 4,7\u00a0% en 2026.<\/p>\n<p class=\"fs-5 \">\u00ab\u00a0Bien s\u00fbr que c\u2019est l\u2019objectif, parce que c\u2019est une marche (&#8230;) qui permettra de poursuivre l\u2019escalier jusqu\u2019\u00e0 la stabilisation de la dette publique en France\u00a0\u00bb, a d\u00e9clar\u00e9 Roland Lescure sur RTL.<\/p>\n<p class=\"fs-5 \">\u00ab\u00a0Je serai le garant du cadre du budget. Cela veut dire (qu\u2019) on doit respecter nos engagements europ\u00e9ens\u00a0\u00bb, \u00e0 savoir le retour du d\u00e9ficit public sous 3\u00a0% du PIB en 2029, un niveau permettant de stabiliser la dette, a-t-il ajout\u00e9.<\/p>\n<p class=\"fs-5 \">Le ministre a toutefois rappel\u00e9 que le projet de budget \u00e9tait \u00ab\u00a0une copie de d\u00e9part\u00a0\u00bb ouverte \u00e0 \u00ab\u00a0n\u00e9gociation\u00a0\u00bb au Parlement.<\/p>\n<p class=\"fs-5 \">\u00ab\u00a0C\u2019est la n\u00e9gociation qui permettra d\u2019avoir le chiffre final\u00a0\u00bb du d\u00e9ficit, a indiqu\u00e9 Roland Lescure. \u00ab\u00a0Mais le compromis, ce n\u2019est pas la compromission\u00a0\u00bb, a-t-il poursuivi, mettant en garde contre les tentations de \u00ab\u00a0matraquage fiscal (qui) ne marche pas\u00a0\u00bb.<\/p>\n","protected":false},"excerpt":{"rendered":"L\u2019effort budg\u00e9taire pr\u00e9vu par le gouvernement pour 2026\u00a0est d\u2019une trentaine de milliards d\u2019euros, dont 14\u00a0milliards d\u2019euros de nouveaux&hellip;\n","protected":false},"author":2,"featured_media":465559,"comment_status":"","ping_status":"","sticky":false,"template":"","format":"standard","meta":{"footnotes":""},"categories":[2819],"tags":[1111,11,1777,674,1011,27,56922,12,2401,882,11036,25],"class_list":{"0":"post-465558","1":"post","2":"type-post","3":"status-publish","4":"format-standard","5":"has-post-thumbnail","7":"category-nice","8":"tag-actu","9":"tag-actualites","10":"tag-eu","11":"tag-europe","12":"tag-fr","13":"tag-france","14":"tag-gouvernement-lecornu","15":"tag-news","16":"tag-nice","17":"tag-provence-alpes-cote-dazur","18":"tag-reforme-des-retraites","19":"tag-republique-francaise"},"share_on_mastodon":{"url":"https:\/\/pubeurope.com\/@fr\/115379668574622685","error":""},"_links":{"self":[{"href":"https:\/\/www.europesays.com\/fr\/wp-json\/wp\/v2\/posts\/465558","targetHints":{"allow":["GET"]}}],"collection":[{"href":"https:\/\/www.europesays.com\/fr\/wp-json\/wp\/v2\/posts"}],"about":[{"href":"https:\/\/www.europesays.com\/fr\/wp-json\/wp\/v2\/types\/post"}],"author":[{"embeddable":true,"href":"https:\/\/www.europesays.com\/fr\/wp-json\/wp\/v2\/users\/2"}],"replies":[{"embeddable":true,"href":"https:\/\/www.europesays.com\/fr\/wp-json\/wp\/v2\/comments?post=465558"}],"version-history":[{"count":0,"href":"https:\/\/www.europesays.com\/fr\/wp-json\/wp\/v2\/posts\/465558\/revisions"}],"wp:featuredmedia":[{"embeddable":true,"href":"https:\/\/www.europesays.com\/fr\/wp-json\/wp\/v2\/media\/465559"}],"wp:attachment":[{"href":"https:\/\/www.europesays.com\/fr\/wp-json\/wp\/v2\/media?parent=465558"}],"wp:term":[{"taxonomy":"category","embeddable":true,"href":"https:\/\/www.europesays.com\/fr\/wp-json\/wp\/v2\/categories?post=465558"},{"taxonomy":"post_tag","embeddable":true,"href":"https:\/\/www.europesays.com\/fr\/wp-json\/wp\/v2\/tags?post=465558"}],"curies":[{"name":"wp","href":"https:\/\/api.w.org\/{rel}","templated":true}]}}