{"id":465560,"date":"2025-10-15T18:46:21","date_gmt":"2025-10-15T18:46:21","guid":{"rendered":"https:\/\/www.europesays.com\/fr\/465560\/"},"modified":"2025-10-15T18:46:21","modified_gmt":"2025-10-15T18:46:21","slug":"les-editeurs-independants-des-pays-de-la-loire-font-de-la-resistance-a-nantes","status":"publish","type":"post","link":"https:\/\/www.europesays.com\/fr\/465560\/","title":{"rendered":"Les \u00e9diteurs ind\u00e9pendants des Pays de la Loire font de la r\u00e9sistance \u00e0 Nantes"},"content":{"rendered":"<p>Ils mettent en avant de jeunes auteurs, d\u00e9fendent des voix singuli\u00e8res, osent des formats originaux\u00a0: les \u00e9diteurs ind\u00e9pendants participent \u00e0 la diversit\u00e9 litt\u00e9raire. <a href=\"https:\/\/nantes.maville.com\/actu\/actudet_-coupes-budgetaires-en-pays-de-la-loire-l-inquietude-des-acteurs-de-la-lecture-_52716-6581167_actu.Htm\" target=\"_self\" rel=\"noopener\">\u00c0 la suite des coupes budg\u00e9taires d\u00e9cid\u00e9es par le conseil r\u00e9gional en d\u00e9cembre\u00a02024, qui les affectent au premier plan,<\/a> leur <a href=\"https:\/\/coll-libris-paysdelaloire.fr\/\" target=\"_self\" rel=\"noopener\">collectif Coll. LIBRIS<\/a> (qui compte plus de 50\u00a0membres) ne veut pas baisser les bras. Il marque sa r\u00e9sistance en organisant un salon de l\u2019\u00e9dition ind\u00e9pendante. <strong>\u00ab\u00a0L<\/strong> <strong>\u2019enjeu est de montrer et d\u00e9fendre la force du collectif, la diversit\u00e9 du livre et la libert\u00e9 d\u2019expression\u00a0\u00bb,<\/strong> argumente Benjamin Reverdy, l\u2019un des porte-parole du collectif. \u00c0 Nantes, une trentaine de maisons d\u2019\u00e9dition (dont Rouquemoute ) seront pr\u00e9sentes pour faire conna\u00eetre leurs collections.<\/p>\n<p><strong>Vendredi\u00a017, samedi\u00a018 et dimanche 19\u00a0octobre<\/strong>, salon de soutien \u00e0 l\u2019\u00e9dition ind\u00e9pendante \u00e0 Pol\u2019n, 11,\u00a0rue des Olivettes, \u00e0 Nantes. Vendredi, de 18\u00a0h \u00e0 22\u00a0h\u00a0; samedi, de 10\u00a0h \u00e0 22\u00a0h avec de 15\u00a0h \u00e0 16\u00a0h une table ronde\u00a0: \u00ab\u00a0Ind\u00e9pendance dans l\u2019\u00e9dition, de quoi parle-t-on\u00a0?\u00a0\u00bb\u00a0; dimanche, de 10\u00a0h \u00e0 18\u00a0h, avec de 16\u00a0h \u00e0 17\u00a0h, un d\u00e9bat, \u00ab\u00a0Le livre et la lecture en r\u00e9gions\u00a0: quelles perspectives pour la fili\u00e8re\u00a0?\u00a0\u00bb Sur place\u00a0: animations, espace jeunesse, coin lecture. Entr\u00e9e libre.<\/p>\n<p>\u00a0<\/p>\n","protected":false},"excerpt":{"rendered":"Ils mettent en avant de jeunes auteurs, d\u00e9fendent des voix singuli\u00e8res, osent des formats originaux\u00a0: les \u00e9diteurs ind\u00e9pendants&hellip;\n","protected":false},"author":2,"featured_media":465561,"comment_status":"","ping_status":"","sticky":false,"template":"","format":"standard","meta":{"footnotes":""},"categories":[2818],"tags":[1111,11,45207,1777,674,7234,1011,27,25733,3367,2047,766,12,5457,2636,25,9855],"class_list":{"0":"post-465560","1":"post","2":"type-post","3":"status-publish","4":"format-standard","5":"has-post-thumbnail","7":"category-nantes","8":"tag-actu","9":"tag-actualites","10":"tag-editeurs","11":"tag-eu","12":"tag-europe","13":"tag-font","14":"tag-fr","15":"tag-france","16":"tag-independants","17":"tag-loire","18":"tag-mans","19":"tag-nantes","20":"tag-news","21":"tag-pays","22":"tag-pays-de-la-loire","23":"tag-republique-francaise","24":"tag-resistance"},"share_on_mastodon":{"url":"https:\/\/pubeurope.com\/@fr\/115379672697222367","error":""},"_links":{"self":[{"href":"https:\/\/www.europesays.com\/fr\/wp-json\/wp\/v2\/posts\/465560","targetHints":{"allow":["GET"]}}],"collection":[{"href":"https:\/\/www.europesays.com\/fr\/wp-json\/wp\/v2\/posts"}],"about":[{"href":"https:\/\/www.europesays.com\/fr\/wp-json\/wp\/v2\/types\/post"}],"author":[{"embeddable":true,"href":"https:\/\/www.europesays.com\/fr\/wp-json\/wp\/v2\/users\/2"}],"replies":[{"embeddable":true,"href":"https:\/\/www.europesays.com\/fr\/wp-json\/wp\/v2\/comments?post=465560"}],"version-history":[{"count":0,"href":"https:\/\/www.europesays.com\/fr\/wp-json\/wp\/v2\/posts\/465560\/revisions"}],"wp:featuredmedia":[{"embeddable":true,"href":"https:\/\/www.europesays.com\/fr\/wp-json\/wp\/v2\/media\/465561"}],"wp:attachment":[{"href":"https:\/\/www.europesays.com\/fr\/wp-json\/wp\/v2\/media?parent=465560"}],"wp:term":[{"taxonomy":"category","embeddable":true,"href":"https:\/\/www.europesays.com\/fr\/wp-json\/wp\/v2\/categories?post=465560"},{"taxonomy":"post_tag","embeddable":true,"href":"https:\/\/www.europesays.com\/fr\/wp-json\/wp\/v2\/tags?post=465560"}],"curies":[{"name":"wp","href":"https:\/\/api.w.org\/{rel}","templated":true}]}}