{"id":465568,"date":"2025-10-15T18:50:10","date_gmt":"2025-10-15T18:50:10","guid":{"rendered":"https:\/\/www.europesays.com\/fr\/465568\/"},"modified":"2025-10-15T18:50:10","modified_gmt":"2025-10-15T18:50:10","slug":"pres-de-toulouse-un-pieton-dans-un-etat-grave-apres-avoir-ete-renverse-par-un-automobiliste","status":"publish","type":"post","link":"https:\/\/www.europesays.com\/fr\/465568\/","title":{"rendered":"Pr\u00e8s de Toulouse. Un pi\u00e9ton dans un \u00e9tat grave apr\u00e8s avoir \u00e9t\u00e9 renvers\u00e9 par un automobiliste"},"content":{"rendered":"<p>            Par<br \/>\n        <strong><br \/>\n            <a href=\"https:\/\/actu.fr\/auteur\/david-saint-sernin\" title=\"Consulter tous les articles de David Saint-Sernin\" rel=\"nofollow noopener\" target=\"_blank\">David Saint-Sernin<\/a><br \/>\n        <\/strong><\/p>\n<p>        Publi\u00e9 le<\/p>\n<p>            15 oct. 2025 \u00e0 20h26        <\/p>\n<p>Mercredi 15 octobre 2025, un <strong>grave accident de la circulation<\/strong> a eu lieu \u00e0 Colomiers, pr\u00e8s de Toulouse.<\/p>\n<p class=\" wall-content\">Il \u00e9tait 8h59 quand les pompiers de Haute-Garonne sont intervenus sur cet accident qui a impliqu\u00e9 un v\u00e9hicule et un pi\u00e9ton, boulevard de Pibrac.<\/p>\n<p>Un pi\u00e9ton gri\u00e8vement bless\u00e9<\/p>\n<p class=\" wall-content\">Pour des raisons qui restent \u00e0 d\u00e9terminer, ce pi\u00e9ton a \u00e9t\u00e9 renvers\u00e9 par un v\u00e9hicule \u00e0 l\u2019int\u00e9rieur duquel se trouvaient le conducteur et un passager.<\/p>\n<p class=\" wall-content\">\u00ab\u00a0Rapidement sur place, les secours ont pris en charge trois victimes dont le pi\u00e9ton <strong>se trouvant en arr\u00eat cardio-respiratoire<\/strong>\u00ab\u00a0, indique le SDIS 31.<\/p>\n<p>\u00ab\u00a0En urgence absolue\u00a0\u00bb<\/p>\n<p class=\" wall-content\">Le pi\u00e9ton a \u00e9t\u00e9<strong> transport\u00e9 \u00ab\u00a0en urgence absolue\u00a0\u00bb<\/strong> aux urgences de Purpan par les pompiers et une \u00e9quipe du Samu 31.<\/p>\n<p class=\" wall-content\">Les deux autres victimes ont \u00e9t\u00e9 transport\u00e9es en urgence relative sur les urgences.<\/p>\n<p>Vid\u00e9os : en ce moment sur Actu<\/p>\n<p class=\" wall-content\">La circulation a \u00e9t\u00e9 totalement interrompue par la police nationale et la police municipale pour permettre aux secours d\u2019intervenir. Treize pompiers appuy\u00e9s par cinq v\u00e9hicules \u00e9taient pr\u00e9sents sur place.\u00a0<\/p>\n<p>    <a href=\"https:\/\/www.google.com\/maps\/embed?pb=!1m18!1m12!1m3!1d95107.05450380946!2d1.3996760239853054!3d43.63806252087296!2m3!1f0!2f0!3f0!3m2!1i1024!2i768!4f13.1!3m3!1m2!1s0x12aeb1ccb902cdd1%3A0xe48aad86044b02b4!2sD82%2C%2031770%20Colomiers!5e0!3m2!1sfr!2sfr!4v1760549490441!5m2!1sfr!2sfr\" title=\"Ouvrie le lien\" rel=\"nofollow noopener\" target=\"_blank\">Cliquez ici pour visualiser le contenu<\/a><\/p>\n<p class=\" wall-content\">Personnalisez votre actualit\u00e9 en ajoutant vos villes et m\u00e9dias en favori avec <a href=\"https:\/\/moncompte.actu.fr\" title=\"D\u00e9couvez Mon Actu\" rel=\"nofollow noopener\" data-trk=\"{&quot;cta&quot;:{&quot;action&quot;:&quot;https:\\\/\\\/moncompte.actu.fr&quot;,&quot;category&quot;:&quot;mon compte&quot;,&quot;from&quot;:&quot;article footer&quot;,&quot;name&quot;:&quot;Mon actu&quot;,&quot;type&quot;:&quot;cta&quot;}}\" target=\"_blank\">Mon Actu<\/a>.<\/p>\n","protected":false},"excerpt":{"rendered":"Par David Saint-Sernin Publi\u00e9 le 15 oct. 2025 \u00e0 20h26 Mercredi 15 octobre 2025, un grave accident de&hellip;\n","protected":false},"author":2,"featured_media":465569,"comment_status":"","ping_status":"","sticky":false,"template":"","format":"standard","meta":{"footnotes":""},"categories":[2816],"tags":[1111,11,1777,674,1011,27,12,2680,1072,1311,25,104,2312],"class_list":{"0":"post-465568","1":"post","2":"type-post","3":"status-publish","4":"format-standard","5":"has-post-thumbnail","7":"category-toulouse","8":"tag-actu","9":"tag-actualites","10":"tag-eu","11":"tag-europe","12":"tag-fr","13":"tag-france","14":"tag-news","15":"tag-occitanie","16":"tag-police","17":"tag-pompiers","18":"tag-republique-francaise","19":"tag-societe","20":"tag-toulouse"},"share_on_mastodon":{"url":"https:\/\/pubeurope.com\/@fr\/115379688258456412","error":""},"_links":{"self":[{"href":"https:\/\/www.europesays.com\/fr\/wp-json\/wp\/v2\/posts\/465568","targetHints":{"allow":["GET"]}}],"collection":[{"href":"https:\/\/www.europesays.com\/fr\/wp-json\/wp\/v2\/posts"}],"about":[{"href":"https:\/\/www.europesays.com\/fr\/wp-json\/wp\/v2\/types\/post"}],"author":[{"embeddable":true,"href":"https:\/\/www.europesays.com\/fr\/wp-json\/wp\/v2\/users\/2"}],"replies":[{"embeddable":true,"href":"https:\/\/www.europesays.com\/fr\/wp-json\/wp\/v2\/comments?post=465568"}],"version-history":[{"count":0,"href":"https:\/\/www.europesays.com\/fr\/wp-json\/wp\/v2\/posts\/465568\/revisions"}],"wp:featuredmedia":[{"embeddable":true,"href":"https:\/\/www.europesays.com\/fr\/wp-json\/wp\/v2\/media\/465569"}],"wp:attachment":[{"href":"https:\/\/www.europesays.com\/fr\/wp-json\/wp\/v2\/media?parent=465568"}],"wp:term":[{"taxonomy":"category","embeddable":true,"href":"https:\/\/www.europesays.com\/fr\/wp-json\/wp\/v2\/categories?post=465568"},{"taxonomy":"post_tag","embeddable":true,"href":"https:\/\/www.europesays.com\/fr\/wp-json\/wp\/v2\/tags?post=465568"}],"curies":[{"name":"wp","href":"https:\/\/api.w.org\/{rel}","templated":true}]}}