{"id":465570,"date":"2025-10-15T18:51:11","date_gmt":"2025-10-15T18:51:11","guid":{"rendered":"https:\/\/www.europesays.com\/fr\/465570\/"},"modified":"2025-10-15T18:51:11","modified_gmt":"2025-10-15T18:51:11","slug":"au-museum-de-toulouse-cette-exposition-sinteresse-a-la-domestication","status":"publish","type":"post","link":"https:\/\/www.europesays.com\/fr\/465570\/","title":{"rendered":"au Mus\u00e9um de Toulouse cette exposition s&rsquo;int\u00e9resse \u00e0 la domestication"},"content":{"rendered":"<p>            Par<br \/>\n        <strong><br \/>\n            <a href=\"https:\/\/actu.fr\/auteur\/redaction-toulouse\" title=\"Consulter tous les articles de R\u00e9daction de Toulouse\" target=\"_blank\" rel=\"noopener\">R\u00e9daction de Toulouse<\/a><br \/>\n        <\/strong><\/p>\n<p>        Publi\u00e9 le<\/p>\n<p>            15 oct. 2025 \u00e0 20h03        <\/p>\n<p>Du chien, plus ancien auxiliaire des humains, au cochon d\u2019Inde, cobaye ou animal de compagnie, en passant par les cl\u00e9mentines, le pouvoir de domestiquer la nature symbolise l\u2019emprise de l\u2019homme sur la plan\u00e8te, une \u00e9pop\u00e9e multimill\u00e9naire <a href=\"https:\/\/actu.fr\/occitanie\/toulouse_31555\/domestique-moi-si-tu-peux-dans-les-coulisses-de-la-nouvelle-exposition-du-museum-de-toulouse_63197143.html\" target=\"_blank\" rel=\"noopener\">retrac\u00e9e par le Museum de Toulouse<\/a>.<\/p>\n<p>L\u2019exposition commence vendredi<\/p>\n<p class=\" wall-content\">\u00ab\u00a0On serait incapable d\u2019imaginer une vie sans esp\u00e8ces domestiques, parce que \u00e7a fait quand m\u00eame plus de 15 000 ans qu\u2019on vit comme \u00e7a. C\u2019est quelque chose qui nous constitue,<strong> la domestication est un \u00e9l\u00e9ment de la nature humaine<\/strong>\u00ab\u00a0, souligne pour l\u2019AFP Val\u00e9rie Chansigaud, historienne et commissaire scientifique de l\u2019exposition \u00ab\u00a0Domestique-moi si tu peux\u00a0\u00bb qui ouvre ses portes vendredi.<\/p>\n<p class=\" wall-content\">\u00ab\u00a0On a cr\u00e9\u00e9 un monde \u00e0 notre mesure\u00a0\u00bb, m\u00eame si parfois, on perd de vue cette r\u00e9alit\u00e9, compl\u00e8te Fabien Laty, concepteur de l\u2019exposition pour le Museum d\u2019histoire naturelle de Toulouse.<\/p>\n<p>Impact de l\u2019Homme sur le v\u00e9g\u00e9tal et l\u2019animal<\/p>\n<p class=\" wall-content\">L\u2019id\u00e9e de l\u2019exposition qui pr\u00e9sente en miroir l\u2019impact de l\u2019homme d\u2019un c\u00f4t\u00e9 sur le r\u00e8gne animal, de l\u2019autre sur le monde v\u00e9g\u00e9tal, est donc d\u2019explorer l\u2019ampleur du ph\u00e9nom\u00e8ne, pour faire \u00ab\u00a0prendre conscience\u00a0\u00bb des interd\u00e9pendances qui nous unissent \u00e0 la nature.<\/p>\n<p class=\" wall-content\">Premier des animaux \u00e0 avoir \u00e9t\u00e9 mis au service de l\u2019homme,<strong> le chien, issu de la domestication du loup gris<\/strong>, a l\u2019honneur d\u2019ouvrir le parcours. Et si le visiteur peut avoir le sentiment de tout savoir sur celui qu\u2019il croise chaque jour sur le trottoir, il d\u00e9couvrira des pans m\u00e9connus de son histoire.<\/p>\n<p>Vid\u00e9os : en ce moment sur ActuUn \u00ab\u00a0chien de manchon\u00a0\u00bb<\/p>\n<p class=\" wall-content\">Ce \u00ab\u00a0chien de manchon\u00a0\u00bb par exemple, s\u00e9lectionn\u00e9 pour sa petite taille afin de se glisser dans les manches des \u00e9l\u00e9gantes de la haute soci\u00e9t\u00e9 europ\u00e9enne du XVIIIe si\u00e8cle ou plus globalement, le fait que la profusion des races canines actuelles, vue comme immuable, ne soit en fait<strong> n\u00e9e qu\u2019autour du XIXe si\u00e8cle<\/strong>.<\/p>\n<p class=\" wall-content\">L\u2019information permet de pr\u00e9ciser ce qu\u2019est la domestication: \u00ab\u00a0un m\u00e9canisme qui consiste \u00e0 transformer une esp\u00e8ce, en s\u00e9lectionnant des traits int\u00e9ressants et en ma\u00eetrisant la reproduction de ces races\u00a0\u00bb, souligne M. Laty.<\/p>\n<p>Votre r\u00e9gion, votre actu !<\/p>\n<p>Recevez chaque jour les infos qui comptent pour vous.<\/p>\n<p>\t<a href=\"https:\/\/actu.fr\/newsletter\" class=\"ac-btn ac-btn--corner ac-btn--medium ac-btn--blue800\" target=\"_blank\" rel=\"noopener\">S&rsquo;incrire<\/a><br \/>\nUn canari, un chat, une poule, un b\u0153uf\u2026<\/p>\n<p class=\" wall-content\">L\u2019exposition s\u2019attarde sur les multiples r\u00f4les jou\u00e9s par l\u2019animal dans la vie d\u2019homo sapiens : l\u2019animal utilitaire, du canari qui alerte du coup de grisou dans les mines de charbon au cheval de trait, l\u2019animal rituel, comme le chat divinis\u00e9 <strong>par l\u2019Egypte ancienne<\/strong>, l\u2019animal nourricier \u2013 de la poule au b\u0153uf \u2013 ou \u00e9videmment l\u2019animal de compagnie, ph\u00e9nom\u00e8ne qui n\u2019a \u00e9merg\u00e9 qu\u2019\u00e0 partir du XVIe si\u00e8cle.<\/p>\n<p class=\" wall-content\">A lui seul, le<strong> cochon d\u2019Inde<\/strong> incarne toutes ces dimensions : animal de boucherie, d\u2019exp\u00e9rimentation scientifique ou compagnon pris\u00e9 dans la sph\u00e8re familiale.<\/p>\n<p>Ronronth\u00e9rapie<\/p>\n<p class=\" wall-content\">Le visiteur peut aussi se glisser dans une alc\u00f4ve pour s\u2019essayer \u00e0 la \u00ab\u00a0ronronth\u00e9rapie\u00a0\u00bb: dans la p\u00e9nombre, une banquette velue, vibrante et en fonds sonore, le ronronnement d\u2019un chat.<\/p>\n<p class=\" wall-content\">\u00ab\u00a0Il y a des chercheurs, des v\u00e9t\u00e9rinaires, qui s\u2019int\u00e9ressen<strong>t au pouvoir b\u00e9n\u00e9fique de ces basses fr\u00e9quences<\/strong>\u00ab\u00a0, rappelle le responsable de l\u2019exposition.<\/p>\n<p>Animaux stars<\/p>\n<p class=\" wall-content\">Au d\u00e9tour des murs color\u00e9s, le regard est attir\u00e9 par des portraits d\u2019animaux un peu particuliers: \u00ab\u00a0Jack\u00a0\u00bb, la dinde graci\u00e9e par le fils d\u2019Abraham Lincoln qui donnera naissance au rituel de \u00ab\u00a0Thanksgiving\u00a0\u00bb, \u00ab\u00a0F\u00e9licette\u00a0\u00bb, la premi\u00e8re chatte envoy\u00e9e dans l\u2019espace en 1963 par une \u00e9quipe scientifique fran\u00e7aise, ou encore\u2026 \u00ab\u00a0Max\u00a0\u00bb, le cochon nain du Vietnam qui a longtemps partag\u00e9 la vie de <strong>Georges Clooney<\/strong>.<\/p>\n<p>Cl\u00e9mentines et ananas rose<\/p>\n<p class=\" wall-content\">Du c\u00f4t\u00e9 des v\u00e9g\u00e9taux, l\u2019emprise humaine est aussi forte, \u00e0 coup de mutations g\u00e9n\u00e9tiques, de cr\u00e9ations d\u2019esp\u00e8ces, comme les cl\u00e9mentines, n\u00e9es d\u2019un m\u00e9lange d\u2019oranges et de mandarines cr\u00e9\u00e9 par un abb\u00e9 fran\u00e7ais en Alg\u00e9rie au d\u00e9but du XXe si\u00e8cle.\u00a0<strong>Et la past\u00e8que sans p\u00e9pins<\/strong> et cet \u00e9tonnant ananas \u00e0 la chair rose, con\u00e7u pour une marque agroalimentaire am\u00e9ricaine\u2026<\/p>\n<p class=\" wall-content\"><strong>Buffet factice<\/strong><\/p>\n<p class=\" wall-content\">Un buffet factice de petit-d\u00e9jeuner, au carrefour des deux pans, animal et v\u00e9g\u00e9tal, de l\u2019exposition, r\u00e9sume : seule la carafe d\u2019eau n\u2019est pas issue de la domestication. \u00ab\u00a0On a un impact tellement grand (\u2026) qu\u2019il n\u2019y a plus d\u2019esp\u00e8ces non affect\u00e9es par l\u2019\u00eatre humain\u00a0\u00bb sur la plan\u00e8te, rappelle Val\u00e9rie Chansigaud.<\/p>\n<p class=\" wall-content\">Et l\u2019exposition cherche \u00e0 \u00ab\u00a0ouvrir le regard (\u2026) que l\u2019on se dise \u2018ah oui, quand je vois maintenant autour de moi, je ne vois plus le monde de la m\u00eame fa\u00e7on&rsquo;\u00a0\u00bb.<\/p>\n<p class=\" wall-content\"><strong>Avec AFP<\/strong><\/p>\n<p class=\" wall-content\">Personnalisez votre actualit\u00e9 en ajoutant vos villes et m\u00e9dias en favori avec <a href=\"https:\/\/moncompte.actu.fr\" title=\"D\u00e9couvez Mon Actu\" rel=\"nofollow noopener\" data-trk=\"{&quot;cta&quot;:{&quot;action&quot;:&quot;https:\\\/\\\/moncompte.actu.fr&quot;,&quot;category&quot;:&quot;mon compte&quot;,&quot;from&quot;:&quot;article footer&quot;,&quot;name&quot;:&quot;Mon actu&quot;,&quot;type&quot;:&quot;cta&quot;}}\" target=\"_blank\">Mon Actu<\/a>.<\/p>\n","protected":false},"excerpt":{"rendered":"Par R\u00e9daction de Toulouse Publi\u00e9 le 15 oct. 2025 \u00e0 20h03 Du chien, plus ancien auxiliaire des humains,&hellip;\n","protected":false},"author":2,"featured_media":465571,"comment_status":"","ping_status":"","sticky":false,"template":"","format":"standard","meta":{"footnotes":""},"categories":[2816],"tags":[1111,11,1777,674,1349,1011,27,1652,12,2680,25,1341,2312],"class_list":{"0":"post-465570","1":"post","2":"type-post","3":"status-publish","4":"format-standard","5":"has-post-thumbnail","7":"category-toulouse","8":"tag-actu","9":"tag-actualites","10":"tag-eu","11":"tag-europe","12":"tag-expositions","13":"tag-fr","14":"tag-france","15":"tag-loisirs-culture","16":"tag-news","17":"tag-occitanie","18":"tag-republique-francaise","19":"tag-sortir-a-toulouse","20":"tag-toulouse"},"share_on_mastodon":{"url":"https:\/\/pubeurope.com\/@fr\/115379692193319535","error":""},"_links":{"self":[{"href":"https:\/\/www.europesays.com\/fr\/wp-json\/wp\/v2\/posts\/465570","targetHints":{"allow":["GET"]}}],"collection":[{"href":"https:\/\/www.europesays.com\/fr\/wp-json\/wp\/v2\/posts"}],"about":[{"href":"https:\/\/www.europesays.com\/fr\/wp-json\/wp\/v2\/types\/post"}],"author":[{"embeddable":true,"href":"https:\/\/www.europesays.com\/fr\/wp-json\/wp\/v2\/users\/2"}],"replies":[{"embeddable":true,"href":"https:\/\/www.europesays.com\/fr\/wp-json\/wp\/v2\/comments?post=465570"}],"version-history":[{"count":0,"href":"https:\/\/www.europesays.com\/fr\/wp-json\/wp\/v2\/posts\/465570\/revisions"}],"wp:featuredmedia":[{"embeddable":true,"href":"https:\/\/www.europesays.com\/fr\/wp-json\/wp\/v2\/media\/465571"}],"wp:attachment":[{"href":"https:\/\/www.europesays.com\/fr\/wp-json\/wp\/v2\/media?parent=465570"}],"wp:term":[{"taxonomy":"category","embeddable":true,"href":"https:\/\/www.europesays.com\/fr\/wp-json\/wp\/v2\/categories?post=465570"},{"taxonomy":"post_tag","embeddable":true,"href":"https:\/\/www.europesays.com\/fr\/wp-json\/wp\/v2\/tags?post=465570"}],"curies":[{"name":"wp","href":"https:\/\/api.w.org\/{rel}","templated":true}]}}