{"id":465582,"date":"2025-10-15T18:57:15","date_gmt":"2025-10-15T18:57:15","guid":{"rendered":"https:\/\/www.europesays.com\/fr\/465582\/"},"modified":"2025-10-15T18:57:15","modified_gmt":"2025-10-15T18:57:15","slug":"le-film-joyeux-noel-a-redonne-leur-place-a-ces-oublies-de-lhistoire","status":"publish","type":"post","link":"https:\/\/www.europesays.com\/fr\/465582\/","title":{"rendered":"le film Joyeux No\u00ebl a \u00ab\u00a0redonn\u00e9 leur place \u00e0 ces oubli\u00e9s de l\u2019Histoire\u00a0\u00bb"},"content":{"rendered":"<p>Les mains de deux soldats ennemis qui se serrent dans un soudain \u00e9lan de fraternit\u00e9. Et au-dessus de l\u2019image en gros plan, cette phrase\u00a0: \u00ab\u00a0D\u00e9cembre\u00a01914. Une histoire vraie que l\u2019Histoire a oubli\u00e9e.\u00a0\u00bb L\u2019affiche du film Joyeux No\u00ebl occupe le vaste \u00e9cran de l\u2019Institut Lumi\u00e8re ce mercredi apr\u00e8s-midi en attendant la projection du film programm\u00e9 dans le cadre de la 17e \u00a0\u00e9dition du Festival Lumi\u00e8re.<\/p>\n<p>Une s\u00e9ance \u00e0 la saveur toute particuli\u00e8re puisqu\u2019elle est pr\u00e9sent\u00e9e par son r\u00e9alisateur, Christian Carion, venu en voisin de Caluire, et l\u2019un des acteurs du film, <a href=\"https:\/\/www.leprogres.fr\/p\/dany-boon\" target=\"_blank\" rel=\"noopener\">Dany Boon<\/a>.<\/p>\n<p>Une histoire occult\u00e9e<\/p>\n<p>Les deux hommes&#8230;<\/p>\n","protected":false},"excerpt":{"rendered":"Les mains de deux soldats ennemis qui se serrent dans un soudain \u00e9lan de fraternit\u00e9. Et au-dessus de&hellip;\n","protected":false},"author":2,"featured_media":465583,"comment_status":"","ping_status":"","sticky":false,"template":"","format":"standard","meta":{"footnotes":""},"categories":[1889],"tags":[1111,11,2430,650,1687,2757,1777,674,34755,1011,27,2428,2756,12,25],"class_list":{"0":"post-465582","1":"post","2":"type-post","3":"status-publish","4":"format-standard","5":"has-post-thumbnail","7":"category-lyon","8":"tag-actu","9":"tag-actualites","10":"tag-auvergne-rhone-alpes","11":"tag-cinema","12":"tag-culture-loisirs","13":"tag-edition-lyon-villeurbanne","14":"tag-eu","15":"tag-europe","16":"tag-festival-lumiere","17":"tag-fr","18":"tag-france","19":"tag-lyon","20":"tag-lyon-bassin","21":"tag-news","22":"tag-republique-francaise"},"share_on_mastodon":{"url":"https:\/\/pubeurope.com\/@fr\/115379715613643286","error":""},"_links":{"self":[{"href":"https:\/\/www.europesays.com\/fr\/wp-json\/wp\/v2\/posts\/465582","targetHints":{"allow":["GET"]}}],"collection":[{"href":"https:\/\/www.europesays.com\/fr\/wp-json\/wp\/v2\/posts"}],"about":[{"href":"https:\/\/www.europesays.com\/fr\/wp-json\/wp\/v2\/types\/post"}],"author":[{"embeddable":true,"href":"https:\/\/www.europesays.com\/fr\/wp-json\/wp\/v2\/users\/2"}],"replies":[{"embeddable":true,"href":"https:\/\/www.europesays.com\/fr\/wp-json\/wp\/v2\/comments?post=465582"}],"version-history":[{"count":0,"href":"https:\/\/www.europesays.com\/fr\/wp-json\/wp\/v2\/posts\/465582\/revisions"}],"wp:featuredmedia":[{"embeddable":true,"href":"https:\/\/www.europesays.com\/fr\/wp-json\/wp\/v2\/media\/465583"}],"wp:attachment":[{"href":"https:\/\/www.europesays.com\/fr\/wp-json\/wp\/v2\/media?parent=465582"}],"wp:term":[{"taxonomy":"category","embeddable":true,"href":"https:\/\/www.europesays.com\/fr\/wp-json\/wp\/v2\/categories?post=465582"},{"taxonomy":"post_tag","embeddable":true,"href":"https:\/\/www.europesays.com\/fr\/wp-json\/wp\/v2\/tags?post=465582"}],"curies":[{"name":"wp","href":"https:\/\/api.w.org\/{rel}","templated":true}]}}