{"id":465594,"date":"2025-10-15T19:04:16","date_gmt":"2025-10-15T19:04:16","guid":{"rendered":"https:\/\/www.europesays.com\/fr\/465594\/"},"modified":"2025-10-15T19:04:16","modified_gmt":"2025-10-15T19:04:16","slug":"testees-par-la-russie-lotan-et-lue-cherchent-la-riposte-antidrones","status":"publish","type":"post","link":"https:\/\/www.europesays.com\/fr\/465594\/","title":{"rendered":"Test\u00e9es par la Russie, l\u2019Otan et l\u2019UE cherchent la riposte antidrones"},"content":{"rendered":"<p>L\u2019Alliance atlantique va \u00ab\u00a0mettre en \u0153uvre un certain nombre de mesures suppl\u00e9mentaires antidrones qui renforceront, \u00e9largiront et acc\u00e9l\u00e9reront notre capacit\u00e9 \u00e0 (les) contrer\u00a0\u00bb, a d\u00e9clar\u00e9 Mark Rutte, son secr\u00e9taire g\u00e9n\u00e9ral, devant la presse, \u00e0 l\u2019issue d\u2019une r\u00e9union des ministres de la D\u00e9fense de l\u2019Otan, \u00e0 Bruxelles.<\/p>\n<p>Quelques heures plus tard, les ministres de la D\u00e9fense de l\u2019UE ont discut\u00e9 de leur c\u00f4t\u00e9 d\u2019un projet de \u00ab\u00a0mur\u00a0\u00bb antidrones, pr\u00e9sent\u00e9 le mois dernier par la Commission europ\u00e9enne.<\/p>\n<p>Interrog\u00e9 sur le risque de cacophonie entre les deux institutions bruxelloises, la cheffe de la diplomatie europ\u00e9enne, Kaja Kallas, et le secr\u00e9taire g\u00e9n\u00e9ral de l\u2019Otan ont assur\u00e9 du contraire. \u00ab\u00a0Il n\u2019y a aucun risque de double emploi avec l\u2019Otan, nous nous compl\u00e9tons mutuellement\u00a0\u00bb, a-t-elle assur\u00e9, devant la presse, avant un d\u00eener de travail des ministres de l\u2019UE.<\/p>\n<p>L\u2019UE pr\u00e9pare un \u00ab mur \u00bb antidrones<\/p>\n<p>La Commission europ\u00e9enne veut rendre son \u00ab\u00a0mur\u00a0\u00bb antidrones, rebaptis\u00e9 Initiative europ\u00e9enne pour les drones, pleinement op\u00e9rationnel d\u2019ici \u00e0 2027, selon la \u00ab\u00a0feuille de route\u00a0\u00bb qu\u2019elle pr\u00e9sentera, jeudi, avant un sommet europ\u00e9en pr\u00e9vu la semaine prochaine.<\/p>\n<p>De son c\u00f4t\u00e9, l\u2019Alliance a annonc\u00e9 d\u00e9j\u00e0 tester des \u00ab\u00a0syst\u00e8mes int\u00e9gr\u00e9s\u00a0\u00bb capables de mieux \u00ab\u00a0d\u00e9tecter, suivre et neutraliser les menaces a\u00e9riennes\u00a0\u00bb, selon Mark Rutte.<\/p>\n<p>\u00ab\u00a0Nous fournirons aux nations un catalogue de solutions efficaces, qui ont fait leurs preuves\u00a0\u00bb, a expliqu\u00e9, mercredi, l\u2019amiral fran\u00e7ais Pierre Vandier, commandant supr\u00eame pour la transformation de l\u2019Otan.<\/p>\n<p>Des tests auront lieu, la semaine prochaine, dans plusieurs pays europ\u00e9ens, notamment en Estonie, selon son ministre de la D\u00e9fense, Hanno Pevkur.<\/p>\n","protected":false},"excerpt":{"rendered":"L\u2019Alliance atlantique va \u00ab\u00a0mettre en \u0153uvre un certain nombre de mesures suppl\u00e9mentaires antidrones qui renforceront, \u00e9largiront et acc\u00e9l\u00e9reront&hellip;\n","protected":false},"author":2,"featured_media":465595,"comment_status":"","ping_status":"","sticky":false,"template":"","format":"standard","meta":{"footnotes":""},"categories":[1591],"tags":[11,1782,1887,74,12,136,1885,1886,132,364],"class_list":{"0":"post-465594","1":"post","2":"type-post","3":"status-publish","4":"format-standard","5":"has-post-thumbnail","7":"category-russie","8":"tag-actualites","9":"tag-defense-nationale","10":"tag-federation-de-russie","11":"tag-monde","12":"tag-news","13":"tag-otan","14":"tag-russia","15":"tag-russian-federation","16":"tag-russie","17":"tag-union-europeenne"},"share_on_mastodon":{"url":"https:\/\/pubeurope.com\/@fr\/115379743253085099","error":""},"_links":{"self":[{"href":"https:\/\/www.europesays.com\/fr\/wp-json\/wp\/v2\/posts\/465594","targetHints":{"allow":["GET"]}}],"collection":[{"href":"https:\/\/www.europesays.com\/fr\/wp-json\/wp\/v2\/posts"}],"about":[{"href":"https:\/\/www.europesays.com\/fr\/wp-json\/wp\/v2\/types\/post"}],"author":[{"embeddable":true,"href":"https:\/\/www.europesays.com\/fr\/wp-json\/wp\/v2\/users\/2"}],"replies":[{"embeddable":true,"href":"https:\/\/www.europesays.com\/fr\/wp-json\/wp\/v2\/comments?post=465594"}],"version-history":[{"count":0,"href":"https:\/\/www.europesays.com\/fr\/wp-json\/wp\/v2\/posts\/465594\/revisions"}],"wp:featuredmedia":[{"embeddable":true,"href":"https:\/\/www.europesays.com\/fr\/wp-json\/wp\/v2\/media\/465595"}],"wp:attachment":[{"href":"https:\/\/www.europesays.com\/fr\/wp-json\/wp\/v2\/media?parent=465594"}],"wp:term":[{"taxonomy":"category","embeddable":true,"href":"https:\/\/www.europesays.com\/fr\/wp-json\/wp\/v2\/categories?post=465594"},{"taxonomy":"post_tag","embeddable":true,"href":"https:\/\/www.europesays.com\/fr\/wp-json\/wp\/v2\/tags?post=465594"}],"curies":[{"name":"wp","href":"https:\/\/api.w.org\/{rel}","templated":true}]}}