{"id":465600,"date":"2025-10-15T19:07:15","date_gmt":"2025-10-15T19:07:15","guid":{"rendered":"https:\/\/www.europesays.com\/fr\/465600\/"},"modified":"2025-10-15T19:07:15","modified_gmt":"2025-10-15T19:07:15","slug":"il-consulte-mais-cest-lia-qui-lui-detecte-la-maladie-de-lyme","status":"publish","type":"post","link":"https:\/\/www.europesays.com\/fr\/465600\/","title":{"rendered":"il consulte, mais c&rsquo;est l&rsquo;IA qui lui d\u00e9tecte la maladie de Lyme"},"content":{"rendered":"<p>Il souffrait d&rsquo;acouph\u00e8nes, de fatigue, d&rsquo;hypertension, de spasmes musculaires&#8230; mais n&rsquo;arrivait pas \u00e0 identifier la cause de tous ces maux. Un Britannique a donc eu l&rsquo;id\u00e9e d&rsquo;utiliser l&rsquo;intelligence artificielle (IA) pour d\u00e9crypter ses diff\u00e9rents sympt\u00f4mes, rapporte la <a href=\"https:\/\/www.bbc.com\/news\/articles\/crkjyrm5g1yo\" target=\"_blank\" rel=\"nofollow noopener\">BBC<\/a>.<\/p>\n<p>Et celle-ci lui sugg\u00e8re rapidement la maladie de Lyme, une infection bact\u00e9rienne transmise par les tiques. Il se trouve d&rsquo;ailleurs que l&rsquo;homme avait \u00e9t\u00e9 piqu\u00e9 trois ans auparavant, par une tique rapport\u00e9e par son chat. Un test effectu\u00e9 apr\u00e8s la conclusion de l&rsquo;IA a depuis confirm\u00e9 le diagnostic.<\/p>\n<p>\u00ab J&rsquo;avais l&rsquo;impression d&rsquo;\u00eatre hypocondriaque\u00a0\u00bb<\/p>\n<p>L&rsquo;homme avait auparavant consult\u00e9 plusieurs m\u00e9decins, et ceux-ci avaient parl\u00e9 &#8211; entre autres &#8211; d&rsquo;anxi\u00e9t\u00e9. Mais cela ne satisfaisait pas le malade\u00a0: \u00ab J&rsquo;avais l&rsquo;impression d&rsquo;\u00eatre hypocondriaque [&#8230;], que personne ne voulait me comprendre\u00a0\u00bb, raconte le Britannique \u00e0 la BBC.<\/p>\n<p>Le Britannique, consultant en informatique, a pu orienter au mieux les recherches de l&rsquo;IA, en lui intimant notamment de ne consulter que des ressources m\u00e9dicales v\u00e9rifi\u00e9es. Et de mani\u00e8re g\u00e9n\u00e9rale, mieux vaut consulter un m\u00e9decin plut\u00f4t que de s&rsquo;autodiagnostiquer, rappellent les professionnels de sant\u00e9.<\/p>\n<p>Pour rappel, si vous avez \u00e9t\u00e9 mordu par une tique, enlevez-la le plus vite possible. Car si elle est infect\u00e9e par la bact\u00e9rie borrelia, le risque de transmission de cette bact\u00e9rie responsable de la maladie de Lyme augmente avec la dur\u00e9e de contact de la tique avec votre peau.<\/p>\n","protected":false},"excerpt":{"rendered":"Il souffrait d&rsquo;acouph\u00e8nes, de fatigue, d&rsquo;hypertension, de spasmes musculaires&#8230; mais n&rsquo;arrivait pas \u00e0 identifier la cause de tous&hellip;\n","protected":false},"author":2,"featured_media":465601,"comment_status":"","ping_status":"","sticky":false,"template":"","format":"standard","meta":{"footnotes":""},"categories":[1588],"tags":[11,1867,1777,674,107,329,12,473,1853,71,767,104,1851,1850,1852],"class_list":{"0":"post-465600","1":"post","2":"type-post","3":"status-publish","4":"format-standard","5":"has-post-thumbnail","7":"category-royaume-uni","8":"tag-actualites","9":"tag-animaux","10":"tag-eu","11":"tag-europe","12":"tag-fil-info","13":"tag-france-monde","14":"tag-news","15":"tag-royaume-uni","16":"tag-royaume-uni-de-grande-bretagne-et-dirlande-du-nord","17":"tag-sante","18":"tag-science-et-technologie","19":"tag-societe","20":"tag-uk","21":"tag-united-kingdom","22":"tag-united-kingdom-of-great-britain-and-northern-ireland"},"share_on_mastodon":{"url":"https:\/\/pubeurope.com\/@fr\/115379755046010941","error":""},"_links":{"self":[{"href":"https:\/\/www.europesays.com\/fr\/wp-json\/wp\/v2\/posts\/465600","targetHints":{"allow":["GET"]}}],"collection":[{"href":"https:\/\/www.europesays.com\/fr\/wp-json\/wp\/v2\/posts"}],"about":[{"href":"https:\/\/www.europesays.com\/fr\/wp-json\/wp\/v2\/types\/post"}],"author":[{"embeddable":true,"href":"https:\/\/www.europesays.com\/fr\/wp-json\/wp\/v2\/users\/2"}],"replies":[{"embeddable":true,"href":"https:\/\/www.europesays.com\/fr\/wp-json\/wp\/v2\/comments?post=465600"}],"version-history":[{"count":0,"href":"https:\/\/www.europesays.com\/fr\/wp-json\/wp\/v2\/posts\/465600\/revisions"}],"wp:featuredmedia":[{"embeddable":true,"href":"https:\/\/www.europesays.com\/fr\/wp-json\/wp\/v2\/media\/465601"}],"wp:attachment":[{"href":"https:\/\/www.europesays.com\/fr\/wp-json\/wp\/v2\/media?parent=465600"}],"wp:term":[{"taxonomy":"category","embeddable":true,"href":"https:\/\/www.europesays.com\/fr\/wp-json\/wp\/v2\/categories?post=465600"},{"taxonomy":"post_tag","embeddable":true,"href":"https:\/\/www.europesays.com\/fr\/wp-json\/wp\/v2\/tags?post=465600"}],"curies":[{"name":"wp","href":"https:\/\/api.w.org\/{rel}","templated":true}]}}