{"id":465602,"date":"2025-10-15T19:08:10","date_gmt":"2025-10-15T19:08:10","guid":{"rendered":"https:\/\/www.europesays.com\/fr\/465602\/"},"modified":"2025-10-15T19:08:10","modified_gmt":"2025-10-15T19:08:10","slug":"un-tribunal-italien-bloque-lextradition-dun-ukrainien-vers-lallemagne","status":"publish","type":"post","link":"https:\/\/www.europesays.com\/fr\/465602\/","title":{"rendered":"un tribunal italien bloque l&rsquo;extradition d&rsquo;un Ukrainien vers l&rsquo;Allemagne"},"content":{"rendered":"<p>\n    Les m\u00e9dias locaux ont rapport\u00e9 que la Cour de cassation a invers\u00e9 la d\u00e9cision d\u2019une cour d\u2019appel renvoyant l\u2019affaire impliquant Serhii Kuznietsov \u00e0 un nouveau tribunal pour examen.<\/p>\n<p class=\"fig-paragraph\">La plus haute cour d&rsquo;Italie a bloqu\u00e9 mercredi l&rsquo;<a href=\"http:\/\/www.lefigaro.fr\/international\/dubai-un-homme-vise-par-un-mandat-d-arret-depuis-trois-ans-pour-blanchiment-d-argent-extrade-vers-la-france-20250919\" data-fig-type=\"NewsFlash\" data-gtm-custom-categorie=\"navigation\" data-gtm-custom-action=\"crossclick\" data-gtm-custom-label=\"Contextuel\" data-gtm-event=\"customEventSPE\" data-fig-domain=\"LEFIGARO\" target=\"_blank\" rel=\"noopener\">extradition<\/a>\u00a0vers l&rsquo;Allemagne d&rsquo;un Ukrainien arr\u00eat\u00e9 en lien avec le sabotage en 2022 du<a href=\"http:\/\/www.lefigaro.fr\/international\/sabotage-de-nord-stream-un-suspect-interpelle-en-pologne-20250930\" data-fig-type=\"NewsFlash\" data-gtm-custom-categorie=\"navigation\" data-gtm-custom-action=\"crossclick\" data-gtm-custom-label=\"Contextuel\" data-gtm-event=\"customEventSPE\" data-fig-domain=\"LEFIGARO\" target=\"_blank\" rel=\"noopener\">\u00a0gazoduc Nord Stream<\/a>\u00a0reliant la Russie \u00e0 l&rsquo;Europe occidentale, ont rapport\u00e9 des m\u00e9dias locaux.<\/p>\n<p class=\"fig-paragraph\">La Cour de cassation a invers\u00e9 la d\u00e9cision d&rsquo;une cour d&rsquo;appel, renvoyant l&rsquo;affaire impliquant Serhii Kuznietsov &#8211; accus\u00e9 de participation \u00e0 une cellule ayant plac\u00e9 des explosifs sur le gazoduc sous-marins dans la Baltique en septembre 2022 &#8211; \u00e0 un nouveau tribunal pour examen, selon ces m\u00e9dias.<\/p>\n","protected":false},"excerpt":{"rendered":"Les m\u00e9dias locaux ont rapport\u00e9 que la Cour de cassation a invers\u00e9 la d\u00e9cision d\u2019une cour d\u2019appel renvoyant&hellip;\n","protected":false},"author":2,"featured_media":465603,"comment_status":"","ping_status":"","sticky":false,"template":"","format":"standard","meta":{"footnotes":""},"categories":[1587],"tags":[11,672,1804,1805,1803,1777,674,32714,1801,12,47192,1802],"class_list":{"0":"post-465602","1":"post","2":"type-post","3":"status-publish","4":"format-standard","5":"has-post-thumbnail","7":"category-allemagne","8":"tag-actualites","9":"tag-allemagne","10":"tag-bundesrepublik-deutschland","11":"tag-de","12":"tag-deutschland","13":"tag-eu","14":"tag-europe","15":"tag-extradition","16":"tag-germany","17":"tag-news","18":"tag-nord-stream","19":"tag-republique-federale-dallemagne"},"share_on_mastodon":{"url":"https:\/\/pubeurope.com\/@fr\/115379758934564503","error":""},"_links":{"self":[{"href":"https:\/\/www.europesays.com\/fr\/wp-json\/wp\/v2\/posts\/465602","targetHints":{"allow":["GET"]}}],"collection":[{"href":"https:\/\/www.europesays.com\/fr\/wp-json\/wp\/v2\/posts"}],"about":[{"href":"https:\/\/www.europesays.com\/fr\/wp-json\/wp\/v2\/types\/post"}],"author":[{"embeddable":true,"href":"https:\/\/www.europesays.com\/fr\/wp-json\/wp\/v2\/users\/2"}],"replies":[{"embeddable":true,"href":"https:\/\/www.europesays.com\/fr\/wp-json\/wp\/v2\/comments?post=465602"}],"version-history":[{"count":0,"href":"https:\/\/www.europesays.com\/fr\/wp-json\/wp\/v2\/posts\/465602\/revisions"}],"wp:featuredmedia":[{"embeddable":true,"href":"https:\/\/www.europesays.com\/fr\/wp-json\/wp\/v2\/media\/465603"}],"wp:attachment":[{"href":"https:\/\/www.europesays.com\/fr\/wp-json\/wp\/v2\/media?parent=465602"}],"wp:term":[{"taxonomy":"category","embeddable":true,"href":"https:\/\/www.europesays.com\/fr\/wp-json\/wp\/v2\/categories?post=465602"},{"taxonomy":"post_tag","embeddable":true,"href":"https:\/\/www.europesays.com\/fr\/wp-json\/wp\/v2\/tags?post=465602"}],"curies":[{"name":"wp","href":"https:\/\/api.w.org\/{rel}","templated":true}]}}