{"id":465608,"date":"2025-10-15T19:11:12","date_gmt":"2025-10-15T19:11:12","guid":{"rendered":"https:\/\/www.europesays.com\/fr\/465608\/"},"modified":"2025-10-15T19:11:12","modified_gmt":"2025-10-15T19:11:12","slug":"les-requisitions-sont-tombees-30-ans-de-prison-demandes-contre-cedric-jubillar","status":"publish","type":"post","link":"https:\/\/www.europesays.com\/fr\/465608\/","title":{"rendered":"les r\u00e9quisitions sont tomb\u00e9es, 30 ans de prison demand\u00e9s contre C\u00e9dric Jubillar"},"content":{"rendered":"<p>            Par<br \/>\n        <strong><br \/>\n            <a href=\"https:\/\/actu.fr\/auteur\/redaction-toulouse\" title=\"Consulter tous les articles de R\u00e9daction de Toulouse\" target=\"_blank\" rel=\"noopener\">R\u00e9daction de Toulouse<\/a><br \/>\n        <\/strong><\/p>\n<p>        Publi\u00e9 le<\/p>\n<p>            15 oct. 2025 \u00e0 18h32<br \/>\n        ; mis \u00e0 jour le 15 oct. 2025 \u00e0 18h36    <\/p>\n<p>La fin du<strong><a href=\"https:\/\/actu.fr\/tag\/affaire-delphine-jubillar\" target=\"_blank\" rel=\"noopener\"> proc\u00e8s Jubillar<\/a>,<\/strong> qui s\u2019est ouvert le 22\u00a0septembre 2025 aux assises d\u2019Albi (Tarn), est proche. Et dans son box, <strong>C\u00e9dric Jubillar, accus\u00e9 du meurtre de sa femme Delphine<\/strong> dans la nuit du 15 au 16 d\u00e9cembre 2020, reste toujours impassible. <a href=\"https:\/\/actu.fr\/occitanie\/albi_81004\/proces-jubillar-une-anguille-insaisissable-face-a-un-ange-sans-tombeau-l-analyse-edifiante-de-cet-avocat_63298776.html\" target=\"_blank\" rel=\"noopener\">\u00ab\u2009Absent de son proc\u00e8s\u2009\u00bb, commentait m\u00eame Me De Caunes<\/a>, l\u2019un des avocats des parties civiles, dont les plaidoiries se sont termin\u00e9es ce mercredi 15\u00a0octobre 2025 matin.<\/p>\n<p class=\" wall-content\">Pourtant, ce mercredi apr\u00e8s-midi, C\u00e9dric Jubillar doit affronter la peine qui lui est requise par les deux<a href=\"https:\/\/actu.fr\/occitanie\/albi_81004\/proces-jubillar-jour-4-avocats-generaux-furieux-art-de-la-telephonie-chien-pisteur-ce-qu-on-retient_63212841.html\" target=\"_blank\" rel=\"noopener\"> avocats g\u00e9n\u00e9raux Pierre Aurignac et Nicolas Ruff<\/a>, tous deux ayant appel\u00e9 \u00e0 sa condamnation.<\/p>\n<p>30 ans de r\u00e9clusion criminelle requis<\/p>\n<p class=\" wall-content\">Pour eux, la r\u00e9clusion criminelle \u00e0 perp\u00e9tuit\u00e9 ne doit \u00eatre r\u00e9serv\u00e9e qu\u2019\u00e0 des r\u00e9cidivistes. L\u2019accus\u00e9 n\u2019en est pas un. \u00ab\u00a0C\u2019est un enfant bless\u00e9, maltrait\u00e9, un homme qui a maltrait\u00e9 son \u00e9pouse, un homme qui a tu\u00e9, qui s\u2019en vante et insulte la m\u00e9moire de celle qu\u2019il a supprim\u00e9e.\u00a0\u00bb C\u00e9dric Jubillar \u00ab\u00a0ne rendra jamais Delphine\u00a0\u00bb, il a fait en sorte qu\u2019elle \u00ab\u00a0ne soit plus rien, ni vivante, ni morte\u00a0\u00bb. Tout cela appelle \u00ab\u00a0une r\u00e9ponse p\u00e9nale extr\u00eamement forte\u00a0\u00bb.\u00a0<\/p>\n<p class=\" wall-content\">Les avocats g\u00e9n\u00e9raux requi\u00e8rent donc <strong>30 ans de r\u00e9clusion criminelle<\/strong> contre C\u00e9dric Jubillar, pour avoir tu\u00e9 sa femme et la m\u00e8re de ses enfants. En compl\u00e9ment, ils demandent le retrait de son autorit\u00e9 parentale lors de l\u2019audience civile.\u00a0<\/p>\n<p class=\" wall-content\">C\u2019est ce qui a \u00e9t\u00e9 annonc\u00e9 au terme d\u2019un long r\u00e9quisitoire, durant lequel les avocats n\u2019ont pas m\u00e2ch\u00e9 leurs mots sur la <a href=\"https:\/\/actu.fr\/occitanie\/albi_81004\/proces-jubillar-la-journee-va-etre-consacree-aux-plaidoiries-des-avocats-des-proches-de-delphine_63295750.html\" target=\"_blank\" rel=\"noopener\">culpabilit\u00e9 de l\u2019accus\u00e9<\/a>.\u00a0<\/p>\n<p>\u00ab\u00a0Au bout du chemin, je n\u2019ai aucun doute\u00a0\u00bb<\/p>\n<p class=\" wall-content\">Pour comprendre ce qui motive ces r\u00e9quisitions, il faut revenir sur les discours des deux avocats g\u00e9n\u00e9raux. \u00ab\u00a0La d\u00e9tention, je la connais\u00a0\u00bb, a d\u2019abord avanc\u00e9 Nicolas Ruff, \u00e9galement vice-procureur de la R\u00e9publique pr\u00e8s la cour d\u2019appel de Toulouse. <strong>\u00ab\u00a0La d\u00e9tention, j\u2019y vais le jour, j\u2019y vais la nuit. Je d\u00e9teste l\u2019odeur de cet endroit.\u00a0\u00bb<\/strong> Lui qui a choisi de plaider pendant deux heures \u00ab\u00a0dans l\u2019ar\u00e8ne\u00a0\u00bb \u2013 \u00e0 hauteur des jur\u00e9s, plut\u00f4t que sur le promontoire d\u00e9di\u00e9 au minist\u00e8re public \u2013 sait le sort qu\u2019il veut r\u00e9server \u00e0 C\u00e9dric Jubillar. Mais il en est s\u00fbr, tout converge vers l\u2019accus\u00e9.<\/p>\n<p>Vid\u00e9os : en ce moment sur Actu<\/p>\n<p class=\" wall-content\">\u00ab\u00a0L\u2019absence de corps, on s\u2019en servira pour cr\u00e9er le doute, soutient Nicolas Ruff. Mais est-ce <strong>qu\u2019effacer un cadavre<\/strong> doit conduire \u00e0 \u00e9chapper \u00e0 toute forme de responsabilit\u00e9 ?\u00a0\u00bb Et puis pour lui, il y a bien eu une sc\u00e8ne de crime : c\u2019est la maison, c\u2019est le jardin, c\u2019est la voiture. Il \u00e9gr\u00e8ne ensuite tous les indices qui forment le fameux faisceau. Avant de conclure.<\/p>\n<p class=\" wall-content\">\u00ab\u00a0Moi au bout du chemin <strong>je n\u2019ai aucun doute<\/strong> sur le fait que Delphine Aussaguel est morte ce soir-l\u00e0, sur le fait que C\u00e9dric Jubillar a d\u00e9truit les lunettes de Delphine Aussaguel ce soir-l\u00e0. Je n\u2019ai aucun doute sur le fait <strong>que c\u2019est C\u00e9dric Jubillar qui l\u2019a tu\u00e9e<\/strong> parce que c\u2019est lui qui a utilis\u00e9 ce v\u00e9hicule, lui qui a d\u00e9verrouill\u00e9 son t\u00e9l\u00e9phone. Il est coupable, j\u2019assume les cons\u00e9quences de ces mots qui accusent, en esp\u00e9rant vous convaincre de condamner C\u00e9dric Jubillar pour le meurtre de Delphine Aussaguel.\u00a0\u00bb<\/p>\n<p>Votre r\u00e9gion, votre actu !<\/p>\n<p>Recevez chaque jour les infos qui comptent pour vous.<\/p>\n<p>\t<a href=\"https:\/\/actu.fr\/newsletter\" class=\"ac-btn ac-btn--corner ac-btn--medium ac-btn--blue800\" target=\"_blank\" rel=\"noopener\">S&rsquo;incrire<\/a><br \/>\n\u00ab\u00a0Un homme seul contre tous\u00a0\u00bb<\/p>\n<p class=\" wall-content\">Dans sa traditionnelle robe rouge, l\u2019avocat g\u00e9n\u00e9ral Pierre Aurignac a livr\u00e9 \u00e0 son tour un discours qu\u2019il a voulu tout aussi accablant. \u00ab\u00a0Nous ne devons aucune piti\u00e9 \u00e0 l\u2019accus\u00e9, aucune compassion aux victimes. Nous ne leur devons qu\u2019une seule chose : justice.\u00a0\u00bb Il a repris les conclusions de son confr\u00e8re : C\u00e9dric Jubillar est coupable. Pour convaincre les jur\u00e9s et prouver que les autres pistes sont des cul-de-sacs, il se lance ensuite dans une <strong>d\u00e9monstration par l\u2019absurde<\/strong>.\u00a0<\/p>\n<p class=\" wall-content\">S\u2019il devait lui-m\u00eame proposer un alibi le soir du meurtre, il n\u2019en aurait aucun !, et puis, peut-\u00eatre le corps de Delphine se trouve-t-il dans une maison voisine, qui n\u2019aurait pas \u00e9t\u00e9 fouill\u00e9e ? L\u2019exercice est risqu\u00e9, provoque quelques incompr\u00e9hensions dans la salle, mais les \u00e9l\u00e9ments du dossier qui pourraient prouver l\u2019innocence de l\u2019accus\u00e9\u00a0finissent toujours par <strong>se transformer en indices \u00e0 charge. <\/strong><\/p>\n<p class=\" wall-content\">\u00ab\u00a0Le crime parfait attendra\u00a0\u00bb, tonne l\u2019avocat g\u00e9n\u00e9ral en reprenant la phrase qu\u2019aurait l\u00e2ch\u00e9e l\u2019accus\u00e9 \u00e0 ses co-d\u00e9tenus. \u00ab\u00a0Le crime parfait n\u2019est pas celui dans lequel on ne retrouve pas la victime, c\u2019est celui dans lequel l\u2019accus\u00e9 n\u2019est pas condamn\u00e9, et vous allez \u00eatre condamn\u00e9 monsieur Jubillar.\u00a0\u00bb<\/p>\n<p>Verdict attendu vendredi<\/p>\n<p class=\" wall-content\">Sur la base de ce r\u00e9quisitoire, <strong>les avocats de l\u2019accus\u00e9, Mes Franck et Martin<\/strong>, devront alors adapter leurs plaidoiries. Elles d\u00e9marreront d\u00e8s demain, jeudi 16\u00a0octobre 2025. \u00c0 la veille des derniers mots que pourra prononcer, s\u2019il le souhaite, C\u00e9dric Jubillar face aux six jur\u00e9s, la pr\u00e9sidente du tribunal et les deux assesseurs. La Cour se retirera ensuite pour d\u00e9lib\u00e9rer. Que d\u00e9cidera-t-elle\u2009? Les jur\u00e9s iront-ils dans le sens de l\u2019accusation ou de la d\u00e9fense\u2009?<\/p>\n<p class=\" wall-content\">L\u2019attitude de C\u00e9dric Jubillar durant son proc\u00e8s lui fera-t-elle d\u00e9faut\u2009? Ses avocats r\u00e9ussiront-ils \u00e0 les convaincre de son innocence, qu\u2019il n\u2019a eu de cesse de clamer\u2009? Quelle sera l\u2019issue de cette affaire sans corps, sans sc\u00e8ne de crime et sans aveux\u2009? <strong>Verdict attendu vendredi 17\u00a0octobre.<\/strong><\/p>\n<p class=\" wall-content\"><strong>Mar\u00e9va Laville et Ana\u00eblle Montagne<\/strong><\/p>\n<p class=\" wall-content\">Personnalisez votre actualit\u00e9 en ajoutant vos villes et m\u00e9dias en favori avec <a href=\"https:\/\/moncompte.actu.fr\" title=\"D\u00e9couvez Mon Actu\" rel=\"nofollow noopener\" data-trk=\"{&quot;cta&quot;:{&quot;action&quot;:&quot;https:\\\/\\\/moncompte.actu.fr&quot;,&quot;category&quot;:&quot;mon compte&quot;,&quot;from&quot;:&quot;article footer&quot;,&quot;name&quot;:&quot;Mon actu&quot;,&quot;type&quot;:&quot;cta&quot;}}\" target=\"_blank\">Mon Actu<\/a>.<\/p>\n","protected":false},"excerpt":{"rendered":"Par R\u00e9daction de Toulouse Publi\u00e9 le 15 oct. 2025 \u00e0 18h32 ; mis \u00e0 jour le 15 oct.&hellip;\n","protected":false},"author":2,"featured_media":465609,"comment_status":"","ping_status":"","sticky":false,"template":"","format":"standard","meta":{"footnotes":""},"categories":[2],"tags":[11,38151,118,1011,27,303,12,25],"class_list":{"0":"post-465608","1":"post","2":"type-post","3":"status-publish","4":"format-standard","5":"has-post-thumbnail","7":"category-actualites","8":"tag-actualites","9":"tag-affaire-delphine-jubillar","10":"tag-faits-divers","11":"tag-fr","12":"tag-france","13":"tag-justice","14":"tag-news","15":"tag-republique-francaise"},"share_on_mastodon":{"url":"https:\/\/pubeurope.com\/@fr\/115379770808960825","error":""},"_links":{"self":[{"href":"https:\/\/www.europesays.com\/fr\/wp-json\/wp\/v2\/posts\/465608","targetHints":{"allow":["GET"]}}],"collection":[{"href":"https:\/\/www.europesays.com\/fr\/wp-json\/wp\/v2\/posts"}],"about":[{"href":"https:\/\/www.europesays.com\/fr\/wp-json\/wp\/v2\/types\/post"}],"author":[{"embeddable":true,"href":"https:\/\/www.europesays.com\/fr\/wp-json\/wp\/v2\/users\/2"}],"replies":[{"embeddable":true,"href":"https:\/\/www.europesays.com\/fr\/wp-json\/wp\/v2\/comments?post=465608"}],"version-history":[{"count":0,"href":"https:\/\/www.europesays.com\/fr\/wp-json\/wp\/v2\/posts\/465608\/revisions"}],"wp:featuredmedia":[{"embeddable":true,"href":"https:\/\/www.europesays.com\/fr\/wp-json\/wp\/v2\/media\/465609"}],"wp:attachment":[{"href":"https:\/\/www.europesays.com\/fr\/wp-json\/wp\/v2\/media?parent=465608"}],"wp:term":[{"taxonomy":"category","embeddable":true,"href":"https:\/\/www.europesays.com\/fr\/wp-json\/wp\/v2\/categories?post=465608"},{"taxonomy":"post_tag","embeddable":true,"href":"https:\/\/www.europesays.com\/fr\/wp-json\/wp\/v2\/tags?post=465608"}],"curies":[{"name":"wp","href":"https:\/\/api.w.org\/{rel}","templated":true}]}}