{"id":46562,"date":"2025-04-23T12:35:08","date_gmt":"2025-04-23T12:35:08","guid":{"rendered":"https:\/\/www.europesays.com\/fr\/46562\/"},"modified":"2025-04-23T12:35:08","modified_gmt":"2025-04-23T12:35:08","slug":"un-dernier-match-pour-arsenal-avant-daffronter-le-psg","status":"publish","type":"post","link":"https:\/\/www.europesays.com\/fr\/46562\/","title":{"rendered":"Un dernier match pour Arsenal avant d&rsquo;affronter le PSG"},"content":{"rendered":"<p>\u00c0 moins d\u2019une semaine de la demi-finale aller de Ligue des<br \/>\nchampions face au PSG, Arsenal dispute un dernier match en Premier<br \/>\nLeague ce mercredi soir.<\/p>\n<p>Si le <strong>PSG<\/strong> aura encore une rencontre \u00e0 disputer<br \/>\nce vendredi avec la r\u00e9ception de <strong>l\u2019OGC Nice<\/strong> dans<br \/>\nle cadre de la <strong>31e journ\u00e9e de Ligue 1<\/strong>, son<br \/>\nadversaire en <strong>Ligue des champions<\/strong>,<br \/>\n<strong>Arsenal<\/strong>, dispute son dernier match ce soir (21h<br \/>\nsur Canal Plus Foot), avant la demi-finale aller de<br \/>\n<strong>C1<\/strong>. \u00c0 cette occasion, les Gunners<br \/>\nre\u00e7oivent <strong>Crystal Palace<\/strong> dans le cadre du match<br \/>\navanc\u00e9 de la 34e journ\u00e9e de <strong>Premier League<\/strong><br \/>\n(<strong>Crystal Palace<\/strong> dispute sa demi-finale de<br \/>\n<strong>Cup<\/strong> ce samedi). L\u2019objectif sera de conserver leur<br \/>\navance pour cette deuxi\u00e8me place. Et \u00e0 un moins d\u2019une semaine de<br \/>\ncette demi-finale aller (mardi 29 avril \u00e0 21h) de <strong>Ligue des<br \/>\nchampions<\/strong> face au <strong>PSG<\/strong> \u00e0<br \/>\n<strong>l\u2019Emirates Stadium<\/strong>, le coach <strong><a href=\"https:\/\/canal-supporters.com\/mikel-arteta-jaurais-prefere-jouer-le-match-retour-a-domicile-a-propos-darsenal-psg\/\" title=\"\" target=\"_blank\" rel=\"noopener\">Mikel Arteta<\/a><\/strong> ne compte pas adopter la m\u00eame<br \/>\ntactique que <strong>Luis Enrique<\/strong>. Si l\u2019entra\u00eeneur<br \/>\nparisien peut se permettre de g\u00e9rer le temps de jeu de son<br \/>\neffectif, l\u2019\u00e9quipe londonienne doit s\u00e9curiser sa deuxi\u00e8me place au<br \/>\nclassement.<\/p>\n<p>Trossard align\u00e9<br \/>\nen faux 9 face au PSG ?<\/p>\n<p>Ainsi, une rotation d\u2019effectif ne devrait pas \u00eatre d\u2019actualit\u00e9,<br \/>\ncomme l\u2019a indiqu\u00e9 l\u2019ancien Parisien en conf\u00e9rence de presse<br \/>\nd\u2019avant-match ce mardi. \u00ab\u00a0Quand les joueurs sont en forme<br \/>\net veulent jouer, ils doivent jouer. Ils sont \u00e0 leur meilleur<br \/>\nniveau lorsqu\u2019ils jouent et sont constants dans leurs performances.<br \/>\nPhysiquement et \u00e9motionnellement, ils sont bons, leur<br \/>\ncompr\u00e9hension, leur rythme et leurs d\u00e9cisions sont au top. S\u2019ils<br \/>\nsont en bonne condition pour jouer, nous allons les faire jouer. Il<br \/>\nfaut \u00e9quilibrer les risques et prendre des d\u00e9cisions raisonnables.<br \/>\nMais malheureusement, dans le football, vous savez, tout peut<br \/>\narriver.\u00a0\u00bb <strong>Mikel Arteta<\/strong> en a aussi<br \/>\nprofit\u00e9 pour donner des nouvelles de <strong>Bukayo Saka<\/strong>,<br \/>\nsorti sur blessure le week-end pass\u00e9 apr\u00e8s une torsion \u00e0 la<br \/>\ncheville. \u00ab\u00a0Nous devons attendre de voir comment il r\u00e9agit<br \/>\napr\u00e8s la s\u00e9ance d\u2019entra\u00eenement, mais il n\u2019y a rien de grave. Si<br \/>\nnous voulons l\u2019utiliser, il aura de bonnes chances de<br \/>\njouer.\u00a0\u00bb L\u2019international anglais devrait donc \u00eatre apte<br \/>\nce mercredi dans ce derby londonien.<\/p>\n<p>De son c\u00f4t\u00e9, <strong><a href=\"https:\/\/www.lequipe.fr\/Football\/Article\/En-pleine-confiance-polyvalent-et-habile-des-deux-pieds-pourquoi-le-psg-doit-se-mefier-de-l-option-leandro-trossard-a-arsenal\/1556226\" target=\"_blank\" rel=\"noopener\" title=\"\">L\u2019Equipe<\/a><\/strong><br \/>\n\u00e9voque un possible coup tactique de <strong>Mikel Arteta<\/strong><br \/>\nafin de pr\u00e9parer la confrontation aller de <strong>Ligue des<br \/>\nchampions<\/strong> face au <strong>PSG<\/strong>. Avec la suspension<br \/>\nde <strong>Thomas Partey<\/strong>, <strong>Mikel Merino<\/strong>,<br \/>\nqui d\u00e9pannait au poste d\u2019avant-centre depuis les blessures de<br \/>\n<strong>Gabriel Jesus<\/strong> et <strong>Kai Havertz<\/strong>,<br \/>\npourrait retrouver son poste au milieu de terrain. Ainsi,<br \/>\n<strong>Leandro Trossard<\/strong> devrait occuper le poste de faux<br \/>\nnum\u00e9ro 9. Align\u00e9 \u00e0 trois reprises \u00e0 ce poste, l\u2019international belge<br \/>\na marqu\u00e9 trois buts dans cette position, dont un doubl\u00e9 dimanche<br \/>\ndernier lors de la large victoire face \u00e0 <strong><a href=\"https:\/\/canal-supporters.com\/ldc-arsenal-surclasse-ipswich-en-premier-league\/\" title=\"\" target=\"_blank\" rel=\"noopener\">Ipswich<\/a><\/strong> (4-0). \u00ab\u00a0Ce mercredi<br \/>\nsoir,\u00a0face \u00e0 <strong>Crystal Palace<\/strong>, rencontre<br \/>\navanc\u00e9e de la 34e journ\u00e9e, dernier stop avant<br \/>\n<strong>Paris<\/strong>, il pourrait de nouveau \u00e9voluer \u00e0 ce poste,<br \/>\nhistoire de s\u2019y ancrer un peu plus encore.\u00a0\u00bb<\/p>\n<\/p>\n<p>Youtube : Canal<br \/>\nSupporters Paris<\/p>\n","protected":false},"excerpt":{"rendered":"\u00c0 moins d\u2019une semaine de la demi-finale aller de Ligue des champions face au PSG, Arsenal dispute un&hellip;\n","protected":false},"author":2,"featured_media":35536,"comment_status":"","ping_status":"","sticky":false,"template":"","format":"standard","meta":{"footnotes":""},"categories":[9],"tags":[11168,13611,1011,27,13612,447,11532,91,92,93,11172,60,796,96],"class_list":{"0":"post-46562","1":"post","2":"type-post","3":"status-publish","4":"format-standard","5":"has-post-thumbnail","7":"category-sports","8":"tag-arsenal-psg","9":"tag-demi-finales-ldc","10":"tag-fr","11":"tag-france","12":"tag-leandro-trossard","13":"tag-ligue-des-champions","14":"tag-mikel-arteta","15":"tag-paris-saint-germain","16":"tag-paris-sg","17":"tag-psg","18":"tag-psg-arsenal","19":"tag-sports","20":"tag-uefa-champions-league","21":"tag-une"},"share_on_mastodon":{"url":"https:\/\/pubeurope.com\/@fr\/114387309343468896","error":""},"_links":{"self":[{"href":"https:\/\/www.europesays.com\/fr\/wp-json\/wp\/v2\/posts\/46562","targetHints":{"allow":["GET"]}}],"collection":[{"href":"https:\/\/www.europesays.com\/fr\/wp-json\/wp\/v2\/posts"}],"about":[{"href":"https:\/\/www.europesays.com\/fr\/wp-json\/wp\/v2\/types\/post"}],"author":[{"embeddable":true,"href":"https:\/\/www.europesays.com\/fr\/wp-json\/wp\/v2\/users\/2"}],"replies":[{"embeddable":true,"href":"https:\/\/www.europesays.com\/fr\/wp-json\/wp\/v2\/comments?post=46562"}],"version-history":[{"count":0,"href":"https:\/\/www.europesays.com\/fr\/wp-json\/wp\/v2\/posts\/46562\/revisions"}],"wp:featuredmedia":[{"embeddable":true,"href":"https:\/\/www.europesays.com\/fr\/wp-json\/wp\/v2\/media\/35536"}],"wp:attachment":[{"href":"https:\/\/www.europesays.com\/fr\/wp-json\/wp\/v2\/media?parent=46562"}],"wp:term":[{"taxonomy":"category","embeddable":true,"href":"https:\/\/www.europesays.com\/fr\/wp-json\/wp\/v2\/categories?post=46562"},{"taxonomy":"post_tag","embeddable":true,"href":"https:\/\/www.europesays.com\/fr\/wp-json\/wp\/v2\/tags?post=46562"}],"curies":[{"name":"wp","href":"https:\/\/api.w.org\/{rel}","templated":true}]}}