{"id":465644,"date":"2025-10-15T19:34:12","date_gmt":"2025-10-15T19:34:12","guid":{"rendered":"https:\/\/www.europesays.com\/fr\/465644\/"},"modified":"2025-10-15T19:34:12","modified_gmt":"2025-10-15T19:34:12","slug":"leurope-prepare-son-mur-antidrones-trump-ne-comprend-plus-poutine","status":"publish","type":"post","link":"https:\/\/www.europesays.com\/fr\/465644\/","title":{"rendered":"L\u2019Europe pr\u00e9pare son mur antidrones, Trump ne comprend plus Poutine"},"content":{"rendered":"<p>Vous avez rat\u00e9 les derniers \u00e9v\u00e9nements sur la <a href=\"https:\/\/www.20minutes.fr\/monde\/ukraine\/\" class=\"c-link c-link--is-underlined\" target=\"_blank\" rel=\"noopener\">guerre en Ukraine<\/a>\u00a0? 20 Minutes fait le point pour vous tous les soirs. Voici l\u2019essentiel de ce mercredi 15\u00a0octobre, 1.330e jour du conflit.<\/p>\n<p>Le fait du jour<\/p>\n<p>La d\u00e9fense s\u2019organise. La <a href=\"https:\/\/www.20minutes.fr\/dossier\/commission_europeenne\" class=\"c-link c-link--is-underlined\" target=\"_blank\" rel=\"noopener\">Commission europ\u00e9enne<\/a> propose que le \u00ab\u00a0mur\u00a0\u00bb antidrones soit pleinement op\u00e9rationnel d\u2019ici \u00e0\u00a02027, selon un projet consult\u00e9 par l\u2019AFP et confirm\u00e9 par des responsables europ\u00e9ens. Bruxelles doit d\u00e9voiler ce jeudi les grandes lignes de ce projet de \u00ab\u00a0mur\u00a0\u00bb antidrones, rebaptis\u00e9 Initiative europ\u00e9enne pour les drones (Eddi), dont le principe a \u00e9t\u00e9 <a href=\"https:\/\/www.20minutes.fr\/monde\/ukraine\/4175842-20250930-guerre-ukraine-mur-antidrones-voulu-union-europeenne-necessite-illusion\" class=\"c-link c-link--is-underlined\" target=\"_blank\" rel=\"noopener\">d\u00e9cid\u00e9 le mois dernier afin de mieux se d\u00e9fendre<\/a> face \u00e0 de <a href=\"https:\/\/www.20minutes.fr\/monde\/ukraine\/4175649-20250927-guerre-ukraine-survol-drones-dessus-plus-grande-base-militaire-danemark\" class=\"c-link c-link--is-underlined\" target=\"_blank\" rel=\"noopener\">multiples incursions de drones<\/a> russes en Europe.<\/p>\n<p>La r\u00e9ponse de l\u2019Otan \u00e0 l\u2019entr\u00e9e d\u2019une vingtaine de ces appareils dans l\u2019espace a\u00e9rien de la Pologne avait mis en \u00e9vidence les lacunes dans l\u2019arsenal de l\u2019Alliance face \u00e0 cette menace. Pour abattre trois de ces drones, l\u2019Otan avait d\u00fb recourir \u00e0 de co\u00fbteux missiles.<\/p>\n<p>Bruxelles souhaite la constitution d\u00e8s l\u2019an prochain d\u2019un syst\u00e8me de d\u00e9tection, \u00e0 l\u2019aide de capteurs terrestres ou par satellite, avant de se doter de capacit\u00e9s de tra\u00e7age et d\u2019interception de drones d\u2019ici \u00e0\u00a02027. Cette initiative sera d\u2019abord mise en \u0153uvre dans les pays les plus proches de la fronti\u00e8re russe, sur le flanc oriental de l\u2019UE, avant d\u2019\u00eatre \u00e9tendue \u00e0 d\u2019autres Etats de l\u2019Union, selon cette proposition de la Commission.<\/p>\n<p>La d\u00e9claration du jour<\/p>\n<blockquote class=\"mx-m@xs mx-xxl@md color-ultramarine c-citation\">\n<p class=\"font-weight-regular@xs text-italic font-source-serif-pro text-l@xs c-citation__content\">\u00ab\u00a0Je ne comprends pas pourquoi il poursuit cette guerre\u00a0\u00bb<\/p>\n<\/blockquote>\n<p>Les paroles sont sign\u00e9es Donald Trump. A deux jours d\u2019accueillir \u00e0 nouveau Volodymyr Zelensky \u00e0 la Maison Blanche, Donald Trump s\u2019est redit \u00ab\u00a0tr\u00e8s d\u00e9\u00e7u\u00a0\u00bb du comportement de son homologue russe. \u00ab\u00a0Car Vladimir [Poutine] et moi avions une tr\u00e8s bonne relation, et c\u2019est probablement toujours le cas\u00a0\u00bb, rapporte le pr\u00e9sident am\u00e9ricain au New York Times.<\/p>\n<p>Donald Trump avait re\u00e7u, avec beaucoup d\u2019honneur, Vladimir Poutine en <a href=\"https:\/\/www.20minutes.fr\/dossier\/alaska\" class=\"c-link c-link--is-underlined\" target=\"_blank\" rel=\"noopener\">Alaska<\/a> le 15\u00a0ao\u00fbt dernier, sans r\u00e9sultat visible sur la politique guerri\u00e8re men\u00e9e depuis par la Russie \u00e0 l\u2019encontre de l\u2019Ukraine.<\/p>\n<p><\/p>\n<p>Le chiffre du jour<\/p>\n<p>24. C\u2019est le nombre de r\u00e9gions que compte l\u2019Ukraine. Or quasiment toutes subissent ce mercredi des coupures de courant en raison des d\u00e9g\u00e2ts aux infrastructures \u00e9lectriques caus\u00e9s par les frappes russes, a annonc\u00e9 l\u2019op\u00e9rateur du r\u00e9seau, signe d\u2019une situation qui s\u2019est aggrav\u00e9e par rapport \u00e0 la veille.<\/p>\n<p>\u00ab\u00a0En raison de la situation complexe dans le syst\u00e8me \u00e9nerg\u00e9tique de l\u2019Ukraine, des coupures d\u2019\u00e9lectricit\u00e9 d\u2019urgence ont \u00e9t\u00e9 mises en place dans toutes les r\u00e9gions\u00a0\u00bb, sauf celle de Donetsk (est) o\u00f9 se concentrent les combats, rapporte Ukrenergo. \u00ab\u00a0Des travaux de r\u00e9tablissement d\u2019urgence sont en cours dans toutes les r\u00e9gions touch\u00e9es par les bombardements\u00a0\u00bb, a ajout\u00e9 l\u2019op\u00e9rateur national, appelant les habitants \u00e0 utiliser l\u2019\u00e9lectricit\u00e9 disponible \u00ab\u00a0avec parcimonie\u00a0\u00bb. Mardi soir, des coupures avaient d\u00e9j\u00e0 \u00e9t\u00e9 instaur\u00e9es dans huit r\u00e9gions.<\/p>\n<p>L\u2019op\u00e9rateur priv\u00e9 DTEK a, lui aussi, annonc\u00e9 des coupures de courant dans plusieurs r\u00e9gions, y compris dans celle de Lviv (ouest), d\u2019Odessa (sud) et dans la capitale, Kiev et sa r\u00e9gion.<\/p>\n<p>La Russie a multipli\u00e9 ces derni\u00e8res semaines les frappes sur les infrastructures \u00e9nerg\u00e9tiques et le r\u00e9seau ferroviaire ukrainiens \u00e0 l\u2019approche de l\u2019hiver, faisant craindre une campagne, comme les ann\u00e9es pr\u00e9c\u00e9dentes, qui pourrait plonger des millions de personnes dans le noir.<\/p>\n<p>La tendance<\/p>\n<p>Les revenus g\u00e9n\u00e9r\u00e9s par les avoirs russes gel\u00e9s dans le cadre des sanctions contre Moscou doivent servir au financement de la reconstruction en Ukraine, a d\u00e9fendu mercredi le commissaire europ\u00e9en \u00e0 l\u2019Economie, Valdis Dombrovskis, lors d\u2019un entretien \u00e0 l\u2019AFP, esp\u00e9rant convaincre ses partenaires du <a href=\"https:\/\/www.20minutes.fr\/economie\/g7\/\" class=\"c-link c-link--is-underlined\" target=\"_blank\" rel=\"noopener\">G7<\/a> lors de leur r\u00e9union.<\/p>\n<p>\u00ab\u00a0Nous pr\u00e9parons une loi de r\u00e9parations au niveau europ\u00e9en nous permettant d\u2019utiliser les revenus g\u00e9n\u00e9r\u00e9s par les actifs russes gel\u00e9s. Nous encourageons nos partenaires \u00e0 voir ce qu\u2019ils peuvent faire de leur c\u00f4t\u00e9 avec les actifs pr\u00e9sents sur leurs territoires\u00a0\u00bb, a affirm\u00e9 le commissaire europ\u00e9en<\/p>\n","protected":false},"excerpt":{"rendered":"Vous avez rat\u00e9 les derniers \u00e9v\u00e9nements sur la guerre en Ukraine\u00a0? 20 Minutes fait le point pour vous&hellip;\n","protected":false},"author":2,"featured_media":465645,"comment_status":"","ping_status":"","sticky":false,"template":"","format":"standard","meta":{"footnotes":""},"categories":[5],"tags":[47,11,75,1011,27,131,14,74,1916,12,23851,132,135,134,28],"class_list":{"0":"post-465644","1":"post","2":"type-post","3":"status-publish","4":"format-standard","5":"has-post-thumbnail","7":"category-international","8":"tag-actualite","9":"tag-actualites","10":"tag-donald-trump","11":"tag-fr","12":"tag-france","13":"tag-guerre-en-ukraine","14":"tag-international","15":"tag-monde","16":"tag-moscou","17":"tag-news","18":"tag-odessa","19":"tag-russie","20":"tag-vladimir-poutine","21":"tag-volodymyr-zelensky","22":"tag-world"},"share_on_mastodon":{"url":"https:\/\/pubeurope.com\/@fr\/115379861701419633","error":""},"_links":{"self":[{"href":"https:\/\/www.europesays.com\/fr\/wp-json\/wp\/v2\/posts\/465644","targetHints":{"allow":["GET"]}}],"collection":[{"href":"https:\/\/www.europesays.com\/fr\/wp-json\/wp\/v2\/posts"}],"about":[{"href":"https:\/\/www.europesays.com\/fr\/wp-json\/wp\/v2\/types\/post"}],"author":[{"embeddable":true,"href":"https:\/\/www.europesays.com\/fr\/wp-json\/wp\/v2\/users\/2"}],"replies":[{"embeddable":true,"href":"https:\/\/www.europesays.com\/fr\/wp-json\/wp\/v2\/comments?post=465644"}],"version-history":[{"count":0,"href":"https:\/\/www.europesays.com\/fr\/wp-json\/wp\/v2\/posts\/465644\/revisions"}],"wp:featuredmedia":[{"embeddable":true,"href":"https:\/\/www.europesays.com\/fr\/wp-json\/wp\/v2\/media\/465645"}],"wp:attachment":[{"href":"https:\/\/www.europesays.com\/fr\/wp-json\/wp\/v2\/media?parent=465644"}],"wp:term":[{"taxonomy":"category","embeddable":true,"href":"https:\/\/www.europesays.com\/fr\/wp-json\/wp\/v2\/categories?post=465644"},{"taxonomy":"post_tag","embeddable":true,"href":"https:\/\/www.europesays.com\/fr\/wp-json\/wp\/v2\/tags?post=465644"}],"curies":[{"name":"wp","href":"https:\/\/api.w.org\/{rel}","templated":true}]}}