{"id":465646,"date":"2025-10-15T19:35:10","date_gmt":"2025-10-15T19:35:10","guid":{"rendered":"https:\/\/www.europesays.com\/fr\/465646\/"},"modified":"2025-10-15T19:35:10","modified_gmt":"2025-10-15T19:35:10","slug":"deux-hommes-suspectes-davoir-tue-un-artisan-mis-en-examen-pour-meurtre-sequestration-et-acte-de-barbarie","status":"publish","type":"post","link":"https:\/\/www.europesays.com\/fr\/465646\/","title":{"rendered":"deux hommes suspect\u00e9s d\u2019avoir tu\u00e9 un artisan mis en examen pour \u00abmeurtre\u00bb, \u00abs\u00e9questration et acte de barbarie\u00bb"},"content":{"rendered":"<p>\n    La victime, \u00e2g\u00e9e de 60 ans, \u00abc\u00f4toyait depuis quelque temps\u00bb les deux suspects, selon le parquet de Brives.<\/p>\n<p class=\"fig-paragraph\">Deux hommes suspect\u00e9s d&rsquo;avoir tu\u00e9 un artisan de 60 ans dans un village de\u00a0<a href=\"http:\/\/www.lefigaro.fr\/actualite-france\/correze-quatre-personnes-arretees-apres-un-vol-au-musee-jacques-chirac-20251013\" data-fig-type=\"NewsFlash\" data-gtm-custom-categorie=\"navigation\" data-gtm-custom-action=\"crossclick\" data-gtm-custom-label=\"Contextuel\" data-gtm-event=\"customEventSPE\" data-fig-domain=\"LEFIGARO\" rel=\"nofollow noopener\" target=\"_blank\">Corr\u00e8ze<\/a>\u00a0le week-end dernier ont \u00e9t\u00e9\u00a0<a href=\"http:\/\/www.lefigaro.fr\/faits-divers\/seine-et-marne-sept-personnes-mises-en-examen-apres-le-demantelement-d-un-reseau-de-prostitution-20251014\" data-fig-type=\"NewsFlash\" data-gtm-custom-categorie=\"navigation\" data-gtm-custom-action=\"crossclick\" data-gtm-custom-label=\"Contextuel\" data-gtm-event=\"customEventSPE\" data-fig-domain=\"LEFIGARO\" rel=\"nofollow noopener\" target=\"_blank\">mis en examen<\/a>\u00a0pour \u00abmeurtre\u00bb, \u00abs\u00e9questration et acte de barbarie\u00bb, a-t-on appris mercredi aupr\u00e8s du parquet de Limoges.<\/p>\n<p class=\"fig-paragraph\">Le corps inanim\u00e9 de la victime a \u00e9t\u00e9 retrouv\u00e9 sur le canap\u00e9 de son appartement, dont la porte \u00e9tait ouverte et dont le sol \u00e9tait macul\u00e9 \u00abd&rsquo;importantes traces de sang\u00bb, dimanche matin \u00e0 Voutezac, une commune de 1.200 habitants \u00e0 20 km au nord de Brive.<\/p>\n<p>                                    <a class=\"fig-a11y-skip a11y-hidden\" href=\"#fig-a11y-skip-main-inarticle\"><br \/>\n        Passer la publicit\u00e9<br \/>\n    <\/a><\/p>\n<p>Des suspects d\u00e9j\u00e0 \u00abconnus pour des faits de d\u00e9linquance\u00bb<\/p>\n<p class=\"fig-paragraph\">Selon le parquet de Brive, qui s&rsquo;est dessaisi au profit du p\u00f4le de l&rsquo;instruction de Limoges, la victime \u00abc\u00f4toyait depuis quelque temps\u00bb les deux suspects, \u00e2g\u00e9s d&rsquo;une trentaine d&rsquo;ann\u00e9es et d\u00e9j\u00e0 \u00abconnus pour des faits de d\u00e9linquance\u00bb.<\/p>\n<p class=\"fig-paragraph\">\u00abLes faits se seraient d\u00e9roul\u00e9s dans un contexte d&rsquo;alcoolisation\u00bb dans la nuit de samedi \u00e0 dimanche, a ajout\u00e9 le parquet sans donner davantage de pr\u00e9cisions. Selon le quotidien r\u00e9gional La Montagne, les r\u00e9sultats de l&rsquo;autopsie du cadavre de la victime, r\u00e9alis\u00e9e lundi, devraient \u00eatre communiqu\u00e9s aux enqu\u00eateurs dans le courant de la semaine.<\/p>\n","protected":false},"excerpt":{"rendered":"La victime, \u00e2g\u00e9e de 60 ans, \u00abc\u00f4toyait depuis quelque temps\u00bb les deux suspects, selon le parquet de Brives.&hellip;\n","protected":false},"author":2,"featured_media":465647,"comment_status":"","ping_status":"","sticky":false,"template":"","format":"standard","meta":{"footnotes":""},"categories":[4],"tags":[11,8531,1011,27,5117,12,25],"class_list":{"0":"post-465646","1":"post","2":"type-post","3":"status-publish","4":"format-standard","5":"has-post-thumbnail","7":"category-france","8":"tag-actualites","9":"tag-correze","10":"tag-fr","11":"tag-france","12":"tag-mise-en-examen","13":"tag-news","14":"tag-republique-francaise"},"share_on_mastodon":{"url":"https:\/\/pubeurope.com\/@fr\/115379865338137792","error":""},"_links":{"self":[{"href":"https:\/\/www.europesays.com\/fr\/wp-json\/wp\/v2\/posts\/465646","targetHints":{"allow":["GET"]}}],"collection":[{"href":"https:\/\/www.europesays.com\/fr\/wp-json\/wp\/v2\/posts"}],"about":[{"href":"https:\/\/www.europesays.com\/fr\/wp-json\/wp\/v2\/types\/post"}],"author":[{"embeddable":true,"href":"https:\/\/www.europesays.com\/fr\/wp-json\/wp\/v2\/users\/2"}],"replies":[{"embeddable":true,"href":"https:\/\/www.europesays.com\/fr\/wp-json\/wp\/v2\/comments?post=465646"}],"version-history":[{"count":0,"href":"https:\/\/www.europesays.com\/fr\/wp-json\/wp\/v2\/posts\/465646\/revisions"}],"wp:featuredmedia":[{"embeddable":true,"href":"https:\/\/www.europesays.com\/fr\/wp-json\/wp\/v2\/media\/465647"}],"wp:attachment":[{"href":"https:\/\/www.europesays.com\/fr\/wp-json\/wp\/v2\/media?parent=465646"}],"wp:term":[{"taxonomy":"category","embeddable":true,"href":"https:\/\/www.europesays.com\/fr\/wp-json\/wp\/v2\/categories?post=465646"},{"taxonomy":"post_tag","embeddable":true,"href":"https:\/\/www.europesays.com\/fr\/wp-json\/wp\/v2\/tags?post=465646"}],"curies":[{"name":"wp","href":"https:\/\/api.w.org\/{rel}","templated":true}]}}