{"id":465669,"date":"2025-10-15T19:48:12","date_gmt":"2025-10-15T19:48:12","guid":{"rendered":"https:\/\/www.europesays.com\/fr\/465669\/"},"modified":"2025-10-15T19:48:12","modified_gmt":"2025-10-15T19:48:12","slug":"anniversaire-irene-perales-a-fete-ses-100-ans-a-lehpad-leglantine","status":"publish","type":"post","link":"https:\/\/www.europesays.com\/fr\/465669\/","title":{"rendered":"Anniversaire. Ir\u00e8ne Perales a f\u00eat\u00e9 ses 100 ans \u00e0 l\u2019Ehpad L\u2019\u00c9glantine"},"content":{"rendered":"<p>Ir\u00e8ne Perales, r\u00e9sidente de l\u2019Ehpad L\u2019\u00c9glantine de Fontaine, a c\u00e9l\u00e9br\u00e9 ses 100 ans lundi 13\u00a0octobre. L\u2019anniversaire s\u2019est tr\u00e8s bien pass\u00e9. Elle \u00e9tait entour\u00e9e d\u2019un membre de sa famille, du personnel et des autres r\u00e9sidents. Sonia Iannello, conseill\u00e8re municipale de Fontaine d\u00e9l\u00e9gu\u00e9e aux personnes \u00e2g\u00e9es, \u00e9tait \u00e9galement pr\u00e9sente et lui a offert un magnifique bouquet de fleurs. Tous ont f\u00eat\u00e9 son centenaire autour d\u2019un verre et d\u2019un tr\u00e8s bon framboisier. Madame Perales \u00e9tait tr\u00e8s \u00e9mue, tout comme l\u2019\u00e9quipe de l\u2019Ehpad L\u2019\u00c9glantine.<\/p>\n","protected":false},"excerpt":{"rendered":"Ir\u00e8ne Perales, r\u00e9sidente de l\u2019Ehpad L\u2019\u00c9glantine de Fontaine, a c\u00e9l\u00e9br\u00e9 ses 100 ans lundi 13\u00a0octobre. L\u2019anniversaire s\u2019est tr\u00e8s&hellip;\n","protected":false},"author":2,"featured_media":465670,"comment_status":"","ping_status":"","sticky":false,"template":"","format":"standard","meta":{"footnotes":""},"categories":[9566],"tags":[1111,11,2430,1687,112,1777,674,9592,11680,1011,27,2731,12,25],"class_list":{"0":"post-465669","1":"post","2":"type-post","3":"status-publish","4":"format-standard","5":"has-post-thumbnail","7":"category-grenoble","8":"tag-actu","9":"tag-actualites","10":"tag-auvergne-rhone-alpes","11":"tag-culture-loisirs","12":"tag-edition-grenoble-agglomeration","13":"tag-eu","14":"tag-europe","15":"tag-fontaine","16":"tag-fontaine-bassin","17":"tag-fr","18":"tag-france","19":"tag-grenoble","20":"tag-news","21":"tag-republique-francaise"},"share_on_mastodon":{"url":"https:\/\/pubeurope.com\/@fr\/115379916208578819","error":""},"_links":{"self":[{"href":"https:\/\/www.europesays.com\/fr\/wp-json\/wp\/v2\/posts\/465669","targetHints":{"allow":["GET"]}}],"collection":[{"href":"https:\/\/www.europesays.com\/fr\/wp-json\/wp\/v2\/posts"}],"about":[{"href":"https:\/\/www.europesays.com\/fr\/wp-json\/wp\/v2\/types\/post"}],"author":[{"embeddable":true,"href":"https:\/\/www.europesays.com\/fr\/wp-json\/wp\/v2\/users\/2"}],"replies":[{"embeddable":true,"href":"https:\/\/www.europesays.com\/fr\/wp-json\/wp\/v2\/comments?post=465669"}],"version-history":[{"count":0,"href":"https:\/\/www.europesays.com\/fr\/wp-json\/wp\/v2\/posts\/465669\/revisions"}],"wp:featuredmedia":[{"embeddable":true,"href":"https:\/\/www.europesays.com\/fr\/wp-json\/wp\/v2\/media\/465670"}],"wp:attachment":[{"href":"https:\/\/www.europesays.com\/fr\/wp-json\/wp\/v2\/media?parent=465669"}],"wp:term":[{"taxonomy":"category","embeddable":true,"href":"https:\/\/www.europesays.com\/fr\/wp-json\/wp\/v2\/categories?post=465669"},{"taxonomy":"post_tag","embeddable":true,"href":"https:\/\/www.europesays.com\/fr\/wp-json\/wp\/v2\/tags?post=465669"}],"curies":[{"name":"wp","href":"https:\/\/api.w.org\/{rel}","templated":true}]}}