{"id":465679,"date":"2025-10-15T19:53:12","date_gmt":"2025-10-15T19:53:12","guid":{"rendered":"https:\/\/www.europesays.com\/fr\/465679\/"},"modified":"2025-10-15T19:53:12","modified_gmt":"2025-10-15T19:53:12","slug":"psg-strasbourg-ou-regarder-compos-et-cotes","status":"publish","type":"post","link":"https:\/\/www.europesays.com\/fr\/465679\/","title":{"rendered":"PSG\u2013Strasbourg : O\u00f9 Regarder, Compos et Cotes"},"content":{"rendered":"<p data-testid=\"wcl-typoNewsPerex\" itemprop=\"description\">Le vendredi 17 octobre 2025, le PSG, leader du championnat, re\u00e7oit Strasbourg, troisi\u00e8me de Ligue 1. Paris peut consolider sa premi\u00e8re place tandis que les Alsaciens peuvent prendre provisoirement la t\u00eate du classement.<\/p>\n<p>Cet article contient des liens d\u2019affiliation vers des annonceurs. Jouez de mani\u00e8re responsable, 18+<\/p>\n<p>Apr\u00e8s la tr\u00eave internationale, les championnats reprennent leurs droits ce week-end. En Ligue 1, le premier match de la 8e journ\u00e9e oppose le\u00a0<b><a href=\"https:\/\/www.flashscore.fr\/equipe\/psg\/CjhkPw0k\/\" target=\"_blank\" data-analytics-element=\"ARTICLE_TEXT_LINK\" data-analytics-alias=\"internal\" rel=\"nofollow noopener\">PSG<\/a><\/b>, leader avec 16 points, au <b><a href=\"https:\/\/www.flashscore.fr\/equipe\/strasbourg\/nP6UzIU1\/\" target=\"_blank\" data-analytics-element=\"ARTICLE_TEXT_LINK\" data-analytics-alias=\"internal\" rel=\"nofollow noopener\">RC Strasbourg<\/a><\/b>, troisi\u00e8me avec 15 unit\u00e9s.<\/p>\n<p>Malgr\u00e9 de nombreuses blessures, le club de la capitale continue d\u2019avancer \u00e0 son rythme. Avant la coupure, les Parisiens avaient conc\u00e9d\u00e9 le nul \u00e0 <b><a href=\"https:\/\/www.flashscore.fr\/equipe\/lille\/pfDZL71o\/\" target=\"_blank\" data-analytics-element=\"ARTICLE_TEXT_LINK\" data-analytics-alias=\"internal\" rel=\"nofollow noopener\">Lille<\/a> <\/b>(1-1). Le <b>PSG <\/b>se d\u00e9placera mardi soir \u00e0 <b><a href=\"https:\/\/www.flashscore.fr\/equipe\/leverkusen\/4jcj2zMd\/\" target=\"_blank\" data-analytics-element=\"ARTICLE_TEXT_LINK\" data-analytics-alias=\"internal\" rel=\"nofollow noopener\">Leverkusen<\/a> <\/b>pour affronter le <b>Bayer <\/b>en Ligue des champions, un rendez-vous d\u00e9j\u00e0 important dans la course aux premi\u00e8res places de la phase de ligue.<\/p>\n<p>En face, le<b> RC Strasbourg<\/b>, dirig\u00e9 par <b><a href=\"https:\/\/www.flashscore.fr\/joueur\/rosenior-liam\/4fMAHvLm\/\" target=\"_blank\" data-analytics-element=\"ARTICLE_TEXT_LINK\" data-analytics-alias=\"internal\" rel=\"nofollow noopener\">Liam Rosenior<\/a><\/b>, r\u00e9alise un excellent d\u00e9but de saison avec cinq victoires en sept rencontres, seules les d\u00e9faites contre <b><a href=\"https:\/\/www.flashscore.fr\/equipe\/monaco\/2PIvr8o4\/\" target=\"_blank\" data-analytics-element=\"ARTICLE_TEXT_LINK\" data-analytics-alias=\"internal\" rel=\"nofollow noopener\">Monaco<\/a> <\/b>et <b>l\u2019OM <\/b>venant ternir son parcours. Les Alsaciens restent n\u00e9anmoins sur un large succ\u00e8s \u00e0 la Meinau contre <b><a href=\"https:\/\/www.flashscore.fr\/equipe\/angers\/SAlF91iL\/\" target=\"_blank\" data-analytics-element=\"ARTICLE_TEXT_LINK\" data-analytics-alias=\"internal\" rel=\"nofollow noopener\">Angers<\/a> <\/b>(5-0).<\/p>\n<p>Ce d\u00e9placement au Parc des Princes marque le d\u00e9but d\u2019une semaine intense pour les hommes de <b>Rosenior<\/b>, qui affronteront <b><a href=\"https:\/\/www.flashscore.fr\/equipe\/jagiellonia\/lIDaZJTc\/\" target=\"_blank\" data-analytics-element=\"ARTICLE_TEXT_LINK\" data-analytics-alias=\"internal\" rel=\"nofollow noopener\">Jagiellonia<\/a> <\/b>en Ligue Conf\u00e9rence jeudi, avant un voyage \u00e0 <b><a href=\"https:\/\/www.flashscore.fr\/equipe\/lyon\/2akflumR\/\" target=\"_blank\" data-analytics-element=\"ARTICLE_TEXT_LINK\" data-analytics-alias=\"internal\" rel=\"nofollow noopener\">Lyon<\/a> <\/b>dimanche prochain.\u00a0<\/p>\n<p>PSG vs Strasbourg : les infos cl\u00e9s<\/p>\n<p><b>Date :<\/b> vendredi 17 octobre<\/p>\n<p><b>Coup d&rsquo;envoi : <\/b>20h45<\/p>\n<p><b>Stade :<\/b> Parc des Princes, Paris<\/p>\n<p><b>Arbitre :<\/b> Cl\u00e9ment Turpin<\/p>\n<p><b>VAR :<\/b> Oui<\/p>\n<p><b>Cha\u00eene TV :<\/b> Ligue 1+<\/p>\n<p><b>Cotes Betclic :<\/b> <a href=\"https:\/\/wlbetclicfr.adsrv.eacdn.com\/C.ashx?btag=a_30b_597c_&amp;affid=22&amp;siteid=30&amp;adid=597&amp;c=\" target=\"_blank\" data-analytics-element=\"ARTICLE_TEXT_LINK\" data-analytics-alias=\"external\" rel=\"nofollow noopener\">PSG (1,24) | Nul (5,90) | Strasbourg (8,75)<\/a><\/p>\n<p>PSG : derni\u00e8res infos<\/p>\n<p>Le <b>PSG <\/b>a abord\u00e9 la tr\u00eave internationale en t\u00eate du classement, avec une courte avance d\u2019un point sur <b><a href=\"https:\/\/www.flashscore.fr\/equipe\/marseille\/SblU3Hee\/\" target=\"_blank\" data-analytics-element=\"ARTICLE_TEXT_LINK\" data-analytics-alias=\"internal\" rel=\"nofollow noopener\">Marseille<\/a>, Strasbourg <\/b>et<b> Lyon,<\/b> ses trois poursuivants. Le champion de France n\u2019a toutefois pas su conserver son avantage \u00e0 <b>Lille <\/b>(1-1) avant la coupure, conc\u00e9dant son deuxi\u00e8me match sans victoire de la saison en championnat apr\u00e8s la d\u00e9faite dans le Classique face \u00e0 <b>l\u2019OM <\/b>(1-0). Malgr\u00e9 ces accrocs, les hommes de <b>Luis Enrique<\/b> conservent leur solidit\u00e9 et continuent d\u2019impressionner sur la sc\u00e8ne europ\u00e9enne. En Ligue des champions, ils ont parfaitement lanc\u00e9 leur campagne avec des succ\u00e8s probants contre<b> l\u2019Atalanta Bergame<\/b> (4-0) et le<b> <a href=\"https:\/\/www.flashscore.fr\/equipe\/barcelone\/SKbpVP5K\/\" target=\"_blank\" data-analytics-element=\"ARTICLE_TEXT_LINK\" data-analytics-alias=\"internal\" rel=\"nofollow noopener\">FC Barcelone<\/a> <\/b>(1-2). Le d\u00e9placement en Allemagne pour y affronter le <b>Bayer Leverkusen<\/b> mardi prochain s\u2019annonce d\u00e9j\u00e0 comme un test important dans la continuit\u00e9 de leur parcours europ\u00e9en.<\/p>\n<p>L\u2019infirmerie parisienne, elle, commence enfin \u00e0 se vider apr\u00e8s des semaines charg\u00e9es. Pour la r\u00e9ception de <b>Strasbourg <\/b>vendredi, le <b>PSG <\/b>devrait enregistrer le retour de cinq joueurs, dont<b> <a href=\"https:\/\/www.flashscore.fr\/joueur\/neves-joao\/hCbYVsXQ\/\" target=\"_blank\" data-analytics-element=\"ARTICLE_TEXT_LINK\" data-analytics-alias=\"internal\" rel=\"nofollow noopener\">Jo\u00e3o Neves<\/a><\/b>, remis de sa blessure aux ischio-jambiers, et<b> <a href=\"https:\/\/www.flashscore.fr\/joueur\/ruiz-fabian\/l6HSH2Uo\/\" target=\"_blank\" data-analytics-element=\"ARTICLE_TEXT_LINK\" data-analytics-alias=\"internal\" rel=\"nofollow noopener\">Fabian Ruiz<\/a><\/b>, de retour apr\u00e8s un souci musculaire. <b><a href=\"https:\/\/www.flashscore.fr\/joueur\/mayulu-senny\/za4zLeYc\/\" target=\"_blank\" data-analytics-element=\"ARTICLE_TEXT_LINK\" data-analytics-alias=\"internal\" rel=\"nofollow noopener\">Senny Mayulu<\/a> et <a href=\"https:\/\/www.flashscore.fr\/joueur\/doue-desire\/KIUWH2Jq\/\" target=\"_blank\" data-analytics-element=\"ARTICLE_TEXT_LINK\" data-analytics-alias=\"internal\" rel=\"nofollow noopener\">D\u00e9sir\u00e9 Dou\u00e9<\/a> <\/b>devraient \u00e9galement \u00eatre disponibles, tout comme <b><a href=\"https:\/\/www.flashscore.fr\/joueur\/kvaratskhelia-khvicha\/bNuGt0hE\/\" target=\"_blank\" data-analytics-element=\"ARTICLE_TEXT_LINK\" data-analytics-alias=\"internal\" rel=\"nofollow noopener\">Khvicha Kvaratskhelia<\/a><\/b>, d\u00e9j\u00e0 revu avec la G\u00e9orgie. En revanche, l\u2019incertitude demeure autour <b><a href=\"https:\/\/www.flashscore.fr\/joueur\/dembele-ousmane\/zsMC2Ec0\/\" target=\"_blank\" data-analytics-element=\"ARTICLE_TEXT_LINK\" data-analytics-alias=\"internal\" rel=\"nofollow noopener\">d\u2019Ousmane Demb\u00e9l\u00e9<\/a> et <a href=\"https:\/\/www.flashscore.fr\/joueur\/barcola-bradley\/lhGD3RgS\/\" target=\"_blank\" data-analytics-element=\"ARTICLE_TEXT_LINK\" data-analytics-alias=\"internal\" rel=\"nofollow noopener\">Bradley Barcola<\/a><\/b>, que le staff pr\u00e9f\u00e8re m\u00e9nager pour \u00e9viter toute rechute. <b><a href=\"https:\/\/www.flashscore.fr\/joueur\/marquinhos\/UFfev8HP\/\" target=\"_blank\" data-analytics-element=\"ARTICLE_TEXT_LINK\" data-analytics-alias=\"internal\" rel=\"nofollow noopener\">Marquinhos<\/a><\/b>, lui, n\u2019est pas encore r\u00e9tabli de sa blessure au quadriceps et manquera probablement la rencontre ainsi que le d\u00e9placement \u00e0 <b>Leverkusen <\/b>en Ligue des champions.<\/p>\n<p>Malgr\u00e9 ces absences, le <b>PSG <\/b>continue d\u2019avancer \u00e0 un rythme soutenu, fort d\u2019un effectif profond et d\u2019une dynamique positive. <b>Luis Enrique<\/b>, serein, a d\u2019ailleurs rappel\u00e9 que ces blessures restaient \u00ab\u00a0normales dans un sport d\u2019impact\u00a0\u00bb, pr\u00e9f\u00e9rant insister sur la solidit\u00e9 de son groupe et la progression des jeunes issus du centre de formation.<\/p>\n<p><b>PSG Compo probable :<\/b><\/p>\n<p><a href=\"https:\/\/www.flashscore.fr\/joueur\/chevalier-lucas\/IsTiBa8d\/\" target=\"_blank\" data-analytics-element=\"ARTICLE_TEXT_LINK\" data-analytics-alias=\"internal\" rel=\"nofollow noopener\">Lucas Chevalier<\/a> &#8211;\u00a0<a href=\"https:\/\/www.flashscore.fr\/joueur\/hakimi-achraf\/MqFBkBsp\/\" target=\"_blank\" data-analytics-element=\"ARTICLE_TEXT_LINK\" data-analytics-alias=\"internal\" rel=\"nofollow noopener\">Achraf Hakimi<\/a>,\u00a0<a href=\"https:\/\/www.flashscore.fr\/joueur\/zabarnyi-illia\/8SehvaqF\/\" target=\"_blank\" data-analytics-element=\"ARTICLE_TEXT_LINK\" data-analytics-alias=\"internal\" rel=\"nofollow noopener\">Illya Zabarnyi<\/a>, <a href=\"https:\/\/www.flashscore.fr\/joueur\/lucas-beraldo\/Y1UU1rz7\/\" target=\"_blank\" data-analytics-element=\"ARTICLE_TEXT_LINK\" data-analytics-alias=\"internal\" rel=\"nofollow noopener\">Lucas Beraldo<\/a> (ou <a href=\"https:\/\/www.flashscore.fr\/joueur\/pacho-william\/KA5AQsy0\/\" target=\"_blank\" data-analytics-element=\"ARTICLE_TEXT_LINK\" data-analytics-alias=\"internal\" rel=\"nofollow noopener\">Willian Pacho<\/a>),\u00a0<a href=\"https:\/\/www.flashscore.fr\/joueur\/mendes-nuno\/ne2xCTJj\/\" target=\"_blank\" data-analytics-element=\"ARTICLE_TEXT_LINK\" data-analytics-alias=\"internal\" rel=\"nofollow noopener\">Nuno Mendes<\/a> &#8211; <a href=\"https:\/\/www.flashscore.fr\/joueur\/lee-kangin\/YTVIJfxO\/\" target=\"_blank\" data-analytics-element=\"ARTICLE_TEXT_LINK\" data-analytics-alias=\"internal\" rel=\"nofollow noopener\">Kang-In Lee<\/a>,\u00a0<a href=\"https:\/\/www.flashscore.fr\/joueur\/zaire-emery-warren\/neJeseDL\/\" target=\"_blank\" data-analytics-element=\"ARTICLE_TEXT_LINK\" data-analytics-alias=\"internal\" rel=\"nofollow noopener\">Warren Za\u00efre-Emery<\/a>,\u00a0<a href=\"https:\/\/www.flashscore.fr\/joueur\/vitinha\/Sz9SH7zj\/\" target=\"_blank\" data-analytics-element=\"ARTICLE_TEXT_LINK\" data-analytics-alias=\"internal\" rel=\"nofollow noopener\">Vitinha<\/a> &#8211; <a href=\"https:\/\/www.flashscore.fr\/joueur\/mbaye-ibrahim\/nkxtcGo7\/\" target=\"_blank\" data-analytics-element=\"ARTICLE_TEXT_LINK\" data-analytics-alias=\"internal\" rel=\"nofollow noopener\">Ibrahim Mbaye<\/a>, <a href=\"https:\/\/www.flashscore.fr\/joueur\/ramos-goncalo\/xfW2M1Tt\/\" target=\"_blank\" data-analytics-element=\"ARTICLE_TEXT_LINK\" data-analytics-alias=\"internal\" rel=\"nofollow noopener\">Gon\u00e7alo Ramos<\/a>, Khvicha Kvaratskhelia.<\/p>\n<p>Entra\u00eeneur : <a href=\"https:\/\/www.flashscore.fr\/joueur\/luis-enrique\/8MdrBIUb\/\" target=\"_blank\" data-analytics-element=\"ARTICLE_TEXT_LINK\" data-analytics-alias=\"internal\" rel=\"nofollow noopener\">Luis Enrique<\/a><\/p>\n<p>Strasbourg : derni\u00e8res infos<\/p>\n<p>Le <b>RC Strasbourg<\/b> confirme son nouveau statut cette saison. Septi\u00e8me du dernier exercice, le club de<b> Liam Rosenior <\/b>pointe d\u00e9sormais \u00e0 la troisi\u00e8me place apr\u00e8s sept journ\u00e9es. Rachet\u00e9 en juin 2023 par le consortium BlueCo, \u00e9galement propri\u00e9taire de <b><a href=\"https:\/\/www.flashscore.fr\/equipe\/chelsea\/4fGZN2oK\/\" target=\"_blank\" data-analytics-element=\"ARTICLE_TEXT_LINK\" data-analytics-alias=\"internal\" rel=\"nofollow noopener\">Chelsea<\/a><\/b>, le club alsacien a chang\u00e9 de dimension sur le plan sportif, avec un effectif rajeuni, ambitieux et des moyens renforc\u00e9s. Mais ce nouveau projet ne fait pas l\u2019unanimit\u00e9 : une partie des supporters voit d\u2019un mauvais \u0153il cette proximit\u00e9 avec le club londonien, redoutant que Strasbourg ne perde peu \u00e0 peu son ind\u00e9pendance et son identit\u00e9 locale.<\/p>\n<p>Les r\u00e9sultats, eux, donnent raison \u00e0 la direction. Les Alsaciens n\u2019ont connu que deux d\u00e9faites, \u00e0 <b>Monaco <\/b>(3-2) et contre <b>Marseille <\/b>(1-2), conc\u00e9d\u00e9es dans les derni\u00e8res minutes, pour cinq victoires, dont un succ\u00e8s \u00e9clatant 5-0 contre <b>Angers <\/b>avant la tr\u00eave. En Ligue Conf\u00e9rence, <b>Strasbourg <\/b>a parfaitement lanc\u00e9 sa saison europ\u00e9enne avec un succ\u00e8s \u00e0 <b><a href=\"https:\/\/www.flashscore.fr\/equipe\/slovan-bratislava\/QRaWdwQf\/\" target=\"_blank\" data-analytics-element=\"ARTICLE_TEXT_LINK\" data-analytics-alias=\"internal\" rel=\"nofollow noopener\">Bratislava<\/a> <\/b>(1-2) et s\u2019appr\u00eate \u00e0 recevoir <b>Jagiellonia <\/b>jeudi avant un d\u00e9placement \u00e0 Lyon dimanche, au c\u0153ur d\u2019une s\u00e9rie de sept matchs en vingt-quatre jours.<\/p>\n<p>En d\u00e9placement au Parc des Princes vendredi soir, <b>Strasbourg <\/b>sera priv\u00e9 de deux cadres, <b><a href=\"https:\/\/www.flashscore.fr\/joueur\/emegha-emanuel\/by8Xcffd\/\" target=\"_blank\" data-analytics-element=\"ARTICLE_TEXT_LINK\" data-analytics-alias=\"internal\" rel=\"nofollow noopener\">Emmanuel Emegha<\/a><\/b>, bless\u00e9 aux ischio-jambiers depuis la rencontre face \u00e0 <b>l\u2019OM<\/b>, et <b><a href=\"https:\/\/www.flashscore.fr\/joueur\/sarr-mamadou\/h2cuSnsi\/\" target=\"_blank\" data-analytics-element=\"ARTICLE_TEXT_LINK\" data-analytics-alias=\"internal\" rel=\"nofollow noopener\">Mamadou Sarr<\/a><\/b>, touch\u00e9 \u00e0 une cuisse fin septembre. Les deux joueurs devraient manquer au moins deux semaines suppl\u00e9mentaires. En revanche, <b><a href=\"https:\/\/www.flashscore.fr\/joueur\/nanasi-sebastian\/dIkk2y21\/\" target=\"_blank\" data-analytics-element=\"ARTICLE_TEXT_LINK\" data-analytics-alias=\"internal\" rel=\"nofollow noopener\">Sebastian Nanasi<\/a> <\/b>effectue son retour apr\u00e8s un mois d\u2019absence, tandis que <b><a href=\"https:\/\/www.flashscore.fr\/joueur\/panichelli-joaquin\/SSL080TM\/\" target=\"_blank\" data-analytics-element=\"ARTICLE_TEXT_LINK\" data-analytics-alias=\"internal\" rel=\"nofollow noopener\">Panichelli<\/a> <\/b>(5 buts) et <b><a href=\"https:\/\/www.flashscore.fr\/joueur\/godo-martial\/GllB6ag5\/\" target=\"_blank\" data-analytics-element=\"ARTICLE_TEXT_LINK\" data-analytics-alias=\"internal\" rel=\"nofollow noopener\">Godo<\/a> <\/b>(2 buts) continuent de se montrer d\u00e9cisifs dans le secteur offensif. Le milieu <b><a href=\"https:\/\/www.flashscore.fr\/joueur\/oyedele-maximilano\/4WkreOMf\/\" target=\"_blank\" data-analytics-element=\"ARTICLE_TEXT_LINK\" data-analytics-alias=\"internal\" rel=\"nofollow noopener\">Oyedele<\/a> <\/b>reste, lui, incertain.<\/p>\n<p><b>Strasbourg compo probable :<\/b><\/p>\n<p><a href=\"https:\/\/www.flashscore.fr\/joueur\/penders-mike\/nyaJupUE\/\" target=\"_blank\" data-analytics-element=\"ARTICLE_TEXT_LINK\" data-analytics-alias=\"internal\" rel=\"nofollow noopener\">Mike Penders<\/a> &#8211; <a href=\"https:\/\/www.flashscore.fr\/joueur\/doue-guela\/vg3drc4E\/\" target=\"_blank\" data-analytics-element=\"ARTICLE_TEXT_LINK\" data-analytics-alias=\"internal\" rel=\"nofollow noopener\">Gu\u00e9la Dou\u00e9<\/a>,\u00a0<a href=\"https:\/\/www.flashscore.fr\/joueur\/hogsberg-lucas\/8QaT9JTu\/\" target=\"_blank\" data-analytics-element=\"ARTICLE_TEXT_LINK\" data-analytics-alias=\"internal\" rel=\"nofollow noopener\">Lucas H\u00f6gsberg<\/a>, <a href=\"https:\/\/www.flashscore.fr\/joueur\/doukoure-ismael\/nHtBqog0\/\" target=\"_blank\" data-analytics-element=\"ARTICLE_TEXT_LINK\" data-analytics-alias=\"internal\" rel=\"nofollow noopener\">Isma\u00ebl Doukour\u00e9<\/a> &#8211; <a href=\"https:\/\/www.flashscore.fr\/joueur\/ouattara-guemissongui\/xIPWalyj\/\" target=\"_blank\" data-analytics-element=\"ARTICLE_TEXT_LINK\" data-analytics-alias=\"internal\" rel=\"nofollow noopener\">Abdoul Ouattara<\/a>, <a href=\"https:\/\/www.flashscore.fr\/joueur\/luis-rafael\/dluKXImi\/\" target=\"_blank\" data-analytics-element=\"ARTICLE_TEXT_LINK\" data-analytics-alias=\"internal\" rel=\"nofollow noopener\">Rafael Luis<\/a>, <a href=\"https:\/\/www.flashscore.fr\/joueur\/barco-valentin\/MXX0tUs3\/\" target=\"_blank\" data-analytics-element=\"ARTICLE_TEXT_LINK\" data-analytics-alias=\"internal\" rel=\"nofollow noopener\">Valent\u00edn Barco<\/a>, <a href=\"https:\/\/www.flashscore.fr\/joueur\/moreira-diego\/0QNoKs1B\/\" target=\"_blank\" data-analytics-element=\"ARTICLE_TEXT_LINK\" data-analytics-alias=\"internal\" rel=\"nofollow noopener\">Diego Moreira<\/a> &#8211;<a href=\"https:\/\/www.flashscore.fr\/joueur\/lemarechal-felix\/bPoOcxvJ\/\" target=\"_blank\" data-analytics-element=\"ARTICLE_TEXT_LINK\" data-analytics-alias=\"internal\" rel=\"nofollow noopener\">F\u00e9lix Lemar\u00e9chal<\/a>, Martial Godo &#8211; Joaqu\u00edn Panichelli.<\/p>\n<p>Entra\u00eeneur : Liam Rosenior<\/p>\n<p>O\u00f9 regarder en direct \u00e0 la TV ou en streaming ?<\/p>\n<p>Le match <b>PSG \u2013 Strasbourg<\/b> (17 octobre 2025) sera diffus\u00e9 en direct en France sur Ligue 1+, accessible via DAZN, La Cha\u00eene L\u2019\u00c9quipe et le Pass Ligue 1<b> <\/b>sur Prime Video.<\/p>\n<p>Historique des confrontations PSG \u2013 Strasbourg<\/p>\n<p>Depuis 1974, le <b>Paris Saint-Germain et Strasbourg<\/b> se sont affront\u00e9s 76 fois en comp\u00e9titions officielles. Le bilan est largement en faveur du club parisien, avec 42 victoires, 20 matchs nuls et 14 d\u00e9faites, pour un total de 122 buts marqu\u00e9s contre 70 encaiss\u00e9s.<\/p>\n<p>Au Parc des Princes, la domination du <b>PSG <\/b>est totale : <b>Strasbourg <\/b>ne s\u2019y est jamais impos\u00e9, que ce soit en Ligue 1, en Coupe de France ou en Coupe de la Ligue. En championnat, <b>Paris <\/b>a disput\u00e9 34 matchs \u00e0 domicile contre le <b>RCSA <\/b>pour 27 victoires et 7 nuls, ce qui constitue le record absolu du football fran\u00e7ais pour le plus grand nombre de rencontres \u00e0 domicile sans d\u00e9faite face \u00e0 un m\u00eame adversaire. Depuis le retour du club alsacien en Ligue 1 en 2017, <b>Strasbourg <\/b>n\u2019a pris qu\u2019un seul point au Parc, lors du nul 2\u20132 du 7 avril 2019.<\/p>\n<p>En revanche, \u00e0 la Meinau, les Alsaciens ont d\u00e9j\u00e0 r\u00e9ussi plusieurs gros coups. En 2017, <b>Strasbourg <\/b>s\u2019\u00e9tait impos\u00e9 2\u20131 face au PSG de<b> <a href=\"https:\/\/www.flashscore.fr\/joueur\/neymar\/jNOPwl3h\/\" target=\"_blank\" data-analytics-element=\"ARTICLE_TEXT_LINK\" data-analytics-alias=\"internal\" rel=\"nofollow noopener\">Neymar<\/a> et <a href=\"https:\/\/www.flashscore.fr\/joueur\/mbappe-kylian\/Wn6E2SED\/\" target=\"_blank\" data-analytics-element=\"ARTICLE_TEXT_LINK\" data-analytics-alias=\"internal\" rel=\"nofollow noopener\">Mbapp\u00e9<\/a>,<\/b> et plus r\u00e9cemment, en mai 2025, le <b>RCSA <\/b>a de nouveau battu Paris (2\u20131), mettant ainsi fin \u00e0 une s\u00e9rie de 39 matchs sans d\u00e9faite \u00e0 l\u2019ext\u00e9rieur du <b>PSG <\/b>en Ligue 1.<\/p>\n<p>Cotes PSG \u2013 Strasbourg (Betclic)<\/p>\n<p><a href=\"https:\/\/wlbetclicfr.adsrv.eacdn.com\/C.ashx?btag=a_30b_597c_&amp;affid=22&amp;siteid=30&amp;adid=597&amp;c=\" target=\"_blank\" data-analytics-element=\"ARTICLE_TEXT_LINK\" data-analytics-alias=\"external\" rel=\"nofollow noopener\">Victoire du PSG : 1,24<\/a><\/p>\n<p><a href=\"https:\/\/wlbetclicfr.adsrv.eacdn.com\/C.ashx?btag=a_30b_597c_&amp;affid=22&amp;siteid=30&amp;adid=597&amp;c=\" target=\"_blank\" data-analytics-element=\"ARTICLE_TEXT_LINK\" data-analytics-alias=\"external\" rel=\"nofollow noopener\">Match nul : 5,90<\/a><\/p>\n<p><a href=\"https:\/\/wlbetclicfr.adsrv.eacdn.com\/C.ashx?btag=a_30b_597c_&amp;affid=22&amp;siteid=30&amp;adid=597&amp;c=\" target=\"_blank\" data-analytics-element=\"ARTICLE_TEXT_LINK\" data-analytics-alias=\"external\" rel=\"nofollow noopener\">Victoire de Strasbourg : 8,75<\/a><\/p>\n<p>Les cotes fournies par Betclic sont valables au moment de la publication et sont susceptibles d\u2019\u00e9voluer avant le coup d\u2019envoi.<\/p>\n","protected":false},"excerpt":{"rendered":"Le vendredi 17 octobre 2025, le PSG, leader du championnat, re\u00e7oit Strasbourg, troisi\u00e8me de Ligue 1. Paris peut&hellip;\n","protected":false},"author":2,"featured_media":465680,"comment_status":"","ping_status":"","sticky":false,"template":"","format":"standard","meta":{"footnotes":""},"categories":[2820],"tags":[1111,11,1777,674,1011,27,775,12,25,640],"class_list":{"0":"post-465679","1":"post","2":"type-post","3":"status-publish","4":"format-standard","5":"has-post-thumbnail","7":"category-strasbourg","8":"tag-actu","9":"tag-actualites","10":"tag-eu","11":"tag-europe","12":"tag-fr","13":"tag-france","14":"tag-grand-est","15":"tag-news","16":"tag-republique-francaise","17":"tag-strasbourg"},"share_on_mastodon":{"url":"https:\/\/pubeurope.com\/@fr\/115379935780508327","error":""},"_links":{"self":[{"href":"https:\/\/www.europesays.com\/fr\/wp-json\/wp\/v2\/posts\/465679","targetHints":{"allow":["GET"]}}],"collection":[{"href":"https:\/\/www.europesays.com\/fr\/wp-json\/wp\/v2\/posts"}],"about":[{"href":"https:\/\/www.europesays.com\/fr\/wp-json\/wp\/v2\/types\/post"}],"author":[{"embeddable":true,"href":"https:\/\/www.europesays.com\/fr\/wp-json\/wp\/v2\/users\/2"}],"replies":[{"embeddable":true,"href":"https:\/\/www.europesays.com\/fr\/wp-json\/wp\/v2\/comments?post=465679"}],"version-history":[{"count":0,"href":"https:\/\/www.europesays.com\/fr\/wp-json\/wp\/v2\/posts\/465679\/revisions"}],"wp:featuredmedia":[{"embeddable":true,"href":"https:\/\/www.europesays.com\/fr\/wp-json\/wp\/v2\/media\/465680"}],"wp:attachment":[{"href":"https:\/\/www.europesays.com\/fr\/wp-json\/wp\/v2\/media?parent=465679"}],"wp:term":[{"taxonomy":"category","embeddable":true,"href":"https:\/\/www.europesays.com\/fr\/wp-json\/wp\/v2\/categories?post=465679"},{"taxonomy":"post_tag","embeddable":true,"href":"https:\/\/www.europesays.com\/fr\/wp-json\/wp\/v2\/tags?post=465679"}],"curies":[{"name":"wp","href":"https:\/\/api.w.org\/{rel}","templated":true}]}}