{"id":465681,"date":"2025-10-15T19:54:12","date_gmt":"2025-10-15T19:54:12","guid":{"rendered":"https:\/\/www.europesays.com\/fr\/465681\/"},"modified":"2025-10-15T19:54:12","modified_gmt":"2025-10-15T19:54:12","slug":"nice-ce-restaurant-du-centre-ferme-du-jour-au-lendemain-par-la-police-municipale","status":"publish","type":"post","link":"https:\/\/www.europesays.com\/fr\/465681\/","title":{"rendered":"Nice. Ce restaurant du centre ferm\u00e9 du jour au lendemain par la police municipale"},"content":{"rendered":"<p>            Par<br \/>\n        <strong><br \/>\n            <a href=\"https:\/\/actu.fr\/auteur\/ugo-maillard\" title=\"Consulter tous les articles de Ugo Maillard\" rel=\"nofollow noopener\" target=\"_blank\">Ugo Maillard<\/a><br \/>\n        <\/strong><\/p>\n<p>        Publi\u00e9 le<\/p>\n<p>            15 oct. 2025 \u00e0 9h41        <\/p>\n<p>C\u2019est un restaurant embl\u00e9matique du quartier du Vieux-Nice. Depuis le vendredi 10\u00a0octobre 2025, le restaurant<strong> Le Pommier<\/strong> a baiss\u00e9 le rideau. La terrasse a \u00e9t\u00e9 rang\u00e9e et des b\u00e2ches blanches ont \u00e9t\u00e9 dress\u00e9es sur les baies vitr\u00e9es de l\u2019\u00e9tablissement implant\u00e9 en plein c\u0153ur de Nice (<a href=\"https:\/\/actu.fr\/provence-alpes-cote-d-azur\/alpes-maritimes_06\" rel=\"nofollow noopener\" target=\"_blank\">Alpes-Maritimes<\/a>). Seul un arr\u00eat\u00e9 ordonnant la fermeture est placard\u00e9 avec cette mention\u2009: \u00ab\u2009Monsieur le Maire a d\u00e9cid\u00e9 la fermeture administrative de l\u2019\u00e9tablissement \u2018Le Pommier\u2019 sis 15 rue du Pont Vieux\u2009\u00bb.<\/p>\n<p>Six mois de fermeture\u2009?<\/p>\n<p class=\" wall-content\">Sollicit\u00e9s par la r\u00e9daction d\u2019<a href=\"https:\/\/actu.fr\/nice\/\" rel=\"nofollow noopener\" target=\"_blank\">actu Nice<\/a>, les services de la Ville de Nice ont indiqu\u00e9 que \u00ab\u2009l\u2019\u00e9tablissement fait l\u2019objet d\u2019une fermeture administrative faisant suite au passage de la cellule d\u2019intervention mutualis\u00e9e\u2009\u00bb.<\/p>\n<p class=\" wall-content\">Cette <strong>cellule appartient \u00e0 la Police municipale<\/strong> ni\u00e7oise et proc\u00e8de r\u00e9guli\u00e8rement \u00e0 des contr\u00f4les de commerces dans la ville.<\/p>\n<p class=\" wall-content\">La mairie ajoute que le propri\u00e9taire du Pommier \u00ab\u2009va devoir proc\u00e9der \u00e0 des travaux pour remettre tout en conformit\u00e9 et pourra rouvrir d\u00e8s que cela sera le cas\u2009\u00bb. En revanche, elle ne souhaite pas communiquer le d\u00e9tail des manquements.<\/p>\n<p class=\" wall-content\">Sur la place Rossetti, les commer\u00e7ants rencontr\u00e9s ne s\u2019\u00e9panchent pas davantage sur les raisons de la fermeture, mais \u00e9voquent une r\u00e9ouverture dans \u00ab\u2009six mois, pour le Carnaval de Nice\u2009\u00bb.<\/p>\n<p>    <a href=\"https:\/\/www.google.com\/maps\/embed?pb=!1m18!1m12!1m3!1d2884.6380899686583!2d7.2736063765325!3d43.69728684957792!2m3!1f0!2f0!3f0!3m2!1i1024!2i768!4f13.1!3m3!1m2!1s0x12cddabcb3788f3d%3A0xb4b463f366186c6f!2sPl.%20Rossetti%2C%2006300%20Nice!5e0!3m2!1sfr!2sfr!4v1760512610405!5m2!1sfr!2sfr\" title=\"Ouvrie le lien\" rel=\"nofollow noopener\" target=\"_blank\">Cliquez ici pour visualiser le contenu<\/a><\/p>\n<p class=\" wall-content\">Contact\u00e9e, la direction de l\u2019\u00e9tablissement n\u2019a pas r\u00e9pondu.<\/p>\n<p class=\" wall-content\">Personnalisez votre actualit\u00e9 en ajoutant vos villes et m\u00e9dias en favori avec <a href=\"https:\/\/moncompte.actu.fr\" title=\"D\u00e9couvez Mon Actu\" rel=\"nofollow noopener\" data-trk=\"{&quot;cta&quot;:{&quot;action&quot;:&quot;https:\\\/\\\/moncompte.actu.fr&quot;,&quot;category&quot;:&quot;mon compte&quot;,&quot;from&quot;:&quot;article footer&quot;,&quot;name&quot;:&quot;Mon actu&quot;,&quot;type&quot;:&quot;cta&quot;}}\" target=\"_blank\">Mon Actu<\/a>.<\/p>\n","protected":false},"excerpt":{"rendered":"Par Ugo Maillard Publi\u00e9 le 15 oct. 2025 \u00e0 9h41 C\u2019est un restaurant embl\u00e9matique du quartier du Vieux-Nice.&hellip;\n","protected":false},"author":2,"featured_media":465682,"comment_status":"","ping_status":"","sticky":false,"template":"","format":"standard","meta":{"footnotes":""},"categories":[2819],"tags":[1111,11,1777,674,1011,27,1305,12,2401,882,25,1340],"class_list":{"0":"post-465681","1":"post","2":"type-post","3":"status-publish","4":"format-standard","5":"has-post-thumbnail","7":"category-nice","8":"tag-actu","9":"tag-actualites","10":"tag-eu","11":"tag-europe","12":"tag-fr","13":"tag-france","14":"tag-lifestyle","15":"tag-news","16":"tag-nice","17":"tag-provence-alpes-cote-dazur","18":"tag-republique-francaise","19":"tag-restaurant"},"share_on_mastodon":{"url":"","error":""},"_links":{"self":[{"href":"https:\/\/www.europesays.com\/fr\/wp-json\/wp\/v2\/posts\/465681","targetHints":{"allow":["GET"]}}],"collection":[{"href":"https:\/\/www.europesays.com\/fr\/wp-json\/wp\/v2\/posts"}],"about":[{"href":"https:\/\/www.europesays.com\/fr\/wp-json\/wp\/v2\/types\/post"}],"author":[{"embeddable":true,"href":"https:\/\/www.europesays.com\/fr\/wp-json\/wp\/v2\/users\/2"}],"replies":[{"embeddable":true,"href":"https:\/\/www.europesays.com\/fr\/wp-json\/wp\/v2\/comments?post=465681"}],"version-history":[{"count":0,"href":"https:\/\/www.europesays.com\/fr\/wp-json\/wp\/v2\/posts\/465681\/revisions"}],"wp:featuredmedia":[{"embeddable":true,"href":"https:\/\/www.europesays.com\/fr\/wp-json\/wp\/v2\/media\/465682"}],"wp:attachment":[{"href":"https:\/\/www.europesays.com\/fr\/wp-json\/wp\/v2\/media?parent=465681"}],"wp:term":[{"taxonomy":"category","embeddable":true,"href":"https:\/\/www.europesays.com\/fr\/wp-json\/wp\/v2\/categories?post=465681"},{"taxonomy":"post_tag","embeddable":true,"href":"https:\/\/www.europesays.com\/fr\/wp-json\/wp\/v2\/tags?post=465681"}],"curies":[{"name":"wp","href":"https:\/\/api.w.org\/{rel}","templated":true}]}}