{"id":465685,"date":"2025-10-15T19:56:25","date_gmt":"2025-10-15T19:56:25","guid":{"rendered":"https:\/\/www.europesays.com\/fr\/465685\/"},"modified":"2025-10-15T19:56:25","modified_gmt":"2025-10-15T19:56:25","slug":"pierre-le-rhun-militant-breton-et-ancien-professeur-a-nantes-est-decede","status":"publish","type":"post","link":"https:\/\/www.europesays.com\/fr\/465685\/","title":{"rendered":"Pierre le Rhun, militant breton et ancien professeur \u00e0 Nantes, est d\u00e9c\u00e9d\u00e9"},"content":{"rendered":"<p>Pierre le Rhun, d\u2019abord enseignant d\u2019histoire-g\u00e9ographie au lyc\u00e9e Clemenceau puis professeur de g\u00e9ographie \u00e0 l\u2019Universit\u00e9 de Nantes et grand militant breton, est d\u00e9c\u00e9d\u00e9 \u00e0 l\u2019h\u00f4pital de Pont-l\u2019Abb\u00e9, dans le Finist\u00e8re, \u00e0 l\u2019\u00e2ge de 89\u00a0ans, dimanche 12\u00a0octobre.<\/p>\n<p>Auteur de nombreux articles sur la Bretagne, il a aussi coordonn\u00e9 plusieurs ouvrages de r\u00e9f\u00e9rence, en particulier G\u00e9ographie de la Bretagne, dont il a dirig\u00e9 une version num\u00e9rique.<\/p>\n<p>Un des responsables de la section Ar Falz \u2013 Skol Vreiz de Loire-Atlantique<\/p>\n<p>Il\u00a0a \u00e9t\u00e9 longtemps l\u2019un des responsables de la section<a href=\"https:\/\/acb44.bzh\/index.php\/assos-entreprises\/patrimoine-culture\/362-ar-falz-44?iccaldate=2021-04-1\" target=\"_blank\" rel=\"noopener\"> Ar Falz \u2013 Skol Vreiz de Loire-Atlantique<\/a>. Il \u00e9tait engag\u00e9 pour la r\u00e9unification administrative de la Bretagne. Il a d\u2019ailleurs pr\u00e9sid\u00e9 le\u00a0comit\u00e9 pour l\u2019unit\u00e9 administrative de la Bretagne (CUAB), devenu Bretagne r\u00e9unie.<\/p>\n<p>Ses obs\u00e8ques auront lieu vendredi 17\u00a0octobre, \u00e0 14\u00a0h\u00a030, \u00e0 l\u2019\u00e9glise de Tr\u00e9m\u00e9oc (Finist\u00e8re).<\/p>\n<p>\u00a0<\/p>\n","protected":false},"excerpt":{"rendered":"Pierre le Rhun, d\u2019abord enseignant d\u2019histoire-g\u00e9ographie au lyc\u00e9e Clemenceau puis professeur de g\u00e9ographie \u00e0 l\u2019Universit\u00e9 de Nantes et&hellip;\n","protected":false},"author":2,"featured_media":465686,"comment_status":"","ping_status":"","sticky":false,"template":"","format":"standard","meta":{"footnotes":""},"categories":[2818],"tags":[1111,11,4255,6978,1762,1777,674,1011,27,12820,766,12,2636,11850,1127,25,58930,4937],"class_list":{"0":"post-465685","1":"post","2":"type-post","3":"status-publish","4":"format-standard","5":"has-post-thumbnail","7":"category-nantes","8":"tag-actu","9":"tag-actualites","10":"tag-ancien","11":"tag-breton","12":"tag-decede","13":"tag-eu","14":"tag-europe","15":"tag-fr","16":"tag-france","17":"tag-militant","18":"tag-nantes","19":"tag-news","20":"tag-pays-de-la-loire","21":"tag-pierre","22":"tag-professeur","23":"tag-republique-francaise","24":"tag-rhun","25":"tag-saint-brieuc"},"share_on_mastodon":{"url":"https:\/\/pubeurope.com\/@fr\/115379947693790886","error":""},"_links":{"self":[{"href":"https:\/\/www.europesays.com\/fr\/wp-json\/wp\/v2\/posts\/465685","targetHints":{"allow":["GET"]}}],"collection":[{"href":"https:\/\/www.europesays.com\/fr\/wp-json\/wp\/v2\/posts"}],"about":[{"href":"https:\/\/www.europesays.com\/fr\/wp-json\/wp\/v2\/types\/post"}],"author":[{"embeddable":true,"href":"https:\/\/www.europesays.com\/fr\/wp-json\/wp\/v2\/users\/2"}],"replies":[{"embeddable":true,"href":"https:\/\/www.europesays.com\/fr\/wp-json\/wp\/v2\/comments?post=465685"}],"version-history":[{"count":0,"href":"https:\/\/www.europesays.com\/fr\/wp-json\/wp\/v2\/posts\/465685\/revisions"}],"wp:featuredmedia":[{"embeddable":true,"href":"https:\/\/www.europesays.com\/fr\/wp-json\/wp\/v2\/media\/465686"}],"wp:attachment":[{"href":"https:\/\/www.europesays.com\/fr\/wp-json\/wp\/v2\/media?parent=465685"}],"wp:term":[{"taxonomy":"category","embeddable":true,"href":"https:\/\/www.europesays.com\/fr\/wp-json\/wp\/v2\/categories?post=465685"},{"taxonomy":"post_tag","embeddable":true,"href":"https:\/\/www.europesays.com\/fr\/wp-json\/wp\/v2\/tags?post=465685"}],"curies":[{"name":"wp","href":"https:\/\/api.w.org\/{rel}","templated":true}]}}