{"id":465704,"date":"2025-10-15T20:06:17","date_gmt":"2025-10-15T20:06:17","guid":{"rendered":"https:\/\/www.europesays.com\/fr\/465704\/"},"modified":"2025-10-15T20:06:17","modified_gmt":"2025-10-15T20:06:17","slug":"quatre-etablissements-fermes-la-nouvelle-loi-entre-en-application","status":"publish","type":"post","link":"https:\/\/www.europesays.com\/fr\/465704\/","title":{"rendered":"quatre \u00e9tablissements ferm\u00e9s, la nouvelle loi entre en application"},"content":{"rendered":"<p>\u00ab\u00a0Nous montons en puissance dans la mise en \u0153uvre de la loi Narcotrafic\u00a0\u00bb, affirme tout de go le pr\u00e9fet d\u00e9l\u00e9gu\u00e9 pour la d\u00e9fense et la s\u00e9curit\u00e9 Antoine Gu\u00e9rin. Dont acte, ce mercredi 15\u00a0octobre\u00a0: deux \u00e9tablissements de restauration, El Morjane (Lyon 3e) et Rosa Parks (Lyon 9e), ont \u00e9t\u00e9 ferm\u00e9s administrativement dans la soir\u00e9e pour une dur\u00e9e de trois mois chacun. Fini les circonvolutions. Les probl\u00e8mes d\u2019hygi\u00e8ne, <a href=\"https:\/\/www.leprogres.fr\/faits-divers-justice\/2024\/06\/05\/operation-place-nette-a-rillieux-la-pape-trois-restaurants-fermes-pour-manquements-graves-a-l-hygiene\" target=\"_blank\" rel=\"noopener\">r\u00e9guli\u00e8rement avanc\u00e9s dans le cadre de l\u2019op\u00e9ration \u00ab\u00a0place nette\u00a0\u00bb<\/a> pour faire baisser le rideau aux \u00e9tablissements soup\u00e7onn\u00e9s de servir au blanchiment d\u2019argent, laissent place \u00e0 un vocable plus direct.<\/p>\n<p>  Un plan d\u2019action \u00ab sp\u00e9cifique au secteur \u00bb<\/p>\n<p>Une op\u00e9ration a \u00e9t\u00e9 men\u00e9e ce mercredi en soir\u00e9e. Le fast-food El Morjane, situ\u00e9 au 47, rue Villeroy, dans le 3e arrondissement de Lyon, pans un p\u00e9rim\u00e8tre englobant Villeroy, Vend\u00f4me, Paul Bert, o\u00f9 les faits de d\u00e9linquance sont en nette augmentation depuis plusieurs mois (tirs par arme \u00e0 feu, rixes, trafic), se trouve ainsi \u00eatre \u00ab\u00a0r\u00e9guli\u00e8rement au centre des dol\u00e9ances et interventions des services de police\u00a0\u00bb et \u00ab\u00a0constitue un lieu de refuge des personnes s\u2019adonnant \u00e0 ses trafics\u00a0\u00bb, peut-on lire dans l\u2019arr\u00eat\u00e9 pr\u00e9fectoral. C\u00f4t\u00e9 chiffres, il appara\u00eet qu\u2019au cours de l\u2019ann\u00e9e 2025, 214 interpellations ont \u00e9t\u00e9 r\u00e9alis\u00e9es \u00e0 proximit\u00e9 du restaurant.<\/p>\n<p>\u00ab\u00a0La police nationale d\u00e9ploie un plan d\u2019action sp\u00e9cifique au quartier\u00a0\u00bb, d\u00e9taille le pr\u00e9fet d\u00e9l\u00e9gu\u00e9. Ce dernier comprend, entre autres actions, \u00ab\u00a0la cr\u00e9ation d\u2019un groupe de partenariat op\u00e9rationnel par la police nationale d\u00e9di\u00e9 au suivi sp\u00e9cifique de ce secteur\u00a0\u00bb, \u00ab\u00a0un d\u00e9ploiement d\u2019unit\u00e9s d\u00e9di\u00e9es aux interpellations en flagrant d\u00e9lit\u00a0\u00bb et \u00ab\u00a0des fermetures administratives des \u00e9tablissements qui sont li\u00e9s aux trafics de stup\u00e9fiants et qui g\u00e9n\u00e8rent des troubles \u00e0 l\u2019ordre public\u00a0\u00bb<\/p>\n<p>M\u00eame tarif pour le Rosa Parks, situ\u00e9 17 place Gis\u00e8le Halimi \u00e0 Lyon 9e, qui avait d\u00e9j\u00e0 fait l\u2019objet d\u2019une fermeture administrative de 15 jours en f\u00e9vrier dernier pour travail dissimul\u00e9. Cette fois-ci, l\u2019enseigne de La Duch\u00e8re est clairement accus\u00e9e d\u2019\u00eatre \u00ab\u00a0en lien avec le trafic de stup\u00e9fiants\u00a0\u00bb et d\u2019occasionner \u00ab\u00a0de graves troubles \u00e0 l\u2019ordre public en son sein et ses abords\u00a0\u00bb.<\/p>\n<p>Tous les points chauds de la m\u00e9tropole semblent \u00eatre ainsi dans le viseur des forces de l\u2019ordre, des sources s\u00e9curitaires annon\u00e7ant \u00e9galement les fermetures d\u2019une sup\u00e9rette \u00e0 V\u00e9nissieux et un caf\u00e9 \u00e0 Villeurbanne, pour des motifs identiques.<\/p>\n","protected":false},"excerpt":{"rendered":"\u00ab\u00a0Nous montons en puissance dans la mise en \u0153uvre de la loi Narcotrafic\u00a0\u00bb, affirme tout de go le&hellip;\n","protected":false},"author":2,"featured_media":465705,"comment_status":"","ping_status":"","sticky":false,"template":"","format":"standard","meta":{"footnotes":""},"categories":[1889],"tags":[1111,11,2430,271,272,2757,1777,674,274,1011,27,2428,12,25,2429],"class_list":{"0":"post-465704","1":"post","2":"type-post","3":"status-publish","4":"format-standard","5":"has-post-thumbnail","7":"category-lyon","8":"tag-actu","9":"tag-actualites","10":"tag-auvergne-rhone-alpes","11":"tag-crime","12":"tag-delit-et-contravention","13":"tag-edition-lyon-villeurbanne","14":"tag-eu","15":"tag-europe","16":"tag-faits-divers-justice","17":"tag-fr","18":"tag-france","19":"tag-lyon","20":"tag-news","21":"tag-republique-francaise","22":"tag-rhone"},"share_on_mastodon":{"url":"https:\/\/pubeurope.com\/@fr\/115379986984356502","error":""},"_links":{"self":[{"href":"https:\/\/www.europesays.com\/fr\/wp-json\/wp\/v2\/posts\/465704","targetHints":{"allow":["GET"]}}],"collection":[{"href":"https:\/\/www.europesays.com\/fr\/wp-json\/wp\/v2\/posts"}],"about":[{"href":"https:\/\/www.europesays.com\/fr\/wp-json\/wp\/v2\/types\/post"}],"author":[{"embeddable":true,"href":"https:\/\/www.europesays.com\/fr\/wp-json\/wp\/v2\/users\/2"}],"replies":[{"embeddable":true,"href":"https:\/\/www.europesays.com\/fr\/wp-json\/wp\/v2\/comments?post=465704"}],"version-history":[{"count":0,"href":"https:\/\/www.europesays.com\/fr\/wp-json\/wp\/v2\/posts\/465704\/revisions"}],"wp:featuredmedia":[{"embeddable":true,"href":"https:\/\/www.europesays.com\/fr\/wp-json\/wp\/v2\/media\/465705"}],"wp:attachment":[{"href":"https:\/\/www.europesays.com\/fr\/wp-json\/wp\/v2\/media?parent=465704"}],"wp:term":[{"taxonomy":"category","embeddable":true,"href":"https:\/\/www.europesays.com\/fr\/wp-json\/wp\/v2\/categories?post=465704"},{"taxonomy":"post_tag","embeddable":true,"href":"https:\/\/www.europesays.com\/fr\/wp-json\/wp\/v2\/tags?post=465704"}],"curies":[{"name":"wp","href":"https:\/\/api.w.org\/{rel}","templated":true}]}}