{"id":465712,"date":"2025-10-15T20:11:17","date_gmt":"2025-10-15T20:11:17","guid":{"rendered":"https:\/\/www.europesays.com\/fr\/465712\/"},"modified":"2025-10-15T20:11:17","modified_gmt":"2025-10-15T20:11:17","slug":"carole-bouquet-victime-dun-malaise-sur-scene-alors-quelle-jouait-son-spectacle-a-paris","status":"publish","type":"post","link":"https:\/\/www.europesays.com\/fr\/465712\/","title":{"rendered":"Carole Bouquet victime d&rsquo;un malaise sur sc\u00e8ne alors qu&rsquo;elle jouait son spectacle \u00e0 Paris"},"content":{"rendered":"<p>Ce mercredi 15 octobre, Carole Bouquet a \u00e9t\u00e9 victime d&rsquo;un malaise sur sc\u00e8ne \u00e0 Paris alors qu&rsquo;elle jouait Le Professeur. Elle n&rsquo;a pas pu finir sa lecture, qui a \u00e9t\u00e9 reprise par Muriel Mayette-Holtz, sa metteuse en sc\u00e8ne. <\/p>\n<p>Grosse frayeur pour Carole Bouquet ! La com\u00e9dienne est de retour sur les planches avec un seul en sc\u00e8ne baptis\u00e9 le Professeur, qui \u00e9voque les derniers jours de Samuel Paty. Mais ce mercredi 15 octobre, <a href=\"https:\/\/www.programme-tv.net\/news\/people\/359958-en-tant-que-mere-on-n-est-pas-la-mieux-placee-carole-bouquet-s-exprime-sur-la-rupture-entre-charlotte-casiraghi-et-son-fils-dimitri-rassam\/\" data-api-deeplink=\"teleloisirs:\/\/news\/359958\" target=\"_blank\" rel=\"noopener\">la m\u00e8re de Dimitri Rassam <\/a>a \u00e9t\u00e9 victime d&rsquo;un malaise, alors qu&rsquo;elle jouait son spectacle \u00e0 la Scala \u00e0 Paris, comme le rapportent nos confr\u00e8res du <a href=\"https:\/\/www.leparisien.fr\/culture-loisirs\/carole-bouquet-victime-dun-malaise-a-la-scala-la-metteuse-en-scene-finit-la-piece-15-10-2025-Y6AE737NJVBP7DBQLPFFYP27AQ.php\" target=\"_blank\" rel=\"noopener\">Parisien<\/a>. \u00ab\u00a0On avait eu du mal \u00e0 comprendre ses deux phrases pr\u00e9c\u00e9dentes et elle s\u2019est \u00e9croul\u00e9e, raconte un spectateur. On a cru \u00e0 une mise en sc\u00e8ne, mais le rideau s\u2019est ferm\u00e9. Et le m\u00e9decin de permanence dans la salle s\u2019est tout de suite rendu sur la sc\u00e8ne\u00a0\u00bb, raconte un spectateur cit\u00e9 par le quotidien. <a href=\"https:\/\/www.programme-tv.net\/biographie\/259676-mayette-holtz-muriel\/\" data-link-people=\"e41f322e-3677-4ee9-adc1-c5a05583d4e5\" target=\"_blank\" rel=\"noopener\">Muriel Mayette-Holtz<\/a>, qui met en sc\u00e8ne le spectacle, a propos\u00e9 quelques minutes plus tard de finir la lecture car Carole Bouquet ne se sentait pas de le faire.  Comme le pr\u00e9cise un t\u00e9moin pr\u00e9sent dans la salle, la com\u00e9dienne est revenue saluer le public \u00e0 la fin de la pi\u00e8ce avec sa metteuse en sc\u00e8ne. \u00ab\u00a0Elles se sont embrass\u00e9es mais elle n\u2019a pas parl\u00e9\u00a0\u00bb, indique-t-il. La Scala a rassur\u00e9 sur l&rsquo;\u00e9tat de la com\u00e9dienne. <b>\u00ab\u00a0Carole va mieux. Un coup de mou, \u00e7a arrive. Elle devrait reprendre la pi\u00e8ce d\u00e8s demain\u00a0\u00bb<\/b><b>,<\/b> pr\u00e9cisent les responsables de la salle.<\/p>\n<p>                        Carole Bouquet a fait sensation avec une audace capillaire<\/p>\n<p>Carole Bouquet avait fait une apparition remarqu\u00e9e au d\u00e9fil\u00e9 Chanel<a href=\"https:\/\/www.programme-tv.net\/news\/people\/389219-carole-bouquet-s-exprime-sur-son-nouveau-look-etonnant-et-donne-les-raisons-de-ce-gros-changement-je-n-ai-pas-fait-expres\/\" data-api-deeplink=\"teleloisirs:\/\/news\/389219\" target=\"_blank\" rel=\"noopener\"> en arborant une coiffure qu&rsquo;on ne lui connaissait pas, des tresses plaqu\u00e9es et des dreadlocks mi-longues<\/a>. Sur le plateau de C \u00e0 vous, elle s&rsquo;\u00e9tait amus\u00e9e de ces r\u00e9actions. \u00ab\u00a0J&rsquo;ai pas fait expr\u00e8s\u00a0\u00bb, avait-elle indiqu\u00e9. Elle avait ensuite expliqu\u00e9 ce qui avait motiv\u00e9 ce choix capillaire audacieux. \u00ab\u00a0Je viens d&rsquo;un film o\u00f9 je joue une \u00e9colo l\u00e9g\u00e8rement nymphomane, mais en m\u00eame temps ing\u00e9nieure&#8230; Je cherche absolument un homme. Cet homme, \u00e7a va tomber sur <a href=\"https:\/\/www.programme-tv.net\/biographie\/303-luchini-fabrice\/\" data-api-deeplink=\"teleloisirs:\/\/person\/303\" target=\"_blank\" rel=\"noopener\">Fabrice Luchini<\/a>, qui va dire : &lsquo;Non, je ne cherche pas de femme&rsquo;, jusqu&rsquo;au jour o\u00f9 il va c\u00e9der\u00a0\u00bb, avait-elle r\u00e9v\u00e9l\u00e9. Dans 20h30 le dimanche, elle a pr\u00e9cis\u00e9 que cette fantaisie capillaire n\u00e9cessitait neuf heures de travail.<\/p>\n<p>            Pierre Arditi avait lui aussi \u00e9t\u00e9 victime d&rsquo;un malaise sur sc\u00e8ne<\/p>\n<p>Ce n&rsquo;est pas la premi\u00e8re fois qu&rsquo;un com\u00e9dien provoque l&rsquo;\u00e9moi en faisant un malaise sur sc\u00e8ne. <a href=\"https:\/\/www.programme-tv.net\/news\/people\/388248-muriel-a-eu-un-avantage-enorme-pierre-arditi-se-confie-avec-humour-sur-son-malaise-sur-scene-avec-muriel-robin-video\/\" data-api-deeplink=\"teleloisirs:\/\/news\/388248\" target=\"_blank\" rel=\"noopener\">La pi\u00e8ce Lapin avec Pierre Arditi et Muriel Robin a \u00e9t\u00e9 interrompue \u00e0 deux reprises par de tels incidents. <\/a>\u00ab\u00a0Quand j&rsquo;ai eu mon petit p\u00e9pin de sant\u00e9, il y a maintenant [deux ans], je suis tomb\u00e9 dans ses bras en sc\u00e8ne, et donc elle a un souvenir de \u00e7a merveilleux\u2026Parce que ce n&rsquo;est quand m\u00eame pas tous les jours qu&rsquo;Arditi tombe dans les bras de <a href=\"https:\/\/www.programme-tv.net\/biographie\/12213-robin-muriel\/\" data-api-deeplink=\"teleloisirs:\/\/person\/12213\" target=\"_blank\" rel=\"noopener\">Muriel Robin<\/a>\u00ab\u00a0, avait pr\u00e9f\u00e9r\u00e9 s&rsquo;en amuser Pierre Arditi.<\/p>\n","protected":false},"excerpt":{"rendered":"Ce mercredi 15 octobre, Carole Bouquet a \u00e9t\u00e9 victime d&rsquo;un malaise sur sc\u00e8ne \u00e0 Paris alors qu&rsquo;elle jouait&hellip;\n","protected":false},"author":2,"featured_media":465713,"comment_status":"","ping_status":"","sticky":false,"template":"","format":"standard","meta":{"footnotes":""},"categories":[1888],"tags":[1111,1928,11,1927,42573,244,1777,674,1011,27,33355,12,1926,626,1925,25,4698],"class_list":{"0":"post-465712","1":"post","2":"type-post","3":"status-publish","4":"format-standard","5":"has-post-thumbnail","7":"category-paris","8":"tag-actu","9":"tag-actu-paris","10":"tag-actualites","11":"tag-actualites-paris","12":"tag-carole-bouquet","13":"tag-commentaire","14":"tag-eu","15":"tag-europe","16":"tag-fr","17":"tag-france","18":"tag-malaise","19":"tag-news","20":"tag-news-paris","21":"tag-paris","22":"tag-paris-news","23":"tag-republique-francaise","24":"tag-thu00e9u00e2tre"},"share_on_mastodon":{"url":"https:\/\/pubeurope.com\/@fr\/115380006640357692","error":""},"_links":{"self":[{"href":"https:\/\/www.europesays.com\/fr\/wp-json\/wp\/v2\/posts\/465712","targetHints":{"allow":["GET"]}}],"collection":[{"href":"https:\/\/www.europesays.com\/fr\/wp-json\/wp\/v2\/posts"}],"about":[{"href":"https:\/\/www.europesays.com\/fr\/wp-json\/wp\/v2\/types\/post"}],"author":[{"embeddable":true,"href":"https:\/\/www.europesays.com\/fr\/wp-json\/wp\/v2\/users\/2"}],"replies":[{"embeddable":true,"href":"https:\/\/www.europesays.com\/fr\/wp-json\/wp\/v2\/comments?post=465712"}],"version-history":[{"count":0,"href":"https:\/\/www.europesays.com\/fr\/wp-json\/wp\/v2\/posts\/465712\/revisions"}],"wp:featuredmedia":[{"embeddable":true,"href":"https:\/\/www.europesays.com\/fr\/wp-json\/wp\/v2\/media\/465713"}],"wp:attachment":[{"href":"https:\/\/www.europesays.com\/fr\/wp-json\/wp\/v2\/media?parent=465712"}],"wp:term":[{"taxonomy":"category","embeddable":true,"href":"https:\/\/www.europesays.com\/fr\/wp-json\/wp\/v2\/categories?post=465712"},{"taxonomy":"post_tag","embeddable":true,"href":"https:\/\/www.europesays.com\/fr\/wp-json\/wp\/v2\/tags?post=465712"}],"curies":[{"name":"wp","href":"https:\/\/api.w.org\/{rel}","templated":true}]}}