{"id":465720,"date":"2025-10-15T20:15:13","date_gmt":"2025-10-15T20:15:13","guid":{"rendered":"https:\/\/www.europesays.com\/fr\/465720\/"},"modified":"2025-10-15T20:15:13","modified_gmt":"2025-10-15T20:15:13","slug":"ces-deux-sevriens-restent-mobilises-pour-lukraine","status":"publish","type":"post","link":"https:\/\/www.europesays.com\/fr\/465720\/","title":{"rendered":"ces Deux-S\u00e9vriens restent mobilis\u00e9s pour l\u2019Ukraine"},"content":{"rendered":"<p>B\u00e9quilles, fauteuils roulants, d\u00e9ambulateurs, mais aussi couvertures, appareils de chauffage, lait pour b\u00e9b\u00e9, v\u00eatements pour enfants, jouets\u00a0: deux camions ont \u00e9t\u00e9 charg\u00e9s de dons mercredi 15\u00a0octobre 2025 \u00e0 Mauz\u00e9-sur-le-Mignon et Azay-le-Br\u00fbl\u00e9, dans les Deux-S\u00e8vres, \u00e0 destination de l\u2019Ukraine.<\/p>\n<p>Le transport \u00e9tant assur\u00e9 par des membres du Rotary club de Nantes, plusieurs associations deux-s\u00e9vriennes se sont mobilis\u00e9es pour r\u00e9unir les mat\u00e9riels et produits qui font d\u00e9faut en Ukraine, coordonn\u00e9es par Amiti\u00e9 sans fronti\u00e8res. Cette association n\u00e9e dans les ann\u00e9es 1990 pour accueillir dans les Deux-S\u00e8vres des \u00e9tudiants en agriculture marocains et ukrainiens, mise en sommeil en 2018, s\u2019est r\u00e9activ\u00e9e en f\u00e9vrier\u00a02022 pour accueillir des r\u00e9fugi\u00e9s ukrainiens puis envoyer des dons&#8230;. <\/p>\n<p>    Cet article a \u00e9t\u00e9 tronqu\u00e9. Abonnez-vous pour lire l&rsquo;article complet sur notre site.<\/p>\n<p style=\"margin: 0 !important; padding: 0 !important; font-size: 12px !important;\">Cet article a \u00e9t\u00e9 tronqu\u00e9. Abonnez-vous pour lire l&rsquo;article complet.<\/p>\n<p>    <a href=\"https:\/\/www.lanouvellerepublique.fr\/abonnements\" style=\"display: inline-block; margin-top: 5px !important; padding: 6px 12px !important; background: #cb1c27; color: white; text-decoration: none; border-radius: 4px; font-size: 12px !important;\" target=\"_blank\" rel=\"noopener\"><br \/>\n      S&rsquo;abonner<br \/>\n    <\/a><\/p>\n","protected":false},"excerpt":{"rendered":"B\u00e9quilles, fauteuils roulants, d\u00e9ambulateurs, mais aussi couvertures, appareils de chauffage, lait pour b\u00e9b\u00e9, v\u00eatements pour enfants, jouets\u00a0: deux&hellip;\n","protected":false},"author":2,"featured_media":465721,"comment_status":"","ping_status":"","sticky":false,"template":"","format":"standard","meta":{"footnotes":""},"categories":[1590],"tags":[1392,11,58934,1674,1777,674,57877,12,3400,220],"class_list":{"0":"post-465720","1":"post","2":"type-post","3":"status-publish","4":"format-standard","5":"has-post-thumbnail","7":"category-ukraine","8":"tag-a-la-une-local","9":"tag-actualites","10":"tag-azay-le-brule","11":"tag-communes","12":"tag-eu","13":"tag-europe","14":"tag-mauze-sur-le-mignon","15":"tag-news","16":"tag-solidarite","17":"tag-ukraine"},"share_on_mastodon":{"url":"https:\/\/pubeurope.com\/@fr\/115380022390055915","error":""},"_links":{"self":[{"href":"https:\/\/www.europesays.com\/fr\/wp-json\/wp\/v2\/posts\/465720","targetHints":{"allow":["GET"]}}],"collection":[{"href":"https:\/\/www.europesays.com\/fr\/wp-json\/wp\/v2\/posts"}],"about":[{"href":"https:\/\/www.europesays.com\/fr\/wp-json\/wp\/v2\/types\/post"}],"author":[{"embeddable":true,"href":"https:\/\/www.europesays.com\/fr\/wp-json\/wp\/v2\/users\/2"}],"replies":[{"embeddable":true,"href":"https:\/\/www.europesays.com\/fr\/wp-json\/wp\/v2\/comments?post=465720"}],"version-history":[{"count":0,"href":"https:\/\/www.europesays.com\/fr\/wp-json\/wp\/v2\/posts\/465720\/revisions"}],"wp:featuredmedia":[{"embeddable":true,"href":"https:\/\/www.europesays.com\/fr\/wp-json\/wp\/v2\/media\/465721"}],"wp:attachment":[{"href":"https:\/\/www.europesays.com\/fr\/wp-json\/wp\/v2\/media?parent=465720"}],"wp:term":[{"taxonomy":"category","embeddable":true,"href":"https:\/\/www.europesays.com\/fr\/wp-json\/wp\/v2\/categories?post=465720"},{"taxonomy":"post_tag","embeddable":true,"href":"https:\/\/www.europesays.com\/fr\/wp-json\/wp\/v2\/tags?post=465720"}],"curies":[{"name":"wp","href":"https:\/\/api.w.org\/{rel}","templated":true}]}}