{"id":465742,"date":"2025-10-15T20:27:14","date_gmt":"2025-10-15T20:27:14","guid":{"rendered":"https:\/\/www.europesays.com\/fr\/465742\/"},"modified":"2025-10-15T20:27:14","modified_gmt":"2025-10-15T20:27:14","slug":"ce-nest-plus-la-troisieme-force-du-tennis","status":"publish","type":"post","link":"https:\/\/www.europesays.com\/fr\/465742\/","title":{"rendered":"\u00ab Ce n\u2019est plus la troisi\u00e8me force du tennis \u00bb"},"content":{"rendered":"<p>                <img decoding=\"async\" src=\"https:\/\/www.europesays.com\/fr\/wp-content\/uploads\/2025\/10\/KXhp.jpg\" fetchpriority=\"high\" alt=\"Boris Becker ne m\u00e2che pas ses mots sur Zverev : \u00ab Ce n\u2019est plus la troisi\u00e8me force du tennis \u00bb\"\/><\/p>\n<p>Dans une sortie remarqu\u00e9e, Boris Becker s\u2019est dit \u00ab inquiet \u00bb pour Alexander Zverev. Selon lui, le n\u00b03 mondial stagne depuis plusieurs mois, incapable de rivaliser avec Alcaraz, Sinner\u2026 et m\u00eame un Djokovic de 38 ans.<\/p>\n<p>N\u00b03 mondial, Alexander Zverev n\u2019a pas connu une ann\u00e9e digne de son classement. L\u2019Allemand n\u2019a jamais \u00e9t\u00e9 en mesure de rivaliser avec le duo Alcaraz-Sinner et a m\u00eame vu Novak Djokovic, pourtant sur ses 38 ans, faire preuve d\u2019une meilleure r\u00e9gularit\u00e9 que lui dans les Grands Chelems.<\/p>\n<p>De quoi alerter l\u2019ancien champion Boris Becker, qui reconna\u00eet \u00eatre d\u00e9\u00e7u de la deuxi\u00e8me partie de saison du joueur de 27 ans.<\/p>\n<p>\u00ab Je pensais que pendant l\u2019\u00e9t\u00e9, apr\u00e8s sa pause prise apr\u00e8s Wimbledon, ses performances allaient s\u2019am\u00e9liorer. Je pensais qu\u2019il frappait \u00e0 la porte de Jannik Sinner et de Carlos Alcaraz, qu\u2019il \u00e9tait la troisi\u00e8me force du tennis masculin.<\/p>\n<p><strong>Mais en ce moment, c\u2019est Novak Djokovic, 38 ans. Sascha est vraiment \u00e0 la recherche de sa meilleure forme.<\/strong><\/p>\n<p>Rien ne se passe \u00e9galement dans son box. Il y a son p\u00e8re et son fr\u00e8re. Ce sont les m\u00eames visages depuis des ann\u00e9es et des ann\u00e9es. Si les choses se passaient bien, je serais le premier \u00e0 le f\u00e9liciter et \u00e0 dire : &lsquo;Nous avons une superstar maintenant !&rsquo;. Mais je suis un peu inquiet pour la suite. \u00bb<\/p>\n","protected":false},"excerpt":{"rendered":"Dans une sortie remarqu\u00e9e, Boris Becker s\u2019est dit \u00ab inquiet \u00bb pour Alexander Zverev. Selon lui, le n\u00b03&hellip;\n","protected":false},"author":2,"featured_media":465743,"comment_status":"","ping_status":"","sticky":false,"template":"","format":"standard","meta":{"footnotes":""},"categories":[1415],"tags":[1011,27,60,1467],"class_list":{"0":"post-465742","1":"post","2":"type-post","3":"status-publish","4":"format-standard","5":"has-post-thumbnail","7":"category-tennis","8":"tag-fr","9":"tag-france","10":"tag-sports","11":"tag-tennis"},"share_on_mastodon":{"url":"https:\/\/pubeurope.com\/@fr\/115380069984059704","error":""},"_links":{"self":[{"href":"https:\/\/www.europesays.com\/fr\/wp-json\/wp\/v2\/posts\/465742","targetHints":{"allow":["GET"]}}],"collection":[{"href":"https:\/\/www.europesays.com\/fr\/wp-json\/wp\/v2\/posts"}],"about":[{"href":"https:\/\/www.europesays.com\/fr\/wp-json\/wp\/v2\/types\/post"}],"author":[{"embeddable":true,"href":"https:\/\/www.europesays.com\/fr\/wp-json\/wp\/v2\/users\/2"}],"replies":[{"embeddable":true,"href":"https:\/\/www.europesays.com\/fr\/wp-json\/wp\/v2\/comments?post=465742"}],"version-history":[{"count":0,"href":"https:\/\/www.europesays.com\/fr\/wp-json\/wp\/v2\/posts\/465742\/revisions"}],"wp:featuredmedia":[{"embeddable":true,"href":"https:\/\/www.europesays.com\/fr\/wp-json\/wp\/v2\/media\/465743"}],"wp:attachment":[{"href":"https:\/\/www.europesays.com\/fr\/wp-json\/wp\/v2\/media?parent=465742"}],"wp:term":[{"taxonomy":"category","embeddable":true,"href":"https:\/\/www.europesays.com\/fr\/wp-json\/wp\/v2\/categories?post=465742"},{"taxonomy":"post_tag","embeddable":true,"href":"https:\/\/www.europesays.com\/fr\/wp-json\/wp\/v2\/tags?post=465742"}],"curies":[{"name":"wp","href":"https:\/\/api.w.org\/{rel}","templated":true}]}}