{"id":465746,"date":"2025-10-15T20:30:12","date_gmt":"2025-10-15T20:30:12","guid":{"rendered":"https:\/\/www.europesays.com\/fr\/465746\/"},"modified":"2025-10-15T20:30:12","modified_gmt":"2025-10-15T20:30:12","slug":"la-fia-repond-a-la-denonciation-des-adversaires-du-president-sortant-pour-les-nouvelles-elections","status":"publish","type":"post","link":"https:\/\/www.europesays.com\/fr\/465746\/","title":{"rendered":"La FIA r\u00e9pond \u00e0 la d\u00e9nonciation des adversaires du pr\u00e9sident sortant pour les nouvelles \u00e9lections"},"content":{"rendered":"<p>\n    Alors que les nouvelles \u00e9lections pour la pr\u00e9sidence de la F\u00e9d\u00e9ration internationale de l\u2019automobile arrivent, les adversaires du pr\u00e9sident sortant ont d\u00e9nonc\u00e9 un scandale dans le processus \u00e9lectoral. La FIA r\u00e9pond au Figaro.<\/p>\n<p class=\"fig-paragraph\">De la tension dans l\u2019air. Si les \u00e9lections pour la pr\u00e9sidence de la F\u00e9d\u00e9ration internationale de l\u2019automobile (FIA) arrivent \u00e0 grand pas, le 12 d\u00e9cembre, \u00e0 Tachkent (Ouzb\u00e9kistan), le pr\u00e9sident actuel,\u00a0<a href=\"http:\/\/www.lefigaro.fr\/automobile\/voiture-electrique-securite-routiere-f1-les-confidences-du-president-de-la-fia-mohammed-ben-sulayem-au-figaro-20250211\" target=\"_blank\" data-fig-type=\"Article\" rel=\"noopener\" data-gtm-custom-categorie=\"navigation\" data-gtm-custom-action=\"crossclick\" data-gtm-custom-label=\"Contextuel\" data-gtm-event=\"customEventSPE\" data-fig-domain=\"LEFIGARO\">Mohammed Ben Sulayem<\/a>, est pour le moment le seul candidat d\u00e9clar\u00e9 \u00e0 sa propre succession. Probl\u00e8me,\u00a0<a href=\"http:\/\/www.lefigaro.fr\/sports\/formule-1\/election-a-la-federation-internationale-automobile-les-adversaires-du-president-sortant-denoncent-un-scandale-dans-le-processus-electoral-20251015\" target=\"_blank\" data-fig-type=\"NewsFlash\" rel=\"noopener\" data-gtm-custom-categorie=\"navigation\" data-gtm-custom-action=\"crossclick\" data-gtm-custom-label=\"Contextuel\" data-gtm-event=\"customEventSPE\" data-fig-domain=\"LEFIGARO\">deux des trois adversaires de Mohammed Ben Sulayem d\u00e9noncent un blocage du scrutin<\/a>.<\/p>\n<p class=\"fig-paragraph\"><a href=\"http:\/\/www.lefigaro.fr\/flash-actu\/formule-1-ben-sulayem-concurrence-par-tim-mayer-pour-la-presidence-de-la-fia-20250703\" target=\"_blank\" data-fig-type=\"NewsFlash\" rel=\"noopener\" data-gtm-custom-categorie=\"navigation\" data-gtm-custom-action=\"crossclick\" data-gtm-custom-label=\"Contextuel\" data-gtm-event=\"customEventSPE\" data-fig-domain=\"LEFIGARO\">Tim Mayer<\/a>\u00a0et\u00a0<a href=\"http:\/\/www.lefigaro.fr\/sports\/autres-sports\/sport-automobile-la-pilote-laura-villars-candidate-a-la-presidence-de-la-fia-20250918\" target=\"_blank\" data-fig-type=\"NewsFlash\" rel=\"noopener\" data-gtm-custom-categorie=\"navigation\" data-gtm-custom-action=\"crossclick\" data-gtm-custom-label=\"Contextuel\" data-gtm-event=\"customEventSPE\" data-fig-domain=\"LEFIGARO\">Laura Villars<\/a>\u00a0d\u00e9plorent une nouvelle r\u00e8gle modifi\u00e9e en juin dernier, les condamnant \u00e0 toute possibilit\u00e9 d\u2019alternance, qui, selon eux, est un moyen de les emp\u00eacher de se pr\u00e9senter contre lui. La date limite des d\u00e9p\u00f4ts \u00e9tant fix\u00e9e au 24 octobre, la situation urge.<\/p>\n<p>                                    <a class=\"fig-a11y-skip a11y-hidden\" href=\"#fig-a11y-skip-main-inarticle\"><br \/>\n        Passer la publicit\u00e9<br \/>\n    <\/a><\/p>\n<p>\u00abCes crit\u00e8res s\u2019appliquaient d\u00e9j\u00e0 aux \u00e9lections pr\u00e9c\u00e9dentes\u00bb<\/p>\n<p class=\"fig-paragraph\">Pour se d\u00e9fendre, un porte-parole FIA a accept\u00e9 de r\u00e9pondre au Figaro. \u00abL\u2019\u00e9lection pr\u00e9sidentielle de la FIA est un processus structur\u00e9 et d\u00e9mocratique, visant \u00e0 garantir l\u2019\u00e9quit\u00e9 et l\u2019int\u00e9grit\u00e9 de chacune de ses \u00e9tapes.\u00a0<\/p>\n<p>Les conditions applicables pour les \u00e9lections de la FIA de 2025, y compris les d\u00e9lais et les crit\u00e8res d\u2019\u00e9ligibilit\u00e9 pertinents pour la Liste pr\u00e9sidentielle et les Conseils mondiaux, sont d\u00e9finies dans les Statuts et R\u00e8glements internes de la FIA, qui sont disponibles publiquement sur le site internet de la FIA. Des informations d\u00e9taill\u00e9es concernant ces \u00e9lections ont \u00e9galement \u00e9t\u00e9 mises \u00e0 disposition sur une page d\u00e9di\u00e9e du site internet de la FIA depuis le 13 juin 2025 et communiqu\u00e9es \u00e0 tous les Membres de la FIA.\u00a0<\/p>\n<p>Les conditions applicables \u00e0 la repr\u00e9sentation r\u00e9gionale des Vice-Pr\u00e9sidents pour le Sport, et l\u2019obligation de les s\u00e9lectionner \u00e0 partir du Conseil mondial du sport automobile afin d\u2019\u00e9tablir une Liste pr\u00e9sidentielle, ne sont pas nouvelles. Ces crit\u00e8res s\u2019appliquaient d\u00e9j\u00e0 aux \u00e9lections pr\u00e9c\u00e9dentes.\u00a0<\/p>\n<p>La pr\u00e9paration d\u2019une candidature pour une Liste pr\u00e9sidentielle ou pour les Conseils mondiaux n\u00e9cessite certaines d\u00e9marches. Depuis la publication des informations d\u00e9taill\u00e9es le 13 juin, tout candidat potentiel dispose des informations pertinentes pour pr\u00e9parer sa candidature.\u00bb<\/p>\n","protected":false},"excerpt":{"rendered":"Alors que les nouvelles \u00e9lections pour la pr\u00e9sidence de la F\u00e9d\u00e9ration internationale de l\u2019automobile arrivent, les adversaires du&hellip;\n","protected":false},"author":2,"featured_media":465747,"comment_status":"","ping_status":"","sticky":false,"template":"","format":"standard","meta":{"footnotes":""},"categories":[1412],"tags":[1451,5088,1452,1453,1454,1455,1011,27,58935,60],"class_list":{"0":"post-465746","1":"post","2":"type-post","3":"status-publish","4":"format-standard","5":"has-post-thumbnail","7":"category-f1","8":"tag-f1","9":"tag-fia","10":"tag-formula-1","11":"tag-formula1","12":"tag-formule-1","13":"tag-formule1","14":"tag-fr","15":"tag-france","16":"tag-jean-todt","17":"tag-sports"},"share_on_mastodon":{"url":"https:\/\/pubeurope.com\/@fr\/115380081385921693","error":""},"_links":{"self":[{"href":"https:\/\/www.europesays.com\/fr\/wp-json\/wp\/v2\/posts\/465746","targetHints":{"allow":["GET"]}}],"collection":[{"href":"https:\/\/www.europesays.com\/fr\/wp-json\/wp\/v2\/posts"}],"about":[{"href":"https:\/\/www.europesays.com\/fr\/wp-json\/wp\/v2\/types\/post"}],"author":[{"embeddable":true,"href":"https:\/\/www.europesays.com\/fr\/wp-json\/wp\/v2\/users\/2"}],"replies":[{"embeddable":true,"href":"https:\/\/www.europesays.com\/fr\/wp-json\/wp\/v2\/comments?post=465746"}],"version-history":[{"count":0,"href":"https:\/\/www.europesays.com\/fr\/wp-json\/wp\/v2\/posts\/465746\/revisions"}],"wp:featuredmedia":[{"embeddable":true,"href":"https:\/\/www.europesays.com\/fr\/wp-json\/wp\/v2\/media\/465747"}],"wp:attachment":[{"href":"https:\/\/www.europesays.com\/fr\/wp-json\/wp\/v2\/media?parent=465746"}],"wp:term":[{"taxonomy":"category","embeddable":true,"href":"https:\/\/www.europesays.com\/fr\/wp-json\/wp\/v2\/categories?post=465746"},{"taxonomy":"post_tag","embeddable":true,"href":"https:\/\/www.europesays.com\/fr\/wp-json\/wp\/v2\/tags?post=465746"}],"curies":[{"name":"wp","href":"https:\/\/api.w.org\/{rel}","templated":true}]}}