{"id":465755,"date":"2025-10-15T20:35:11","date_gmt":"2025-10-15T20:35:11","guid":{"rendered":"https:\/\/www.europesays.com\/fr\/465755\/"},"modified":"2025-10-15T20:35:11","modified_gmt":"2025-10-15T20:35:11","slug":"il-etait-une-fois-le-conte-revue-les-libraires","status":"publish","type":"post","link":"https:\/\/www.europesays.com\/fr\/465755\/","title":{"rendered":"Il \u00e9tait une fois le conte \u2014 Revue Les libraires"},"content":{"rendered":"<p>        Le <a href=\"https:\/\/festival-conte.qc.ca\/\" target=\"_blank\" rel=\"noopener\">Festival interculturel du conte de Montr\u00e9al<\/a> amorce ces jours-ci sa 32e \u00e9dition. C\u2019est toute la francophonie qui d\u00e9ploie ses ailes autour de cette pr\u00e9cieuse oralit\u00e9.<\/p>\n<p>Le conte t\u00e9moigne des racines du monde et de ses origines tout comme de ses possibilit\u00e9s. Ceux et celles qui s\u2019expriment par le truchement des contes maquillent la r\u00e9alit\u00e9 \u00e0 l\u2019aune de leur sensibilit\u00e9. Illustrant leurs propos de fables, les conteurs et les conteuses s\u00e8ment l\u2019imaginaire d\u2019un peuple et participent \u00e0 l\u2019\u00e9closion de sa culture.<\/p>\n<p>Le <a href=\"https:\/\/festival-conte.qc.ca\/\" target=\"_blank\" rel=\"noopener\">Festival interculturel du conte de Montr\u00e9al<\/a> (FICM) propose cette ann\u00e9e une soixantaine de spectacles dans plus d\u2019une trentaine de salles \u00e0 Montr\u00e9al et \u00e9galement \u00e0 l\u2019ext\u00e9rieur, question de rendre le conte accessible au plus grand nombre. C\u2019est par le biais d\u2019une dizaine de volets que seront pr\u00e9sent\u00e9s les contes, tels que \u00ab Visages du monde\u00a0\u00bb, \u00ab Les grandes soir\u00e9es \u00bb, \u00ab Contes au mus\u00e9e \u00bb, \u00ab Femmes d\u2019ici, femmes du monde \u00bb, \u00ab Accents queers \u00bb ainsi que des spectacles en anglais. On pourra s\u2019impr\u00e9gner du quotidien ordinaire que d\u00e9peint Rachid Bouali, se laisser surprendre par de nouvelles versions imagin\u00e9es par Fran\u00e7ois Lavall\u00e9e, se glisser dans l\u2019univers de Catherine Gaillard gr\u00e2ce \u00e0 Les Amazones et \u00eatre boulevers\u00e9s par Utei : R\u00e9cit d\u2019un survivant, le spectacle d\u2019Omer St-Pierre et savourer les histoires de Nadine Walsh, de C\u00e9dric Landry ou de Michel Flaubert.<\/p>\n<p>Le conte est universel et sa port\u00e9e, toujours importante. Qu\u2019il revendique ou t\u00e9moigne, qu\u2019il fasse r\u00eaver ou rire, le conte lib\u00e8re la parole et se faufile dans l\u2019inconscient collectif. Le FICM se d\u00e9roulera du 17 au 26 octobre. Pour davantage d\u2019informations sur la programmation, <a href=\"https:\/\/festival-conte.qc.ca\/wp-content\/uploads\/Programme36pages_FICM2025_VF_web.pdf\" target=\"_blank\" rel=\"noopener\">c\u2019est ici<\/a>.<\/p>\n","protected":false},"excerpt":{"rendered":"Le Festival interculturel du conte de Montr\u00e9al amorce ces jours-ci sa 32e \u00e9dition. C\u2019est toute la francophonie qui&hellip;\n","protected":false},"author":2,"featured_media":465756,"comment_status":"","ping_status":"","sticky":false,"template":"","format":"standard","meta":{"footnotes":""},"categories":[1357],"tags":[1379,58,59,1011,27,1380],"class_list":{"0":"post-465755","1":"post","2":"type-post","3":"status-publish","4":"format-standard","5":"has-post-thumbnail","7":"category-livres","8":"tag-books","9":"tag-divertissement","10":"tag-entertainment","11":"tag-fr","12":"tag-france","13":"tag-livres"},"share_on_mastodon":{"url":"https:\/\/pubeurope.com\/@fr\/115380101017754496","error":""},"_links":{"self":[{"href":"https:\/\/www.europesays.com\/fr\/wp-json\/wp\/v2\/posts\/465755","targetHints":{"allow":["GET"]}}],"collection":[{"href":"https:\/\/www.europesays.com\/fr\/wp-json\/wp\/v2\/posts"}],"about":[{"href":"https:\/\/www.europesays.com\/fr\/wp-json\/wp\/v2\/types\/post"}],"author":[{"embeddable":true,"href":"https:\/\/www.europesays.com\/fr\/wp-json\/wp\/v2\/users\/2"}],"replies":[{"embeddable":true,"href":"https:\/\/www.europesays.com\/fr\/wp-json\/wp\/v2\/comments?post=465755"}],"version-history":[{"count":0,"href":"https:\/\/www.europesays.com\/fr\/wp-json\/wp\/v2\/posts\/465755\/revisions"}],"wp:featuredmedia":[{"embeddable":true,"href":"https:\/\/www.europesays.com\/fr\/wp-json\/wp\/v2\/media\/465756"}],"wp:attachment":[{"href":"https:\/\/www.europesays.com\/fr\/wp-json\/wp\/v2\/media?parent=465755"}],"wp:term":[{"taxonomy":"category","embeddable":true,"href":"https:\/\/www.europesays.com\/fr\/wp-json\/wp\/v2\/categories?post=465755"},{"taxonomy":"post_tag","embeddable":true,"href":"https:\/\/www.europesays.com\/fr\/wp-json\/wp\/v2\/tags?post=465755"}],"curies":[{"name":"wp","href":"https:\/\/api.w.org\/{rel}","templated":true}]}}