{"id":465771,"date":"2025-10-15T20:44:11","date_gmt":"2025-10-15T20:44:11","guid":{"rendered":"https:\/\/www.europesays.com\/fr\/465771\/"},"modified":"2025-10-15T20:44:11","modified_gmt":"2025-10-15T20:44:11","slug":"explosions-a-kaboul-au-moins-5-morts-et-35-blesses","status":"publish","type":"post","link":"https:\/\/www.europesays.com\/fr\/465771\/","title":{"rendered":"explosions \u00e0 Kaboul, au moins 5 morts et 35 bless\u00e9s"},"content":{"rendered":"<p>\n    Les frappes auraient eu lieu avant l\u2019entr\u00e9e en vigueur d\u2019une tr\u00eave avec le Pakistan, qui devrait durer 48 heures.<\/p>\n<p class=\"fig-paragraph\">Au moins cinq personnes ont \u00e9t\u00e9 tu\u00e9es et 35 bless\u00e9es dans des explosions survenues mercredi soir \u00e0\u00a0<a href=\"http:\/\/www.lefigaro.fr\/international\/afghanistan-deux-nouvelles-explosions-entendues-a-kaboul-20251015\" data-fig-type=\"NewsFlash\" data-gtm-custom-categorie=\"navigation\" data-gtm-custom-action=\"crossclick\" data-gtm-custom-label=\"Contextuel\" data-gtm-event=\"customEventSPE\" data-fig-domain=\"LEFIGARO\" target=\"_blank\" rel=\"noopener\">Kaboul<\/a>, a rapport\u00e9 l&rsquo;ONG italienne Emergency qui g\u00e8re un h\u00f4pital dans la capitale afghane, avant l&rsquo;entr\u00e9e en vigueur d&rsquo;<a href=\"http:\/\/www.lefigaro.fr\/international\/le-pakistan-annonce-approuver-un-cessez-le-feu-de-48-heures-avec-l-afghanistan-20251015\" data-fig-type=\"NewsFlash\" data-gtm-custom-categorie=\"navigation\" data-gtm-custom-action=\"crossclick\" data-gtm-custom-label=\"Contextuel\" data-gtm-event=\"customEventSPE\" data-fig-domain=\"LEFIGARO\" target=\"_blank\" rel=\"noopener\">une tr\u00eave avec le Pakistan<\/a>\u00a0devant ramener le calme.<\/p>\n<p class=\"fig-paragraph\">\u00abNous avons commenc\u00e9 \u00e0 recevoir des ambulances remplies de bless\u00e9s et nous avons appris qu&rsquo;il y avait eu des explosions \u00e0 quelques kilom\u00e8tres de notre h\u00f4pital\u00bb, a indiqu\u00e9 Dejan Panic, directeur de l&rsquo;ONG en Afghanistan, dans un communiqu\u00e9. \u00abQuarante personnes sont arriv\u00e9es, dont des femmes et des enfants. (&#8230;) Malheureusement, cinq personnes \u00e9taient d\u00e9j\u00e0 d\u00e9c\u00e9d\u00e9es \u00e0 leur arriv\u00e9e.\u00bb<\/p>\n","protected":false},"excerpt":{"rendered":"Les frappes auraient eu lieu avant l\u2019entr\u00e9e en vigueur d\u2019une tr\u00eave avec le Pakistan, qui devrait durer 48&hellip;\n","protected":false},"author":2,"featured_media":465772,"comment_status":"","ping_status":"","sticky":false,"template":"","format":"standard","meta":{"footnotes":""},"categories":[5],"tags":[11,2688,1011,27,14,596,12,28],"class_list":{"0":"post-465771","1":"post","2":"type-post","3":"status-publish","4":"format-standard","5":"has-post-thumbnail","7":"category-international","8":"tag-actualites","9":"tag-explosion","10":"tag-fr","11":"tag-france","12":"tag-international","13":"tag-kaboul","14":"tag-news","15":"tag-world"},"share_on_mastodon":{"url":"https:\/\/pubeurope.com\/@fr\/115380136768842629","error":""},"_links":{"self":[{"href":"https:\/\/www.europesays.com\/fr\/wp-json\/wp\/v2\/posts\/465771","targetHints":{"allow":["GET"]}}],"collection":[{"href":"https:\/\/www.europesays.com\/fr\/wp-json\/wp\/v2\/posts"}],"about":[{"href":"https:\/\/www.europesays.com\/fr\/wp-json\/wp\/v2\/types\/post"}],"author":[{"embeddable":true,"href":"https:\/\/www.europesays.com\/fr\/wp-json\/wp\/v2\/users\/2"}],"replies":[{"embeddable":true,"href":"https:\/\/www.europesays.com\/fr\/wp-json\/wp\/v2\/comments?post=465771"}],"version-history":[{"count":0,"href":"https:\/\/www.europesays.com\/fr\/wp-json\/wp\/v2\/posts\/465771\/revisions"}],"wp:featuredmedia":[{"embeddable":true,"href":"https:\/\/www.europesays.com\/fr\/wp-json\/wp\/v2\/media\/465772"}],"wp:attachment":[{"href":"https:\/\/www.europesays.com\/fr\/wp-json\/wp\/v2\/media?parent=465771"}],"wp:term":[{"taxonomy":"category","embeddable":true,"href":"https:\/\/www.europesays.com\/fr\/wp-json\/wp\/v2\/categories?post=465771"},{"taxonomy":"post_tag","embeddable":true,"href":"https:\/\/www.europesays.com\/fr\/wp-json\/wp\/v2\/tags?post=465771"}],"curies":[{"name":"wp","href":"https:\/\/api.w.org\/{rel}","templated":true}]}}