{"id":465773,"date":"2025-10-15T20:45:12","date_gmt":"2025-10-15T20:45:12","guid":{"rendered":"https:\/\/www.europesays.com\/fr\/465773\/"},"modified":"2025-10-15T20:45:12","modified_gmt":"2025-10-15T20:45:12","slug":"patrick-balkany-conseille-a-nicolas-sarkozy-daller-a-la-prison-de-fleury-merogis-a-cause-du-foot-france-justice","status":"publish","type":"post","link":"https:\/\/www.europesays.com\/fr\/465773\/","title":{"rendered":"Patrick Balkany conseille \u00e0 Nicolas Sarkozy d\u2019aller \u00e0 la prison de Fleury-M\u00e9rogis \u00e0 cause du foot &#8211; France &#8211; Justice"},"content":{"rendered":"<p>Choisir la bonne prison, c\u2019est important.<\/p>\n<p>Dans les colonnes du journal <a target=\"_blank\" href=\"https:\/\/www.marianne.net\/societe\/police-et-justice\/patrick-balkany-a-fleury-merogis-un-amateur-de-foot-comme-sarkozy-pourra-assister-a-des-matchs-depuis-sa-cellule\" rel=\"nofollow noopener\">Marianne<\/a>, Patrick Balkany a \u00e9t\u00e9 interrog\u00e9 sur ses passages en prison. L\u2019ancien maire de Levallois-Perret et d\u00e9put\u00e9 des Hauts-de-Seine <strong>a \u00e9t\u00e9 incarc\u00e9r\u00e9 \u00e0 Fleury-M\u00e9rogis ainsi qu\u2019\u00e0 la prison de la Sant\u00e9,<\/strong> \u00e0 la suite de ses <a target=\"_blank\" href=\"https:\/\/www.lemonde.fr\/societe\/article\/2023\/01\/09\/patrick-et-isabelle-balkany-condamnes-a-quatre-ans-et-demi-et-trois-ans-et-demi-de-prison-pour-blanchiment-de-fraude-fiscale_6157177_3224.html\" rel=\"nofollow noopener\">condamnations pour fraude fiscale en 2019<\/a>. Alors que l\u2019administration p\u00e9nitentiaire a h\u00e9sit\u00e9 entre ces deux centres de d\u00e9tention dans <a target=\"_blank\" href=\"https:\/\/www.lemonde.fr\/societe\/article\/2025\/09\/26\/nicolas-sarkozy-condamne-a-cinq-ans-de-prison-ferme-pour-association-de-malfaiteurs-retour-sur-un-jugement-historique_6642978_3224.html\" rel=\"nofollow noopener\">l\u2019affaire de Nicolas Sarkozy<\/a>, <strong>Balkany lui a conseill\u00e9 Fleury, pour le football<\/strong> notamment.<\/p>\n<p>Les matchs de foot de Fleury<\/p>\n<p>\u00ab\u00a0L\u2019avantage \u00e0 Fleury, c\u2019est que vous pouvez assister depuis votre cellule \u00e0 des matchs tous les matins et tous les apr\u00e8s-midi, t\u00e9moigne l\u2019ancien d\u00e9put\u00e9 LR. Toujours les m\u00eames, Afrique noire contre Maghreb\u2026\u00a0\u00bb\u00a0En toute d\u00e9contraction.<\/p>\n<blockquote class=\"twitter-tweet\">\n<p lang=\"fr\" dir=\"ltr\">Condamn\u00e9 \u00e0 cinq ans de prison ferme en 2019, Patrick Balkany a \u00e9t\u00e9 incarc\u00e9r\u00e9 un temps \u00e0 la prison de la Sant\u00e9, \u00e0 Paris. Intime de Nicolas Sarkozy, il se confie sur la future d\u00e9tention de l&rsquo;ex-pr\u00e9sident et lui prodigue quelques bons conseils&#8230; \ud83d\udc49 <a target=\"_blank\" href=\"https:\/\/t.co\/d2VsmpHOpT\" rel=\"nofollow\">https:\/\/t.co\/d2VsmpHOpT<\/a> <a target=\"_blank\" href=\"https:\/\/t.co\/pX2Q5apJA8\" rel=\"nofollow\">pic.twitter.com\/pX2Q5apJA8<\/a><\/p>\n<p>\u2014 Marianne (@MarianneleMag) <a target=\"_blank\" href=\"https:\/\/twitter.com\/MarianneleMag\/status\/1978131985420742936?ref_src=twsrc%5Etfw\" rel=\"nofollow noopener\">October 14, 2025<\/a><\/p><\/blockquote>\n<p>Finalement, <strong>l\u2019ancien pr\u00e9sident de la R\u00e9publique de 2007 \u00e0 2012<\/strong> sera d\u00e9tenu \u00e0 la prison de la Sant\u00e9, dernier centre de d\u00e9tention \u00e0 l\u2019int\u00e9rieur de la capitale, comme le rappelle <a target=\"_blank\" href=\"https:\/\/www.ouest-france.fr\/leditiondusoir\/2025-10-14\/cinq-choses-a-savoir-sur-l-emblematique-prison-de-la-sante-ou-nicolas-sarkozy-sera-bientot-enferme-ca3e571c-55c9-4b42-bab6-6a5ce9ad84fb\" rel=\"nofollow noopener\">Ouest-France<\/a>. Balkany dit la conna\u00eetre pour une autre raison : \u00ab\u00a0L\u00e0-bas, vous pouvez apprendre le Coran, puisque de grosses radios install\u00e9es diffusent des pri\u00e8res\u2026\u00a0\u00bb<\/p>\n<p>Merci pour rien, Patrick.<\/p>\n<p>\t\t\t\t\t\t\t\t\t\t<a class=\"lien-connexe\" href=\"https:\/\/www.sofoot.com\/articles\/cinq-idees-a-la-con-pour-revolutionner-les-qualifications-a-la-coupe-du-monde\" rel=\"nofollow noopener\" target=\"_blank\">Cinq id\u00e9es \u00e0 la con pour r\u00e9volutionner les qualifications \u00e0 la Coupe du monde<\/a>\t\t\t\t\t<script async src=\"https:\/\/platform.twitter.com\/widgets.js\" charset=\"utf-8\"><\/script><\/p>\n","protected":false},"excerpt":{"rendered":"Choisir la bonne prison, c\u2019est important. Dans les colonnes du journal Marianne, Patrick Balkany a \u00e9t\u00e9 interrog\u00e9 sur&hellip;\n","protected":false},"author":2,"featured_media":465774,"comment_status":"","ping_status":"","sticky":false,"template":"","format":"standard","meta":{"footnotes":""},"categories":[4],"tags":[47,11,61,69,65,64,63,1011,27,68,66,12,62,70,25,67],"class_list":{"0":"post-465773","1":"post","2":"type-post","3":"status-publish","4":"format-standard","5":"has-post-thumbnail","7":"category-france","8":"tag-actualite","9":"tag-actualites","10":"tag-actus-football","11":"tag-bundesliga","12":"tag-championnats-europeens","13":"tag-equipe-de-france","14":"tag-football","15":"tag-fr","16":"tag-france","17":"tag-ligua","18":"tag-ligue-1","19":"tag-news","20":"tag-news-foot","21":"tag-premier-league","22":"tag-republique-francaise","23":"tag-serie-a"},"share_on_mastodon":{"url":"https:\/\/pubeurope.com\/@fr\/115380140572419984","error":""},"_links":{"self":[{"href":"https:\/\/www.europesays.com\/fr\/wp-json\/wp\/v2\/posts\/465773","targetHints":{"allow":["GET"]}}],"collection":[{"href":"https:\/\/www.europesays.com\/fr\/wp-json\/wp\/v2\/posts"}],"about":[{"href":"https:\/\/www.europesays.com\/fr\/wp-json\/wp\/v2\/types\/post"}],"author":[{"embeddable":true,"href":"https:\/\/www.europesays.com\/fr\/wp-json\/wp\/v2\/users\/2"}],"replies":[{"embeddable":true,"href":"https:\/\/www.europesays.com\/fr\/wp-json\/wp\/v2\/comments?post=465773"}],"version-history":[{"count":0,"href":"https:\/\/www.europesays.com\/fr\/wp-json\/wp\/v2\/posts\/465773\/revisions"}],"wp:featuredmedia":[{"embeddable":true,"href":"https:\/\/www.europesays.com\/fr\/wp-json\/wp\/v2\/media\/465774"}],"wp:attachment":[{"href":"https:\/\/www.europesays.com\/fr\/wp-json\/wp\/v2\/media?parent=465773"}],"wp:term":[{"taxonomy":"category","embeddable":true,"href":"https:\/\/www.europesays.com\/fr\/wp-json\/wp\/v2\/categories?post=465773"},{"taxonomy":"post_tag","embeddable":true,"href":"https:\/\/www.europesays.com\/fr\/wp-json\/wp\/v2\/tags?post=465773"}],"curies":[{"name":"wp","href":"https:\/\/api.w.org\/{rel}","templated":true}]}}