{"id":465777,"date":"2025-10-15T20:47:24","date_gmt":"2025-10-15T20:47:24","guid":{"rendered":"https:\/\/www.europesays.com\/fr\/465777\/"},"modified":"2025-10-15T20:47:24","modified_gmt":"2025-10-15T20:47:24","slug":"firminy-au-soleil-levant-faire-son-propre-char-cest-la-vraie-tradition","status":"publish","type":"post","link":"https:\/\/www.europesays.com\/fr\/465777\/","title":{"rendered":"Firminy. Au Soleil levant, \u00ab\u00a0faire son propre char, c\u2019est la vraie tradition\u00a0\u00bb"},"content":{"rendered":"<p>Quand on \u00e9voque la vogue des Noix, on pense forc\u00e9ment aux troupes qui d\u00e9filent en rythme et en musique. Mais la parade, qui aura lieu ce dimanche 19\u00a0octobre, ne serait pas celle qu\u2019on conna\u00eet sans la pr\u00e9sence des chars.<\/p>\n<p>Cette ann\u00e9e, ils seront 19 \u00e0 prendre le d\u00e9part, rue de la R\u00e9publique. Des chars qui sont lou\u00e9s par le comit\u00e9 des f\u00eates, r\u00e9cup\u00e9r\u00e9s par la ville et mis \u00e0 disposition des associations. Tous\u00a0? Non, car le centre social du Soleil levant r\u00e9siste encore\u00a0! Ses b\u00e9n\u00e9voles continuent de se retrousser les manches pour d\u00e9corer leur char de A \u00e0 Z.<\/p>\n<p>Une semaine pour tout pr\u00e9parer<\/p>\n<p>\u00ab\u00a0Le <a href=\"https:\/\/www.leprogres.fr\/culture-loisirs\/2025\/10\/14\/troupes-chars-et-encadrement-le-corso-c-est-un-cortege-de-800-personnes\" target=\"_blank\" rel=\"noopener\">corso<\/a> , c\u2019est vraiment une tradition appelouse et nous, on a gard\u00e9 la vraie tradition en faisant nous-m\u00eames notre char. C\u2019est l\u2019occasion de tous se retrouver, de passer&#8230;<\/p>\n","protected":false},"excerpt":{"rendered":"Quand on \u00e9voque la vogue des Noix, on pense forc\u00e9ment aux troupes qui d\u00e9filent en rythme et en&hellip;\n","protected":false},"author":2,"featured_media":465778,"comment_status":"","ping_status":"","sticky":false,"template":"","format":"standard","meta":{"footnotes":""},"categories":[9653],"tags":[1111,11,2430,1687,7539,1777,674,3326,10282,10283,1011,27,12,25,4001],"class_list":{"0":"post-465777","1":"post","2":"type-post","3":"status-publish","4":"format-standard","5":"has-post-thumbnail","7":"category-saint-etienne","8":"tag-actu","9":"tag-actualites","10":"tag-auvergne-rhone-alpes","11":"tag-culture-loisirs","12":"tag-edition-loire-sud","13":"tag-eu","14":"tag-europe","15":"tag-fete-locale","16":"tag-firminy","17":"tag-firminy-ville","18":"tag-fr","19":"tag-france","20":"tag-news","21":"tag-republique-francaise","22":"tag-saint-etienne"},"share_on_mastodon":{"url":"https:\/\/pubeurope.com\/@fr\/115380148415844580","error":""},"_links":{"self":[{"href":"https:\/\/www.europesays.com\/fr\/wp-json\/wp\/v2\/posts\/465777","targetHints":{"allow":["GET"]}}],"collection":[{"href":"https:\/\/www.europesays.com\/fr\/wp-json\/wp\/v2\/posts"}],"about":[{"href":"https:\/\/www.europesays.com\/fr\/wp-json\/wp\/v2\/types\/post"}],"author":[{"embeddable":true,"href":"https:\/\/www.europesays.com\/fr\/wp-json\/wp\/v2\/users\/2"}],"replies":[{"embeddable":true,"href":"https:\/\/www.europesays.com\/fr\/wp-json\/wp\/v2\/comments?post=465777"}],"version-history":[{"count":0,"href":"https:\/\/www.europesays.com\/fr\/wp-json\/wp\/v2\/posts\/465777\/revisions"}],"wp:featuredmedia":[{"embeddable":true,"href":"https:\/\/www.europesays.com\/fr\/wp-json\/wp\/v2\/media\/465778"}],"wp:attachment":[{"href":"https:\/\/www.europesays.com\/fr\/wp-json\/wp\/v2\/media?parent=465777"}],"wp:term":[{"taxonomy":"category","embeddable":true,"href":"https:\/\/www.europesays.com\/fr\/wp-json\/wp\/v2\/categories?post=465777"},{"taxonomy":"post_tag","embeddable":true,"href":"https:\/\/www.europesays.com\/fr\/wp-json\/wp\/v2\/tags?post=465777"}],"curies":[{"name":"wp","href":"https:\/\/api.w.org\/{rel}","templated":true}]}}