{"id":465781,"date":"2025-10-15T20:49:40","date_gmt":"2025-10-15T20:49:40","guid":{"rendered":"https:\/\/www.europesays.com\/fr\/465781\/"},"modified":"2025-10-15T20:49:40","modified_gmt":"2025-10-15T20:49:40","slug":"lhistoire-de-lhotel-de-ville-racontee-par-philippe-wernert","status":"publish","type":"post","link":"https:\/\/www.europesays.com\/fr\/465781\/","title":{"rendered":"L\u2019histoire de l\u2019h\u00f4tel de ville racont\u00e9e par Philippe Wernert"},"content":{"rendered":"<p>Dans le cadre du jardin \u00e9ph\u00e9m\u00e8re et de la th\u00e9matique Graines Art D\u00e9co, Philippe Wernert interviendra au pied de la statue du roi Stanislas en partenariat avec le Cercle Garen <strong>samedi 18\u00a0octobre<\/strong> en d\u00e9but d\u2019apr\u00e8s midi sur l\u2019histoire de l\u2019H\u00f4tel de Ville, sujet de son dernier livre paru aux \u00e9ditions G\u00e9rard Louis. Il viendra par la suite vers 15 h d\u00e9dicacer son livre \u00e0 la librairie Didier rue Gambetta.<\/p>\n","protected":false},"excerpt":{"rendered":"Dans le cadre du jardin \u00e9ph\u00e9m\u00e8re et de la th\u00e9matique Graines Art D\u00e9co, Philippe Wernert interviendra au pied&hellip;\n","protected":false},"author":2,"featured_media":465782,"comment_status":"","ping_status":"","sticky":false,"template":"","format":"standard","meta":{"footnotes":""},"categories":[9635],"tags":[1111,11,1687,1704,1777,674,1011,27,775,2410,1702,1703,12,25],"class_list":{"0":"post-465781","1":"post","2":"type-post","3":"status-publish","4":"format-standard","5":"has-post-thumbnail","7":"category-nancy","8":"tag-actu","9":"tag-actualites","10":"tag-culture-loisirs","11":"tag-edition-nancy-et-agglomeration","12":"tag-eu","13":"tag-europe","14":"tag-fr","15":"tag-france","16":"tag-grand-est","17":"tag-livres-bd","18":"tag-nancy","19":"tag-nancy-ville-54b","20":"tag-news","21":"tag-republique-francaise"},"share_on_mastodon":{"url":"https:\/\/pubeurope.com\/@fr\/115380156488535711","error":""},"_links":{"self":[{"href":"https:\/\/www.europesays.com\/fr\/wp-json\/wp\/v2\/posts\/465781","targetHints":{"allow":["GET"]}}],"collection":[{"href":"https:\/\/www.europesays.com\/fr\/wp-json\/wp\/v2\/posts"}],"about":[{"href":"https:\/\/www.europesays.com\/fr\/wp-json\/wp\/v2\/types\/post"}],"author":[{"embeddable":true,"href":"https:\/\/www.europesays.com\/fr\/wp-json\/wp\/v2\/users\/2"}],"replies":[{"embeddable":true,"href":"https:\/\/www.europesays.com\/fr\/wp-json\/wp\/v2\/comments?post=465781"}],"version-history":[{"count":0,"href":"https:\/\/www.europesays.com\/fr\/wp-json\/wp\/v2\/posts\/465781\/revisions"}],"wp:featuredmedia":[{"embeddable":true,"href":"https:\/\/www.europesays.com\/fr\/wp-json\/wp\/v2\/media\/465782"}],"wp:attachment":[{"href":"https:\/\/www.europesays.com\/fr\/wp-json\/wp\/v2\/media?parent=465781"}],"wp:term":[{"taxonomy":"category","embeddable":true,"href":"https:\/\/www.europesays.com\/fr\/wp-json\/wp\/v2\/categories?post=465781"},{"taxonomy":"post_tag","embeddable":true,"href":"https:\/\/www.europesays.com\/fr\/wp-json\/wp\/v2\/tags?post=465781"}],"curies":[{"name":"wp","href":"https:\/\/api.w.org\/{rel}","templated":true}]}}