{"id":465783,"date":"2025-10-15T20:50:32","date_gmt":"2025-10-15T20:50:32","guid":{"rendered":"https:\/\/www.europesays.com\/fr\/465783\/"},"modified":"2025-10-15T20:50:32","modified_gmt":"2025-10-15T20:50:32","slug":"une-ado-portee-disparue-depuis-fin-septembre-retrouvee-saine-et-sauve-2","status":"publish","type":"post","link":"https:\/\/www.europesays.com\/fr\/465783\/","title":{"rendered":"Une ado, port\u00e9e disparue depuis fin septembre, retrouv\u00e9e saine et sauve"},"content":{"rendered":"<p>Elle n\u2019avait plus donn\u00e9 de nouvelles depuis le 29\u00a0septembre. Une adolescente \u00e2g\u00e9e de 17 ans a \u00e9t\u00e9 retrouv\u00e9e saine et sauve par la <a href=\"https:\/\/www.20minutes.fr\/dossier\/police\" class=\"c-link c-link--is-underlined\" target=\"_blank\" rel=\"noopener\">police<\/a> de <a href=\"https:\/\/www.20minutes.fr\/dossier\/meurthe-et-moselle\" class=\"c-link c-link--is-underlined\" target=\"_blank\" rel=\"noopener\">Meurthe-et-Moselle<\/a>, le 11\u00a0octobre, dans un centre commercial, \u00e0 <a href=\"https:\/\/www.20minutes.fr\/dossier\/nancy\" class=\"c-link c-link--is-underlined\" target=\"_blank\" rel=\"noopener\">Nancy<\/a>.<\/p>\n<p>Les forces de l\u2019ordre ont publi\u00e9 la bonne nouvelle sur les r\u00e9seaux sociaux, sur lesquels ils avaient lanc\u00e9 quelques jours plus t\u00f4t un appel \u00e0 t\u00e9moins. Ils avaient alors \u00e9voqu\u00e9 la \u00ab\u00a0disparition inqui\u00e9tante d\u2019une personne mineure\u00a0\u00bb.<\/p>\n<p class=\"mb-xxl@xs color-ultramarine font-weight-semi-bold@xs font-source-serif-pro heading-s@xs\">L\u2019acc\u00e8s \u00e0 ce contenu a \u00e9t\u00e9 bloqu\u00e9 afin de respecter votre choix de consentement<\/p>\n<p class=\"mb-m@xs text-l@xs\">En cliquant sur\u00ab J\u2019accepte \u00bb, vous acceptez le d\u00e9p\u00f4t de cookies par des services externes et aurez ainsi acc\u00e8s aux contenus de nos partenaires.<\/p>\n<p class=\"mb-xl@xs text-s@xs\">Plus d\u2019informations sur la page<a href=\"https:\/\/www.20minutes.fr\/gestion-cookies\" class=\"mx-xxs@xs color-ultramarine\" target=\"_blank\" rel=\"noopener\">Politique de gestion des cookies<\/a><\/p>\n<p>J\u2019accepte<\/p>\n<p>Elle avait quitt\u00e9 le domicile familial sans argent ni t\u00e9l\u00e9phone. Les derni\u00e8res images d\u2019elles \u00e9taient celles de cam\u00e9ras de surveillance, dans le centre de Pont-\u00e0-Mousson.<\/p>\n<\/p>\n<p>C\u2019est dans cette commune situ\u00e9e \u00e0 une trentaine de kilom\u00e8tres au nord de la pr\u00e9fecture de Meurthe-et-Moselle, qu\u2019elle est domicili\u00e9e. La jeune fille a \u00e9t\u00e9 ramen\u00e9e aupr\u00e8s de sa famille, \u00ab\u00a0apr\u00e8s enqu\u00eate\u00a0\u00bb, pr\u00e9cise <a href=\"https:\/\/www.francebleu.fr\/infos\/faits-divers-justice\/l-adolescente-portee-disparue-a-pont-a-mousson-retrouvee-saine-et-sauve-8796290\" target=\"_blank\" class=\"c-link c-link--is-underlined\" rel=\"noopener\">Ici Lorraine<\/a>.<\/p>\n","protected":false},"excerpt":{"rendered":"Elle n\u2019avait plus donn\u00e9 de nouvelles depuis le 29\u00a0septembre. Une adolescente \u00e2g\u00e9e de 17 ans a \u00e9t\u00e9 retrouv\u00e9e&hellip;\n","protected":false},"author":2,"featured_media":465784,"comment_status":"","ping_status":"","sticky":false,"template":"","format":"standard","meta":{"footnotes":""},"categories":[9635],"tags":[1111,47,11,2715,1777,674,118,1011,27,775,776,3457,1123,1702,12,25],"class_list":{"0":"post-465783","1":"post","2":"type-post","3":"status-publish","4":"format-standard","5":"has-post-thumbnail","7":"category-nancy","8":"tag-actu","9":"tag-actualite","10":"tag-actualites","11":"tag-disparition","12":"tag-eu","13":"tag-europe","14":"tag-faits-divers","15":"tag-fr","16":"tag-france","17":"tag-grand-est","18":"tag-lorraine","19":"tag-meurthe-et-moselle","20":"tag-mineur","21":"tag-nancy","22":"tag-news","23":"tag-republique-francaise"},"share_on_mastodon":{"url":"https:\/\/pubeurope.com\/@fr\/115380160535892759","error":""},"_links":{"self":[{"href":"https:\/\/www.europesays.com\/fr\/wp-json\/wp\/v2\/posts\/465783","targetHints":{"allow":["GET"]}}],"collection":[{"href":"https:\/\/www.europesays.com\/fr\/wp-json\/wp\/v2\/posts"}],"about":[{"href":"https:\/\/www.europesays.com\/fr\/wp-json\/wp\/v2\/types\/post"}],"author":[{"embeddable":true,"href":"https:\/\/www.europesays.com\/fr\/wp-json\/wp\/v2\/users\/2"}],"replies":[{"embeddable":true,"href":"https:\/\/www.europesays.com\/fr\/wp-json\/wp\/v2\/comments?post=465783"}],"version-history":[{"count":0,"href":"https:\/\/www.europesays.com\/fr\/wp-json\/wp\/v2\/posts\/465783\/revisions"}],"wp:featuredmedia":[{"embeddable":true,"href":"https:\/\/www.europesays.com\/fr\/wp-json\/wp\/v2\/media\/465784"}],"wp:attachment":[{"href":"https:\/\/www.europesays.com\/fr\/wp-json\/wp\/v2\/media?parent=465783"}],"wp:term":[{"taxonomy":"category","embeddable":true,"href":"https:\/\/www.europesays.com\/fr\/wp-json\/wp\/v2\/categories?post=465783"},{"taxonomy":"post_tag","embeddable":true,"href":"https:\/\/www.europesays.com\/fr\/wp-json\/wp\/v2\/tags?post=465783"}],"curies":[{"name":"wp","href":"https:\/\/api.w.org\/{rel}","templated":true}]}}