{"id":465806,"date":"2025-10-15T21:02:14","date_gmt":"2025-10-15T21:02:14","guid":{"rendered":"https:\/\/www.europesays.com\/fr\/465806\/"},"modified":"2025-10-15T21:02:14","modified_gmt":"2025-10-15T21:02:14","slug":"une-vague-de-retours-et-une-absence-de-taille-avant-strasbourg","status":"publish","type":"post","link":"https:\/\/www.europesays.com\/fr\/465806\/","title":{"rendered":"Une vague de retours et une absence de taille avant Strasbourg !"},"content":{"rendered":"<p>L\u00a0\u00bbentra\u00eeneur du Paris Saint-Germain <strong>Luis Enrique<\/strong> peut enfin entrevoir la fin de ses difficult\u00e9s d&rsquo;effectif. Apr\u00e8s une p\u00e9riode particuli\u00e8rement compliqu\u00e9e marqu\u00e9e par de nombreuses absences, le technicien espagnol va pouvoir compter sur le retour de <strong>cinq joueurs cl\u00e9s<\/strong> pour affronter le RC Strasbourg ce vendredi. Cette nouvelle r\u00e9jouissante intervient \u00e0 un moment crucial de la saison, alors que le PSG doit imp\u00e9rativement maintenir sa position de leader en Ligue 1 tout en pr\u00e9parant ses \u00e9ch\u00e9ances europ\u00e9ennes. Le retour de ces \u00e9l\u00e9ments essentiels repr\u00e9sente un v\u00e9ritable soulagement pour Luis Enrique, qui avait d\u00fb composer avec un effectif amoindri lors des derni\u00e8res rencontres. Cette situation favorable permettra au club parisien d&rsquo;aborder la reprise du championnat avec davantage de s\u00e9r\u00e9nit\u00e9 et d&rsquo;options tactiques.<\/p>\n<p>                                <img decoding=\"async\" src=\"https:\/\/www.europesays.com\/fr\/wp-content\/uploads\/2025\/04\/1744123449_543_logo.png\" alt=\"Logo\"\/><\/p>\n<p>100\u20ac offerts sur ton 1er pari !<\/p>\n<p>                            <a href=\"https:\/\/bit.ly\/4j5wl4k\" class=\"headband-button\" rel=\"nofollow noopener\" target=\"_blank\">J&rsquo;en profite<\/a><\/p>\n<p>                                                                <img loading=\"lazy\" decoding=\"async\" src=\"https:\/\/www.europesays.com\/fr\/wp-content\/uploads\/2025\/10\/psg-une-vague-de-retours-et-une-absence-de-taille-avant-strasbourg.jpg\" alt=\"Illustration : &quot;PSG : Une vague de retours et une absence de taille avant Strasbourg !&quot;\" class=\"figure-img img-fluid\" width=\"780\" height=\"478\"\/><\/p>\n<p>                                    \u00a9 Site officiel du PSG                                <\/p>\n<p>Le retour salvateur de Joao Neves et ses co\u00e9quipiers<\/p>\n<p>Parmi les bonnes nouvelles qui r\u00e9jouissent le staff parisien, le retour de <strong>Joao Neves<\/strong> constitue sans doute l&rsquo;\u00e9l\u00e9ment le plus attendu. Le milieu de terrain portugais, absent depuis <strong>quatre matchs cons\u00e9cutifs<\/strong> en raison d&rsquo;une d\u00e9chirure \u00e0 la cuisse, a enfin retrouv\u00e9 l&rsquo;aptitude physique n\u00e9cessaire pour reprendre la comp\u00e9tition. Selon les informations de <strong>RMC Sport<\/strong>, l&rsquo;international lusitanien est d\u00e9sormais apte \u00e0 affronter le RC Strasbourg. Parall\u00e8lement, <strong>Senny Mayulu<\/strong> fait \u00e9galement son retour dans le groupe apr\u00e8s avoir quitt\u00e9 pr\u00e9matur\u00e9ment la s\u00e9lection Espoirs fran\u00e7aise pour une blessure \u00e0 la cuisse. Le jeune attaquant, qui avait marqu\u00e9 les esprits lors du match contre le Bar\u00e7a, semble avoir parfaitement r\u00e9cup\u00e9r\u00e9 de ses p\u00e9pins physiques. Cette double bonne nouvelle renforce consid\u00e9rablement les options offensives et cr\u00e9atives de Luis Enrique pour les prochaines \u00e9ch\u00e9ances.<\/p>\n<p>Un effectif qui retrouve sa profondeur avec trois autres retours<\/p>\n<p>La liste des joueurs de retour ne s&rsquo;arr\u00eate pas l\u00e0, puisque <strong>Fabian Ruiz<\/strong> a \u00e9galement surmont\u00e9 le probl\u00e8me musculaire qui l&rsquo;avait contraint \u00e0 manquer son rassemblement avec l&rsquo;Espagne. Le milieu de terrain espagnol apporte son exp\u00e9rience et sa technique au milieu parisien, constituant un atout pr\u00e9cieux pour la suite de la saison. <strong>Khvicha Kvaratskhelia<\/strong>, l&rsquo;ailier g\u00e9orgien, a d\u00e9j\u00e0 d\u00e9montr\u00e9 son retour en forme en rejouant avec sa s\u00e9lection nationale la semaine derni\u00e8re, confirmant ainsi sa disponibilit\u00e9 pour le match contre Strasbourg. Enfin, <strong>D\u00e9sir\u00e9 Dou\u00e9<\/strong> compl\u00e8te cette s\u00e9rie de retours apr\u00e8s une absence de plus d&rsquo;un mois. Ces multiples r\u00e9int\u00e9grations offrent \u00e0 Luis Enrique une palette tactique beaucoup plus large et la possibilit\u00e9 de faire tourner son effectif intelligemment entre les diff\u00e9rentes comp\u00e9titions. Cette profondeur retrouv\u00e9e arrive \u00e0 point nomm\u00e9 avant les \u00e9ch\u00e9ances cruciales qui attendent le PSG.<\/p>\n<p>Des enjeux majeurs malgr\u00e9 quelques incertitudes persistantes<\/p>\n<p>Malgr\u00e9 ces excellentes nouvelles, certaines interrogations demeurent concernant l&rsquo;\u00e9tat de forme de quelques \u00e9l\u00e9ments cl\u00e9s. <strong>Bradley Barcola et Ousmane Demb\u00e9l\u00e9<\/strong> restent incertains pour la rencontre face au RC Strasbourg, le staff m\u00e9dical parisien pr\u00e9f\u00e9rant adopter une approche prudente avec ces deux attaquants. Par ailleurs, <strong>Marquinhos<\/strong> n&rsquo;a toujours pas r\u00e9cup\u00e9r\u00e9 de sa blessure au quadriceps, obligeant Luis Enrique \u00e0 repenser l&rsquo;organisation de sa d\u00e9fense centrale. Cette victoire face \u00e0 Strasbourg rev\u00eat une importance capitale pour conserver la <strong>premi\u00e8re place du championnat<\/strong> et pr\u00e9parer dans les meilleures conditions le d\u00e9placement p\u00e9rilleux \u00e0 Leverkusen en Ligue des champions. L&rsquo;entra\u00eeneur espagnol dispose d\u00e9sormais des armes n\u00e9cessaires pour aborder ces d\u00e9fis avec ambition et confiance.<\/p>\n<p style=\"margin: 0px 0px 10.7px; font-style: normal; font-variant-caps: normal; font-width: normal; font-size: 21px; line-height: normal; font-family: Helvetica; font-size-adjust: none; font-kerning: auto; font-variant-alternates: normal; font-variant-ligatures: normal; font-variant-numeric: normal; font-variant-east-asian: normal; font-variant-position: normal; font-variant-emoji: normal; font-feature-settings: normal; font-optical-sizing: auto; font-variation-settings: normal; -webkit-text-stroke-width: 0px; -webkit-text-stroke-color: rgb(0, 0, 0);\">Mardi 21 octobre, le Paris-SG se d\u00e9place sur la pelouse du Bayer Leverkusen pour tenter d\u2019aller une troisi\u00e8me victoire de suite en Ligue des Champions. \u00c0 cette occasion, profitez de 100\u20ac offerts pour votre premi\u00e8re inscription sur Parions Sport en Ligne. <a href=\"https:\/\/wlfdj.adsrv.eacdn.com\/C.ashx?btag=a_721b_108c_&amp;affid=214&amp;siteid=721&amp;adid=108&amp;c=\" rel=\"nofollow noopener\" target=\"_blank\">Une victoire du PSG face au Bayer Leverkusen vous rapporte jusqu\u2019\u00e0 154\u20ac !<\/a><\/p>\n<p style=\"margin: 0px 0px 10.7px; font-style: normal; font-variant-caps: normal; font-width: normal; font-size: 21px; line-height: normal; font-family: Helvetica; font-size-adjust: none; font-kerning: auto; font-variant-alternates: normal; font-variant-ligatures: normal; font-variant-numeric: normal; font-variant-east-asian: normal; font-variant-position: normal; font-variant-emoji: normal; font-feature-settings: normal; font-optical-sizing: auto; font-variation-settings: normal; -webkit-text-stroke-width: 0px; -webkit-text-stroke-color: rgb(0, 0, 0);\">Pour en profiter, c\u2019est tr\u00e8s simple :<\/p>\n<p style=\"margin: 0px 0px 10.7px; font-style: normal; font-variant-caps: normal; font-width: normal; font-size: 21px; line-height: normal; font-family: Helvetica; font-size-adjust: none; font-kerning: auto; font-variant-alternates: normal; font-variant-ligatures: normal; font-variant-numeric: normal; font-variant-east-asian: normal; font-variant-position: normal; font-variant-emoji: normal; font-feature-settings: normal; font-optical-sizing: auto; font-variation-settings: normal; -webkit-text-stroke-width: 0px; -webkit-text-stroke-color: rgb(0, 0, 0);\">&#8211;                Cr\u00e9ez votre compte joueur en seulement 2 \u00e9tapes <a href=\"https:\/\/wlfdj.adsrv.eacdn.com\/C.ashx?btag=a_721b_108c_&amp;affid=214&amp;siteid=721&amp;adid=108&amp;c=\" rel=\"nofollow noopener\" target=\"_blank\">ici<\/a><\/p>\n<p style=\"margin: 0px 0px 10.7px; font-style: normal; font-variant-caps: normal; font-width: normal; font-size: 21px; line-height: normal; font-family: Helvetica; font-size-adjust: none; font-kerning: auto; font-variant-alternates: normal; font-variant-ligatures: normal; font-variant-numeric: normal; font-variant-east-asian: normal; font-variant-position: normal; font-variant-emoji: normal; font-feature-settings: normal; font-optical-sizing: auto; font-variation-settings: normal; -webkit-text-stroke-width: 0px; -webkit-text-stroke-color: rgb(0, 0, 0);\">&#8211;                R\u00e9alisez votre 1er d\u00e9p\u00f4t puis placez votre 1er pari (Minimum 5\u20ac)<\/p>\n<p style=\"margin: 0px 0px 10.7px; font-style: normal; font-variant-caps: normal; font-width: normal; font-size: 21px; line-height: normal; font-family: Helvetica; font-size-adjust: none; font-kerning: auto; font-variant-alternates: normal; font-variant-ligatures: normal; font-variant-numeric: normal; font-variant-east-asian: normal; font-variant-position: normal; font-variant-emoji: normal; font-feature-settings: normal; font-optical-sizing: auto; font-variation-settings: normal; -webkit-text-stroke-width: 0px; -webkit-text-stroke-color: rgb(0, 0, 0);\">&#8211;                Une fois votre 1er d\u00e9p\u00f4t et votre 1er pari r\u00e9alis\u00e9s, l\u2019int\u00e9gralit\u00e9 du montant de ce 1er pari sera cr\u00e9dit\u00e9e sur votre compte joueur dans la limite de 100\u20ac maximum et sous la forme de cr\u00e9dits de jeu non retirables. Le cr\u00e9dit s\u2019effectuera alors en une seule \u00e9tape et sous 3 jours<\/p>\n<p style=\"margin: 0px 0px 10.7px; font-style: normal; font-variant-caps: normal; font-width: normal; font-size: 21px; line-height: normal; font-family: Helvetica; font-size-adjust: none; font-kerning: auto; font-variant-alternates: normal; font-variant-ligatures: normal; font-variant-numeric: normal; font-variant-east-asian: normal; font-variant-position: normal; font-variant-emoji: normal; font-feature-settings: normal; font-optical-sizing: auto; font-variation-settings: normal; -webkit-text-stroke-width: 0px; -webkit-text-stroke-color: rgb(0, 0, 0);\">Jouer comporte des risques : endettement, d\u00e9pendance\u2026 Appelez le 09 74 75 13 13 (appel non surtax\u00e9)<\/p>\n","protected":false},"excerpt":{"rendered":"L\u00a0\u00bbentra\u00eeneur du Paris Saint-Germain Luis Enrique peut enfin entrevoir la fin de ses difficult\u00e9s d&rsquo;effectif. Apr\u00e8s une p\u00e9riode&hellip;\n","protected":false},"author":2,"featured_media":465807,"comment_status":"","ping_status":"","sticky":false,"template":"","format":"standard","meta":{"footnotes":""},"categories":[2820],"tags":[1111,11,1777,674,1011,27,775,12,25,640],"class_list":{"0":"post-465806","1":"post","2":"type-post","3":"status-publish","4":"format-standard","5":"has-post-thumbnail","7":"category-strasbourg","8":"tag-actu","9":"tag-actualites","10":"tag-eu","11":"tag-europe","12":"tag-fr","13":"tag-france","14":"tag-grand-est","15":"tag-news","16":"tag-republique-francaise","17":"tag-strasbourg"},"share_on_mastodon":{"url":"https:\/\/pubeurope.com\/@fr\/115380207580715435","error":""},"_links":{"self":[{"href":"https:\/\/www.europesays.com\/fr\/wp-json\/wp\/v2\/posts\/465806","targetHints":{"allow":["GET"]}}],"collection":[{"href":"https:\/\/www.europesays.com\/fr\/wp-json\/wp\/v2\/posts"}],"about":[{"href":"https:\/\/www.europesays.com\/fr\/wp-json\/wp\/v2\/types\/post"}],"author":[{"embeddable":true,"href":"https:\/\/www.europesays.com\/fr\/wp-json\/wp\/v2\/users\/2"}],"replies":[{"embeddable":true,"href":"https:\/\/www.europesays.com\/fr\/wp-json\/wp\/v2\/comments?post=465806"}],"version-history":[{"count":0,"href":"https:\/\/www.europesays.com\/fr\/wp-json\/wp\/v2\/posts\/465806\/revisions"}],"wp:featuredmedia":[{"embeddable":true,"href":"https:\/\/www.europesays.com\/fr\/wp-json\/wp\/v2\/media\/465807"}],"wp:attachment":[{"href":"https:\/\/www.europesays.com\/fr\/wp-json\/wp\/v2\/media?parent=465806"}],"wp:term":[{"taxonomy":"category","embeddable":true,"href":"https:\/\/www.europesays.com\/fr\/wp-json\/wp\/v2\/categories?post=465806"},{"taxonomy":"post_tag","embeddable":true,"href":"https:\/\/www.europesays.com\/fr\/wp-json\/wp\/v2\/tags?post=465806"}],"curies":[{"name":"wp","href":"https:\/\/api.w.org\/{rel}","templated":true}]}}