{"id":46581,"date":"2025-04-23T12:45:34","date_gmt":"2025-04-23T12:45:34","guid":{"rendered":"https:\/\/www.europesays.com\/fr\/46581\/"},"modified":"2025-04-23T12:45:34","modified_gmt":"2025-04-23T12:45:34","slug":"cette-application-vous-permet-de-payer-vos-places-moins-cher","status":"publish","type":"post","link":"https:\/\/www.europesays.com\/fr\/46581\/","title":{"rendered":"cette application vous permet de payer vos places moins cher"},"content":{"rendered":"<p>            Par<br \/>\n        <strong><br \/>\n            <a href=\"https:\/\/actu.fr\/auteur\/amandine-mehl\" title=\"Consulter tous les articles de Amandine Mehl\" rel=\"nofollow noopener\" target=\"_blank\">Amandine Mehl<\/a><br \/>\n        <\/strong><\/p>\n<p>        Publi\u00e9 le<\/p>\n<p>            21 janv. 2025 \u00e0 14h37        <\/p>\n<p>D\u00e9j\u00e0 en service dans plusieurs dizaines de villes fran\u00e7aises, la plateforme de <a href=\"https:\/\/actu.fr\/loisirs-culture\/cinema\" rel=\"nofollow noopener\" target=\"_blank\">cin\u00e9ma<\/a> <strong>Ozzak<\/strong> est d\u00e9sormais disponible \u00e0 <strong>Nancy<\/strong> depuis le 5 d\u00e9cembre 2024.<\/p>\n<p class=\" wall-content\">Concr\u00e8tement, celle-ci vous permet de profiter de <strong>s\u00e9ances \u00e0 prix r\u00e9duits<\/strong>.<\/p>\n<p>Les deux cin\u00e9mas Cam\u00e9o proposent des tarifs r\u00e9duits<\/p>\n<p class=\" wall-content\">Pour l\u2019heure, <strong>deux cin\u00e9mas<\/strong> de la cit\u00e9 ducale collaborent avec Ozzak. \u00c0 savoir, les \u00e9tablissements <strong>Cam\u00e9o<\/strong>.<\/p>\n<p class=\" wall-content\">Ce sont les exploitants qui d\u00e9cident du film, du tarif et du nombre de si\u00e8ges qu\u2019ils souhaitent proposer sur l\u2019application. Ainsi, en ce moment, il est possible de d\u00e9couvrir Conclave, Hiver \u00e0 Sokcho, Babygirl ou encore M\u00e9moires d\u2019un escargot pour <strong>6 euros<\/strong>, auxquels il faut ajouter <strong>69 centimes<\/strong> de frais de r\u00e9servation. Cela \u00e9quivaut \u00e0 une \u00ab\u00a0r\u00e9duction\u00a0\u00bb de 2,81 euros.<\/p>\n<p class=\" wall-content\">Pour en profiter, il suffit de se rendre sur le site <a href=\"https:\/\/ozzak.fr\/nancy-54000\/films?lc=54395\" rel=\"nofollow noopener\" target=\"_blank\">Ozzak<\/a>.<\/p>\n<p>Vid\u00e9os : en ce moment sur Actu<\/p>\n<p class=\" wall-content\">Suivez toute l\u2019actualit\u00e9 de vos villes et m\u00e9dias favoris en vous inscrivant \u00e0 <a href=\"https:\/\/moncompte.actu.fr\" title=\"D\u00e9couvez Mon Actu\" rel=\"nofollow noopener\" data-trk=\"{&quot;cta&quot;:{&quot;action&quot;:&quot;https:\\\/\\\/moncompte.actu.fr&quot;,&quot;category&quot;:&quot;mon compte&quot;,&quot;from&quot;:&quot;article footer&quot;,&quot;name&quot;:&quot;Mon actu&quot;,&quot;type&quot;:&quot;cta&quot;}}\" target=\"_blank\">Mon Actu<\/a>.<\/p>\n<ul class=\"ac-article-tag wall-content\">\n<li><a href=\"https:\/\/actu.fr\/tag\/bons-plans-a-nancy\" data-trk=\"{&quot;cta&quot;:{&quot;action&quot;:&quot;Bons plans \\u00e0 Nancy&quot;,&quot;category&quot;:&quot;tag&quot;,&quot;from&quot;:&quot;article footer&quot;,&quot;name&quot;:&quot;Bons plans \\u00e0 Nancy&quot;,&quot;type&quot;:&quot;cta&quot;}}\" rel=\"nofollow noopener\" target=\"_blank\">#Bons plans \u00e0 Nancy<\/a><\/li>\n<li><a href=\"https:\/\/actu.fr\/tag\/cinema\" data-trk=\"{&quot;cta&quot;:{&quot;action&quot;:&quot;Cin\\u00e9ma&quot;,&quot;category&quot;:&quot;tag&quot;,&quot;from&quot;:&quot;article footer&quot;,&quot;name&quot;:&quot;Cin\\u00e9ma&quot;,&quot;type&quot;:&quot;cta&quot;}}\" rel=\"nofollow noopener\" target=\"_blank\">#Cin\u00e9ma<\/a><\/li>\n<\/ul>\n","protected":false},"excerpt":{"rendered":"Par Amandine Mehl Publi\u00e9 le 21 janv. 2025 \u00e0 14h37 D\u00e9j\u00e0 en service dans plusieurs dizaines de villes&hellip;\n","protected":false},"author":2,"featured_media":46582,"comment_status":"","ping_status":"","sticky":false,"template":"","format":"standard","meta":{"footnotes":""},"categories":[9635],"tags":[1111,11,11226,650,1777,674,1011,27,775,1702,12,25],"class_list":{"0":"post-46581","1":"post","2":"type-post","3":"status-publish","4":"format-standard","5":"has-post-thumbnail","7":"category-nancy","8":"tag-actu","9":"tag-actualites","10":"tag-bons-plans-a-nancy","11":"tag-cinema","12":"tag-eu","13":"tag-europe","14":"tag-fr","15":"tag-france","16":"tag-grand-est","17":"tag-nancy","18":"tag-news","19":"tag-republique-francaise"},"share_on_mastodon":{"url":"https:\/\/pubeurope.com\/@fr\/114387348770128811","error":""},"_links":{"self":[{"href":"https:\/\/www.europesays.com\/fr\/wp-json\/wp\/v2\/posts\/46581","targetHints":{"allow":["GET"]}}],"collection":[{"href":"https:\/\/www.europesays.com\/fr\/wp-json\/wp\/v2\/posts"}],"about":[{"href":"https:\/\/www.europesays.com\/fr\/wp-json\/wp\/v2\/types\/post"}],"author":[{"embeddable":true,"href":"https:\/\/www.europesays.com\/fr\/wp-json\/wp\/v2\/users\/2"}],"replies":[{"embeddable":true,"href":"https:\/\/www.europesays.com\/fr\/wp-json\/wp\/v2\/comments?post=46581"}],"version-history":[{"count":0,"href":"https:\/\/www.europesays.com\/fr\/wp-json\/wp\/v2\/posts\/46581\/revisions"}],"wp:featuredmedia":[{"embeddable":true,"href":"https:\/\/www.europesays.com\/fr\/wp-json\/wp\/v2\/media\/46582"}],"wp:attachment":[{"href":"https:\/\/www.europesays.com\/fr\/wp-json\/wp\/v2\/media?parent=46581"}],"wp:term":[{"taxonomy":"category","embeddable":true,"href":"https:\/\/www.europesays.com\/fr\/wp-json\/wp\/v2\/categories?post=46581"},{"taxonomy":"post_tag","embeddable":true,"href":"https:\/\/www.europesays.com\/fr\/wp-json\/wp\/v2\/tags?post=46581"}],"curies":[{"name":"wp","href":"https:\/\/api.w.org\/{rel}","templated":true}]}}