{"id":465823,"date":"2025-10-15T21:12:58","date_gmt":"2025-10-15T21:12:58","guid":{"rendered":"https:\/\/www.europesays.com\/fr\/465823\/"},"modified":"2025-10-15T21:12:58","modified_gmt":"2025-10-15T21:12:58","slug":"des-jeunes-qui-aiment-la-france-accrochent-des-drapeaux-au-dessus-des-routes-autour-de-lille","status":"publish","type":"post","link":"https:\/\/www.europesays.com\/fr\/465823\/","title":{"rendered":"Des jeunes \u00ab\u00a0qui aiment la France\u00a0\u00bb accrochent des drapeaux au-dessus des routes autour de Lille"},"content":{"rendered":"<p>Plusieurs drapeaux fran\u00e7ais sont apparus ces derniers jours au-dessus de grands axes routiers dans la m\u00e9tropole de<a href=\"https:\/\/lille.maville.com\/\/\" target=\"_self\" rel=\"noopener\"> Lille (Nord).<\/a> Ce mouvement pourrait faire \u00e9cho \u00e0 celui port\u00e9 par l\u2019extr\u00eame droite au Royaume-Uni, rapporte  <a href=\"https:\/\/www.lavoixdunord.fr\/1635619\/article\/2025-10-14\/un-groupe-de-potes-qui-aiment-la-france-qui-accroche-des-drapeaux-francais-sur\" target=\"_blank\" rel=\"noopener\">La Voix du Nord<\/a> \u00a0mardi 14\u00a0octobre 2025.\u00a0<\/p>\n<p>Les drapeaux sont apparus au-dessus de l\u2019autoroute A1, sur plusieurs passerelles ainsi que sur deux antennes-relais. Pour le moment, aucune action du genre n\u2019a \u00e9t\u00e9 revendiqu\u00e9e ni par les militants identitaires lillois de Nouvelle Droite, ni par les royalistes de l\u2019Action fran\u00e7aise.<\/p>\n<p>Six amis patriotes mais pas racistes<\/p>\n<p>Une partie des drapeaux semble avoir \u00e9t\u00e9 accroch\u00e9e\u00a0par\u00a0les membres du mouvement Les Patriotes. Le reste serait l\u2019\u0153uvre d\u2019un\u00a0<strong>\u00ab\u00a0groupe de potes qui aime la France\u00a0\u00bb<\/strong>. Les six membres, rencontr\u00e9s par le m\u00e9dia nordiste, partagent les vid\u00e9os de leurs drapeaux sur un groupe Facebook rassemblant 40\u00a0000\u00a0internautes.\u00a0<\/p>\n<p><strong>\u00ab\u00a0Je vais \u00eatre clair avec vous<\/strong>, a pr\u00e9cis\u00e9\u00a0l\u2019un des membres.<strong> Il n\u2019y a pas de racisme, pas de haine, pas de politique.\u00a0\u00bb<\/strong>\u00a0L\u2019objectif serait simplement de montrer, pour ces jeunes, leur fiert\u00e9 d\u2019\u00eatre Fran\u00e7ais. De nouveaux drapeaux devraient bient\u00f4t appara\u00eetre et une cagnotte a \u00e9t\u00e9 lanc\u00e9e pour financer les achats. Ils sont cependant conscients que leur action peut \u00eatre mal interpr\u00e9t\u00e9e.<\/p>\n<p>\u00a0<\/p>\n","protected":false},"excerpt":{"rendered":"Plusieurs drapeaux fran\u00e7ais sont apparus ces derniers jours au-dessus de grands axes routiers dans la m\u00e9tropole de Lille&hellip;\n","protected":false},"author":2,"featured_media":465824,"comment_status":"","ping_status":"","sticky":false,"template":"","format":"standard","meta":{"footnotes":""},"categories":[2815],"tags":[22679,1111,11,58939,29779,7051,5492,53463,1777,674,1011,27,811,4074,1307,12,25,11616],"class_list":{"0":"post-465823","1":"post","2":"type-post","3":"status-publish","4":"format-standard","5":"has-post-thumbnail","7":"category-lille","8":"tag-accrochent","9":"tag-actu","10":"tag-actualites","11":"tag-aiment","12":"tag-au-dessus","13":"tag-autour","14":"tag-caen","15":"tag-drapeaux","16":"tag-eu","17":"tag-europe","18":"tag-fr","19":"tag-france","20":"tag-hauts-de-france","21":"tag-jeunes","22":"tag-lille","23":"tag-news","24":"tag-republique-francaise","25":"tag-routes"},"share_on_mastodon":{"url":"https:\/\/pubeurope.com\/@fr\/115380250537460527","error":""},"_links":{"self":[{"href":"https:\/\/www.europesays.com\/fr\/wp-json\/wp\/v2\/posts\/465823","targetHints":{"allow":["GET"]}}],"collection":[{"href":"https:\/\/www.europesays.com\/fr\/wp-json\/wp\/v2\/posts"}],"about":[{"href":"https:\/\/www.europesays.com\/fr\/wp-json\/wp\/v2\/types\/post"}],"author":[{"embeddable":true,"href":"https:\/\/www.europesays.com\/fr\/wp-json\/wp\/v2\/users\/2"}],"replies":[{"embeddable":true,"href":"https:\/\/www.europesays.com\/fr\/wp-json\/wp\/v2\/comments?post=465823"}],"version-history":[{"count":0,"href":"https:\/\/www.europesays.com\/fr\/wp-json\/wp\/v2\/posts\/465823\/revisions"}],"wp:featuredmedia":[{"embeddable":true,"href":"https:\/\/www.europesays.com\/fr\/wp-json\/wp\/v2\/media\/465824"}],"wp:attachment":[{"href":"https:\/\/www.europesays.com\/fr\/wp-json\/wp\/v2\/media?parent=465823"}],"wp:term":[{"taxonomy":"category","embeddable":true,"href":"https:\/\/www.europesays.com\/fr\/wp-json\/wp\/v2\/categories?post=465823"},{"taxonomy":"post_tag","embeddable":true,"href":"https:\/\/www.europesays.com\/fr\/wp-json\/wp\/v2\/tags?post=465823"}],"curies":[{"name":"wp","href":"https:\/\/api.w.org\/{rel}","templated":true}]}}