{"id":465825,"date":"2025-10-15T21:14:10","date_gmt":"2025-10-15T21:14:10","guid":{"rendered":"https:\/\/www.europesays.com\/fr\/465825\/"},"modified":"2025-10-15T21:14:10","modified_gmt":"2025-10-15T21:14:10","slug":"la-ville-retire-45-boites-a-cles-aux-catalans","status":"publish","type":"post","link":"https:\/\/www.europesays.com\/fr\/465825\/","title":{"rendered":"la Ville retire 45 bo\u00eetes \u00e0 cl\u00e9s aux Catalans"},"content":{"rendered":"<p>Le 30 septembre dernier, les services de la Ville avaient cibl\u00e9, aux Catalans (7e), 62 bo\u00eetes \u00e0 cl\u00e9s accroch\u00e9es sur le mobilier urbain. Ce mercredi 15 octobre, apr\u00e8s un d\u00e9lai de deux semaines laiss\u00e9 \u00e0 leurs propri\u00e9taires pour les retirer, <a href=\"https:\/\/www.laprovence.com\/article\/region\/8177028428208914\/lutte-anti-airbnb-la-ville-de-marseille-va-retirer-les-boites-a-cles-de-ses-rues\" target=\"_blank\" rel=\"noopener\">c&rsquo;est avec pinces et disqueuse qu&rsquo;ils sont revenus<\/a>. En fin de matin\u00e9e, 45 de ces cadenas avaient \u00e9t\u00e9 d\u00e9coup\u00e9s. \u00ab\u00a0Je suis satisfaite, sourit la maire (GRS) des 1e-7e, Sophie Camard. D&rsquo;un c\u00f4t\u00e9, une vingtaine de propri\u00e9taires ont r\u00e9agi, de l&rsquo;autre nous avons r\u00e9pondu \u00e0 une vraie demande.\u00a0\u00bb Celle, par exemple, de Sixtine. \u00ab\u00a0C&rsquo;est un quartier g\u00e9nial, tout le monde r\u00eaverait d&rsquo;y vivre, mais c&rsquo;est impossible car <a href=\"https:\/\/www.laprovence.com\/article\/region\/9516723661820515\/je-ne-reconnais-plus-mon-quartier-a-marseille-les-habitants-du-panier-face-a-la-multiplication-des-airbnb\" target=\"_blank\" rel=\"noopener\">il y a trop de Airbnb<\/a>\u00ab\u00a0, assure la trentenaire, locataire depuis cinq ans rue de Suez.<\/p>\n<p>Si elle ne fait pas l&rsquo;unanimit\u00e9 (\u00ab\u00a0Le soleil brille aussi pour le petit propri\u00e9taire qui a su\u00e9 pour acheter un appartement et a le droit de gagner un peu de sous sans que quelqu&rsquo;un de bien-pensant ne vienne l&rsquo;en emp\u00eacher\u00a0\u00bb, l\u00e2che une commer\u00e7ante du front de mer), globalement, l&rsquo;op\u00e9ration coup de poing est bien accueillie dans le quartier. \u00ab\u00a0Il y a de plus en plus de Airbnb et de bo\u00eetes \u00e0 cl\u00e9s, remarque Jean-Fran\u00e7ois Beaulieu, conseiller chez Buddy&rsquo;s Immobilier. Nous avon&#8230;<\/p>\n","protected":false},"excerpt":{"rendered":"Le 30 septembre dernier, les services de la Ville avaient cibl\u00e9, aux Catalans (7e), 62 bo\u00eetes \u00e0 cl\u00e9s&hellip;\n","protected":false},"author":2,"featured_media":465826,"comment_status":"","ping_status":"","sticky":false,"template":"","format":"standard","meta":{"footnotes":""},"categories":[2814],"tags":[17,1111,11,27741,2364,1777,674,1011,27,884,12,2043,1476,882,25,13804,104,4824],"class_list":{"0":"post-465825","1":"post","2":"type-post","3":"status-publish","4":"format-standard","5":"has-post-thumbnail","7":"category-marseille","8":"tag-17","9":"tag-actu","10":"tag-actualites","11":"tag-anti-airbnb","12":"tag-boites","13":"tag-eu","14":"tag-europe","15":"tag-fr","16":"tag-france","17":"tag-marseille","18":"tag-news","19":"tag-nouvelle","20":"tag-operation","21":"tag-provence-alpes-cote-dazur","22":"tag-republique-francaise","23":"tag-retire","24":"tag-societe","25":"tag-ville"},"share_on_mastodon":{"url":"https:\/\/pubeurope.com\/@fr\/115380254508186256","error":""},"_links":{"self":[{"href":"https:\/\/www.europesays.com\/fr\/wp-json\/wp\/v2\/posts\/465825","targetHints":{"allow":["GET"]}}],"collection":[{"href":"https:\/\/www.europesays.com\/fr\/wp-json\/wp\/v2\/posts"}],"about":[{"href":"https:\/\/www.europesays.com\/fr\/wp-json\/wp\/v2\/types\/post"}],"author":[{"embeddable":true,"href":"https:\/\/www.europesays.com\/fr\/wp-json\/wp\/v2\/users\/2"}],"replies":[{"embeddable":true,"href":"https:\/\/www.europesays.com\/fr\/wp-json\/wp\/v2\/comments?post=465825"}],"version-history":[{"count":0,"href":"https:\/\/www.europesays.com\/fr\/wp-json\/wp\/v2\/posts\/465825\/revisions"}],"wp:featuredmedia":[{"embeddable":true,"href":"https:\/\/www.europesays.com\/fr\/wp-json\/wp\/v2\/media\/465826"}],"wp:attachment":[{"href":"https:\/\/www.europesays.com\/fr\/wp-json\/wp\/v2\/media?parent=465825"}],"wp:term":[{"taxonomy":"category","embeddable":true,"href":"https:\/\/www.europesays.com\/fr\/wp-json\/wp\/v2\/categories?post=465825"},{"taxonomy":"post_tag","embeddable":true,"href":"https:\/\/www.europesays.com\/fr\/wp-json\/wp\/v2\/tags?post=465825"}],"curies":[{"name":"wp","href":"https:\/\/api.w.org\/{rel}","templated":true}]}}