{"id":465827,"date":"2025-10-15T21:15:15","date_gmt":"2025-10-15T21:15:15","guid":{"rendered":"https:\/\/www.europesays.com\/fr\/465827\/"},"modified":"2025-10-15T21:15:15","modified_gmt":"2025-10-15T21:15:15","slug":"municipales-2026-a-marseille-lecologiste-hassen-hammou-convoque-devant-la-justice-pour-tentative-de-corruption-de-mineur","status":"publish","type":"post","link":"https:\/\/www.europesays.com\/fr\/465827\/","title":{"rendered":"Municipales 2026 \u00e0 Marseille\u00a0: l\u2019\u00e9cologiste Hassen Hammou convoqu\u00e9 devant la justice pour tentative de corruption de mineur"},"content":{"rendered":"<p class=\"paragraph text_align_left lp-f-body-02\">Mardi, <a href=\"https:\/\/www.leparisien.fr\/elections\/municipales\/municipales-2026-a-marseille-les-ecologistes-votent-pour-reconduire-la-coalition-de-gauche-15-10-2025-MKC4TIU6MZEJPHPWOMPHJB3YPU.php\" target=\"_self\" rel=\"noopener\">Hassen Hammou c\u00e9l\u00e9brait une victoire<\/a>. L\u2019homme de 36 ans venait d\u2019\u00eatre \u00e9lu chef de file des \u00e9cologistes en vue des \u00e9lections municipales \u00e0 Marseille (<a href=\"https:\/\/www.leparisien.fr\/bouches-du-rhone-13\/\" target=\"_self\" rel=\"noopener\">Bouches-du-Rh\u00f4ne<\/a>), en mars prochain. Avec un objectif : pr\u00e9server l\u2019union autour du Printemps marseillais de Beno\u00eet Payan, le maire sortant.<\/p>\n<p class=\"paragraph text_align_left lp-f-body-02\">Ce mercredi, r\u00e9v\u00e8le <a href=\"https:\/\/www.laprovence.com\/article\/faits-divers-justice\/55660612426863\/info-la-provence-hassen-hammou-le-chef-de-file-eelv-a-marseille-convoque-devant-la-justice-pour-corruption-de-mineur\" target=\"_self\" rel=\"noopener\">La Provence<\/a>, <a href=\"https:\/\/www.leparisien.fr\/politique\/candidat-de-seconde-zone-et-fier-de-l-etre-25-08-2016-6067115.php\" target=\"_self\" rel=\"noopener\">Hassen Hammou<\/a> a appris qu\u2019il \u00e9tait convoqu\u00e9 devant la justice. Le trentenaire devra se rendre au tribunal correctionnel de Marseille, le 13 novembre, et r\u00e9pondre du d\u00e9lit \u00ab d\u2019incitation d\u2019un mineur par un majeur utilisant un moyen de communication \u00e9lectronique \u00e0 commettre un acte de nature sexuelle \u00bb.<\/p>\n<p class=\"paragraph text_align_left lp-f-body-02\">Concr\u00e8tement, Hassen Hammou est accus\u00e9 d\u2019avoir tent\u00e9 d\u2019obtenir les faveurs d\u2019un adolescent de 16 ans en juin 2024. Un d\u00e9lit passible de sept ans d\u2019emprisonnement et de 100 000 euros d\u2019amende, pr\u00e9cisent nos confr\u00e8res.<\/p>\n<p>\u00ab Victime d\u2019une agression reconnue par la justice et donc coupable id\u00e9al \u00bb<\/p>\n<p class=\"paragraph text_align_left lp-f-body-02\">Hassen Hammou conteste vertement les faits qui lui sont reproch\u00e9s. \u00c0 La Provence, il affirme avoir \u00ab \u00e9t\u00e9 en contact avec deux personnes sur un r\u00e9seau social, un homme et une femme, pensant qu\u2019elles \u00e9taient majeures \u00bb. C\u2019\u00e9tait en r\u00e9alit\u00e9 un pi\u00e8ge, assure-t-il, pr\u00e9cisant sur X avoir \u00ab subi une agression crapuleuse \u00bb.<\/p>\n<blockquote class=\"twitter-tweet\">\n<p lang=\"fr\" dir=\"ltr\">\ud83d\udd34Victime d\u2019une aggression reconnue par la justice et donc coupable id\u00e9al\u2026<\/p>\n<p>L\u2019annonce de cette proc\u00e9dure  est pour moi une d\u00e9flagration humaine.<\/p>\n<p>Ma d\u00e9votion pour Marseille va bien au-del\u00e0 de mon engagement politique. <\/p>\n<p>En juin 2023, j\u2019ai subi une agression crapuleuse. <\/p>\n<p>Voir\u2026<\/p>\n<p>\u2014 Hassen Hammou (@HammouHassen) <a href=\"https:\/\/twitter.com\/HammouHassen\/status\/1978549170790363540?ref_src=twsrc%5Etfw\" target=\"_blank\" rel=\"noopener\">October 15, 2025<\/a><\/p><\/blockquote>\n<p class=\"lp-card-podcast-highlighting__title  lp-f-subtitle-05\">[2\/2] Tuerie d\u2019Auriol\u00a0: la famille massacr\u00e9e et les barbouzes gaullistes<\/p>\n<p class=\"lp-card-podcast-highlighting__description lp-f-ui-05\">Crime story raconte chaque semaine les grandes affaires criminelles.<\/p>\n<p><a class=\"lp-card-podcast-highlighting__call-to-action\" data-page-type=\"HP\" data-block-name=\"podcast-highlight\">\u00c9couter<\/a><\/p>\n<p class=\"paragraph text_align_left lp-f-body-02\">\u00ab Pour riposter, la maman de l\u2019un d\u2019eux a fait un d\u00e9p\u00f4t de plainte, certifie-t-il au quotidien r\u00e9gional. Il y a eu une enqu\u00eate et les deux jeunes ont \u00e9t\u00e9 condamn\u00e9s pour extorsions en septembre 2024. Depuis, il n\u2019y a eu aucun \u00e9l\u00e9ment nouveau me mettant en cause. \u00bb<\/p>\n<p class=\"paragraph text_align_left lp-f-body-02\">Et Hassen Hammou de reprendre la parole sur ses r\u00e9seaux sociaux : \u00ab Victime d\u2019une agression reconnue par la justice et donc coupable id\u00e9al\u2026 L\u2019annonce de cette proc\u00e9dure est pour moi une d\u00e9flagration humaine \u00bb.<\/p>\n<p class=\"paragraph text_align_left lp-f-body-02\">L\u2019\u00e9cologiste estime que le \u00ab contexte et la temporalit\u00e9 de cette proc\u00e9dure \u00bb ne sont pas sans lien avec l\u2019\u00e9lection municipale \u00e0 venir. Cependant, \u00e9crit-il encore, \u00ab je suis serein sur le fond de cette affaire et tiens toutes les pi\u00e8ces \u00e0 la disposition de la presse \u00bb.<\/p>\n<p><script async src=\"https:\/\/platform.twitter.com\/widgets.js\" charset=\"utf-8\"><\/script><\/p>\n","protected":false},"excerpt":{"rendered":"Mardi, Hassen Hammou c\u00e9l\u00e9brait une victoire. L\u2019homme de 36 ans venait d\u2019\u00eatre \u00e9lu chef de file des \u00e9cologistes&hellip;\n","protected":false},"author":2,"featured_media":465828,"comment_status":"","ping_status":"","sticky":false,"template":"","format":"standard","meta":{"footnotes":""},"categories":[2814],"tags":[1111,11,459,1777,674,118,1011,27,884,12,882,25],"class_list":{"0":"post-465827","1":"post","2":"type-post","3":"status-publish","4":"format-standard","5":"has-post-thumbnail","7":"category-marseille","8":"tag-actu","9":"tag-actualites","10":"tag-departements-horsidfo","11":"tag-eu","12":"tag-europe","13":"tag-faits-divers","14":"tag-fr","15":"tag-france","16":"tag-marseille","17":"tag-news","18":"tag-provence-alpes-cote-dazur","19":"tag-republique-francaise"},"share_on_mastodon":{"url":"https:\/\/pubeurope.com\/@fr\/115380258357969610","error":""},"_links":{"self":[{"href":"https:\/\/www.europesays.com\/fr\/wp-json\/wp\/v2\/posts\/465827","targetHints":{"allow":["GET"]}}],"collection":[{"href":"https:\/\/www.europesays.com\/fr\/wp-json\/wp\/v2\/posts"}],"about":[{"href":"https:\/\/www.europesays.com\/fr\/wp-json\/wp\/v2\/types\/post"}],"author":[{"embeddable":true,"href":"https:\/\/www.europesays.com\/fr\/wp-json\/wp\/v2\/users\/2"}],"replies":[{"embeddable":true,"href":"https:\/\/www.europesays.com\/fr\/wp-json\/wp\/v2\/comments?post=465827"}],"version-history":[{"count":0,"href":"https:\/\/www.europesays.com\/fr\/wp-json\/wp\/v2\/posts\/465827\/revisions"}],"wp:featuredmedia":[{"embeddable":true,"href":"https:\/\/www.europesays.com\/fr\/wp-json\/wp\/v2\/media\/465828"}],"wp:attachment":[{"href":"https:\/\/www.europesays.com\/fr\/wp-json\/wp\/v2\/media?parent=465827"}],"wp:term":[{"taxonomy":"category","embeddable":true,"href":"https:\/\/www.europesays.com\/fr\/wp-json\/wp\/v2\/categories?post=465827"},{"taxonomy":"post_tag","embeddable":true,"href":"https:\/\/www.europesays.com\/fr\/wp-json\/wp\/v2\/tags?post=465827"}],"curies":[{"name":"wp","href":"https:\/\/api.w.org\/{rel}","templated":true}]}}