{"id":465879,"date":"2025-10-15T21:45:12","date_gmt":"2025-10-15T21:45:12","guid":{"rendered":"https:\/\/www.europesays.com\/fr\/465879\/"},"modified":"2025-10-15T21:45:12","modified_gmt":"2025-10-15T21:45:12","slug":"huit-auteurs-sur-la-voie-royale","status":"publish","type":"post","link":"https:\/\/www.europesays.com\/fr\/465879\/","title":{"rendered":"huit auteurs sur la Voie royale"},"content":{"rendered":"<p>\n    Qui succ\u00e9dera \u00e0 Thibault de Montaigu, vainqueur de l\u2019\u00e9dition 2024? R\u00e9uni le 15 octobre en fin de journ\u00e9e, le jury de la prestigieuse r\u00e9compense litt\u00e9raire, pr\u00e9sid\u00e9 par Jean-Marie Rouart, a d\u00e9voil\u00e9 sa deuxi\u00e8me s\u00e9lection de laur\u00e9ats potentiels.<\/p>\n<p class=\"fig-paragraph\">Douze auteurs \u00e9taient encore en lice pour le prix Interalli\u00e9 2025. Ils ne sont plus que huit dans cette deuxi\u00e8me s\u00e9lection. Et sans doute encore moiti\u00e9 moins le 5 novembre quand le jury donnera sa liste finale. La proclamation se tiendra le 12 novembre, au restaurant Lasserre, \u00e0 Paris.<\/p>\n<p class=\"fig-paragraph\"><strong>Parmi les huit auteurs, certains visent d\u2019autres grands prix d\u2019automne<\/strong><\/p>\n<p>                                    <a class=\"fig-a11y-skip a11y-hidden\" href=\"#fig-a11y-skip-main-inarticle\"><br \/>\n        Passer la publicit\u00e9<br \/>\n    <\/a><\/p>\n<p class=\"fig-paragraph\">Fond\u00e9 en 1930 par des journalistes du Cercle interalli\u00e9, ce prix litt\u00e9raire r\u00e9compense de pr\u00e9f\u00e9rence le roman d\u2019un journaliste. Le laur\u00e9at rejoindra un palmar\u00e8s prestigieux compos\u00e9 de Michel D\u00e9on, Dominique Bona, S\u00e9bastien Japrisot, Jean-Marie Rouart, Jean-Christophe Rufin, Philippe Labro, Michel Houellebecq, Philippe Djian, \u00c9ric Neuhoff, Christophe Ono-dit-Biot, Florian Zeller, Antoine Blondin, entre autres. Andr\u00e9 Malraux en \u00e9tait le premier laur\u00e9at, pour son roman La Voie royale.<\/p>\n<p class=\"fig-paragraph\">Voici les huit auteurs en lice:<\/p>\n<p class=\"fig-paragraph\"><strong>Christian Authier<\/strong>, Comme un p\u00e8re (Le Rocher)<\/p>\n<p class=\"fig-paragraph\"><strong>Fabrice Pliskin<\/strong>, Le fou de Bourdieu (Le Cherche-Midi))<\/p>\n<p class=\"fig-paragraph\"><strong>Nathan Devers<\/strong>, Surchauffe (Albin Michel)<\/p>\n<p>                                    <a class=\"fig-a11y-skip a11y-hidden\" href=\"#fig-a11y-skip-main-inarticle_mtf\"><br \/>\n        Passer la publicit\u00e9<br \/>\n    <\/a><\/p>\n<p class=\"fig-paragraph\"><strong>Louis-Henri de La Rochefoucauld<\/strong>, L\u2019amour moderne (Robert Laffont)<\/p>\n<p class=\"fig-paragraph\"><strong>Anne Berest<\/strong>, Finist\u00e8re (Albin Michel)<\/p>\n<p class=\"fig-paragraph\"><strong>C\u00e9cile Guilbert<\/strong>, Feux sacr\u00e9s (Grasset)<\/p>\n<p class=\"fig-paragraph\"><strong>Maria Pourchet<\/strong>, Tressaillir (Stock)<\/p>\n<p class=\"fig-paragraph\"><strong>Alfred de Montesquiou<\/strong>, Le cr\u00e9puscule des hommes (Robert Laffont).<\/p>\n<p>                                    <a class=\"fig-a11y-skip a11y-hidden\" href=\"#fig-a11y-skip-main-inarticle_btf\"><br \/>\n        Passer la publicit\u00e9<br \/>\n    <\/a><\/p>\n<p class=\"fig-paragraph\">Le jury est pr\u00e9sid\u00e9 par Jean-Marie Rouart, de l\u2019Acad\u00e9mie fran\u00e7aise. Il est compos\u00e9 de\u00a0St\u00e9phane Denis, Gilles Martin-Chauffier, \u00c9ric Neuhoff, Christophe Ono-dit-Biot, Jean-Christophe Rufin, Jean-Ren\u00e9 Van der Plaetsen, Florian Zeller et Thibault de Montaigu, le laur\u00e9at de l\u2019ann\u00e9e pr\u00e9c\u00e9dente qui, par tradition, si\u00e8ge l\u2019ann\u00e9e suivante.<\/p>\n","protected":false},"excerpt":{"rendered":"Qui succ\u00e9dera \u00e0 Thibault de Montaigu, vainqueur de l\u2019\u00e9dition 2024? R\u00e9uni le 15 octobre en fin de journ\u00e9e,&hellip;\n","protected":false},"author":2,"featured_media":465880,"comment_status":"","ping_status":"","sticky":false,"template":"","format":"standard","meta":{"footnotes":""},"categories":[1357],"tags":[1379,58,59,1011,27,1380,2141],"class_list":{"0":"post-465879","1":"post","2":"type-post","3":"status-publish","4":"format-standard","5":"has-post-thumbnail","7":"category-livres","8":"tag-books","9":"tag-divertissement","10":"tag-entertainment","11":"tag-fr","12":"tag-france","13":"tag-livres","14":"tag-prix"},"share_on_mastodon":{"url":"https:\/\/pubeurope.com\/@fr\/115380376448288020","error":""},"_links":{"self":[{"href":"https:\/\/www.europesays.com\/fr\/wp-json\/wp\/v2\/posts\/465879","targetHints":{"allow":["GET"]}}],"collection":[{"href":"https:\/\/www.europesays.com\/fr\/wp-json\/wp\/v2\/posts"}],"about":[{"href":"https:\/\/www.europesays.com\/fr\/wp-json\/wp\/v2\/types\/post"}],"author":[{"embeddable":true,"href":"https:\/\/www.europesays.com\/fr\/wp-json\/wp\/v2\/users\/2"}],"replies":[{"embeddable":true,"href":"https:\/\/www.europesays.com\/fr\/wp-json\/wp\/v2\/comments?post=465879"}],"version-history":[{"count":0,"href":"https:\/\/www.europesays.com\/fr\/wp-json\/wp\/v2\/posts\/465879\/revisions"}],"wp:featuredmedia":[{"embeddable":true,"href":"https:\/\/www.europesays.com\/fr\/wp-json\/wp\/v2\/media\/465880"}],"wp:attachment":[{"href":"https:\/\/www.europesays.com\/fr\/wp-json\/wp\/v2\/media?parent=465879"}],"wp:term":[{"taxonomy":"category","embeddable":true,"href":"https:\/\/www.europesays.com\/fr\/wp-json\/wp\/v2\/categories?post=465879"},{"taxonomy":"post_tag","embeddable":true,"href":"https:\/\/www.europesays.com\/fr\/wp-json\/wp\/v2\/tags?post=465879"}],"curies":[{"name":"wp","href":"https:\/\/api.w.org\/{rel}","templated":true}]}}