{"id":465881,"date":"2025-10-15T21:46:17","date_gmt":"2025-10-15T21:46:17","guid":{"rendered":"https:\/\/www.europesays.com\/fr\/465881\/"},"modified":"2025-10-15T21:46:17","modified_gmt":"2025-10-15T21:46:17","slug":"natalie-portman-atomise-toutes-les-nanas-la-plus-belle-femme-au-monde-magnifique-la-presence-de-lactrice-americaine-sur-tmc-subjugue-la-toile","status":"publish","type":"post","link":"https:\/\/www.europesays.com\/fr\/465881\/","title":{"rendered":"\u00ab\u00a0Natalie Portman atomise toutes les nanas\u00a0\u00bb, \u00ab\u00a0La plus belle femme au monde\u00a0\u00bb, \u00ab\u00a0Magnifique\u00a0\u00bb : la pr\u00e9sence de l&rsquo;actrice am\u00e9ricaine sur TMC subjugue la Toile"},"content":{"rendered":"<p class=\"mb-4 text-lg md:leading-8 break-words\">C&rsquo;est d\u00e9sormais une habitude : les \u00e9quipes de<a data-i13n=\"cpos:1;pos:1\" href=\"https:\/\/fr.news.yahoo.com\/quotidien-cest-la-cata-vanessa-paradis-on-ne-comprend-toujours-rien-a-ce-quelle-chante-ce-pays-ne-merite-pas-ca-le-live-de-vanessa-paradis-provoque-le-malaise-sur-la-toile-190022683.html\" data-ylk=\"slk:&quot;Quotidien&quot;;cpos:1;pos:1;elm:context_link;itc:0;sec:content-canvas;outcm:mb_qualified_link;_E:mb_qualified_link;ct:story;\" class=\"link  yahoo-link\" target=\"_blank\" rel=\"noopener\"> \u00ab\u00a0Quotidien\u00a0\u00bb <\/a>raflent quasiment toujours les meilleurs invit\u00e9s. <a data-i13n=\"cpos:2;pos:1\" href=\"https:\/\/fr.news.yahoo.com\/javais-bu-de-lalcool-toute-la-journee-kendji-girac-fait-de-troublantes-revelations-sur-le-jour-ou-il-sest-blesse-par-balle-191258830.html\" data-ylk=\"slk:Face \u00e0 Yann Barth\u00e8s, de nombreuses c\u00e9l\u00e9brit\u00e9s;cpos:2;pos:1;elm:context_link;itc:0;sec:content-canvas;outcm:mb_qualified_link;_E:mb_qualified_link;ct:story;\" class=\"link  yahoo-link\" target=\"_blank\" rel=\"noopener\">Face \u00e0 Yann Barth\u00e8s, de nombreuses c\u00e9l\u00e9brit\u00e9s<\/a> internationales se sont succ\u00e9d\u00e9es sur le plateau du talk-show de TMC. Ce mercredi 15 octobre 2025, c&rsquo;\u00e9tait au tour de nulle autre que <a data-i13n=\"cpos:3;pos:1\" href=\"https:\/\/fr.style.yahoo.com\/porte-culotte-menstruelle-natalie-portman-090000438.html\" data-ylk=\"slk:Natalie Portman;cpos:3;pos:1;elm:context_link;itc:0;sec:content-canvas;outcm:mb_qualified_link;_E:mb_qualified_link;ct:story;\" class=\"link  yahoo-link\" target=\"_blank\" rel=\"noopener\">Natalie Portman<\/a> d&rsquo;y faire une apparition tr\u00e8s remarqu\u00e9e sur X.<\/p>\n<p class=\"mb-4 text-lg md:leading-8 break-words\"><strong>Vid\u00e9o. D\u00e9couvrez La Minute de Natalie Portman<\/strong><\/p>\n<p>Natalie Portman, une amoureuse de la France<\/p>\n<p class=\"mb-4 text-lg md:leading-8 break-words\">Si elle fait en ce moment le tour des m\u00e9dias en France &#8211; un pays qu&rsquo;elle affectionne particuli\u00e8rement <a data-i13n=\"cpos:4;pos:1\" href=\"https:\/\/fr.style.yahoo.com\/natalie-portman-confie-vie-%C3%A0-133000426.html\" data-ylk=\"slk:puisqu&#039;elle vit m\u00eame \u00e0 Paris depuis 2014;cpos:4;pos:1;elm:context_link;itc:0;sec:content-canvas;outcm:mb_qualified_link;_E:mb_qualified_link;ct:story;\" class=\"link  yahoo-link\" target=\"_blank\" rel=\"noopener\">puisqu&rsquo;elle vit m\u00eame \u00e0 Paris depuis 2014<\/a> &#8211; c&rsquo;est parce que Natalie Portman <a data-i13n=\"cpos:5;pos:1\" href=\"https:\/\/fr.news.yahoo.com\/arco-film-danimation-utopiste-produit-101954192.html\" data-ylk=\"slk:s&#039;essaie de nouveau \u00e0 la production avec &quot;Arco&quot;;cpos:5;pos:1;elm:context_link;itc:0;sec:content-canvas;outcm:mb_qualified_link;_E:mb_qualified_link;ct:story;\" class=\"link  yahoo-link\" target=\"_blank\" rel=\"noopener\">s&rsquo;essaie de nouveau \u00e0 la production avec \u00ab\u00a0Arco\u00a0\u00bb<\/a>, un long m\u00e9trage d&rsquo;animation r\u00e9alis\u00e9 par le Fran\u00e7ais Ugo Bienvenu, et qui sortira en salles le 22 octobre prochain. Un film, sacr\u00e9 Grand prix du Festival d&rsquo;Annecy, qui raconte l&rsquo;histoire d&rsquo;un petit gar\u00e7on, Arco, et de sa vie dans un futur lointain, au plus proche de la nature. Et c&rsquo;est donc au c\u00f4t\u00e9 de Ugo Bienvenu, cr\u00e9ateur du film \u00ab\u00a0et nouveau surdou\u00e9 de l&rsquo;animation\u00a0\u00bb comme l&rsquo;a pr\u00e9sent\u00e9 Yann Barth\u00e8s, que Natalie Portman est apparue sur le plateau de \u00ab\u00a0Quotidien\u00a0\u00bb.<\/p>\n<p>\u00ab\u00a0Un film tellement plein d&rsquo;espoir\u00a0\u00bb<\/p>\n<p class=\"mb-4 text-lg md:leading-8 break-words\">Timide au moment de parler fran\u00e7ais, langue qu&rsquo;elle dit ma\u00eetriser \u00ab\u00a0un peu\u00a0\u00bb, Natalie Portman a encha\u00een\u00e9 la suite de l&rsquo;interview dans sa langue maternelle. \u00ab\u00a0Arco, c&rsquo;est un film \u00e0 propos d&rsquo;un jeune gar\u00e7on du futur qui se d\u00e9place sur des arcs en ciel. Il retourne dans son pass\u00e9, pour nous c&rsquo;est toujours le futur, et il rencontre une petite fille, Iris\u00a0\u00bb a-t-elle pitch\u00e9 en anglais, en parlant d&rsquo;un film \u00ab\u00a0tellement plein d&rsquo;espoir\u00a0\u00bb.<\/p>\n<p>\u00ab\u00a0Natalie Portman est magnifique\u00a0\u00bb<\/p>\n<p class=\"mb-4 text-lg md:leading-8 break-words\">M\u00eame si recevoir Natalie Portman sur un plateau de t\u00e9l\u00e9vision fran\u00e7ais est un \u00e9v\u00e8nement en soi, les \u00e9quipes de \u00ab\u00a0Quotidien\u00a0\u00bb ont tout de m\u00eame tenu \u00e0 honorer le travail de Ugo Bienvenu sur le film \u00ab\u00a0Arco\u00a0\u00bb. Mais sur la Toile, les internautes n&rsquo;avaient d&rsquo;yeux que pour Natalie Portman. Sur X, avalanche de superlatifs pour d\u00e9crire l&rsquo;actrice am\u00e9ricaine de 44 ans, alias \u00ab\u00a0la plus belle femme au monde\u00a0\u00bb pour beaucoup&#8230;<\/p>\n","protected":false},"excerpt":{"rendered":"C&rsquo;est d\u00e9sormais une habitude : les \u00e9quipes de \u00ab\u00a0Quotidien\u00a0\u00bb raflent quasiment toujours les meilleurs invit\u00e9s. Face \u00e0 Yann&hellip;\n","protected":false},"author":2,"featured_media":465882,"comment_status":"","ping_status":"","sticky":false,"template":"","format":"standard","meta":{"footnotes":""},"categories":[1356],"tags":[58946,58,59,1011,27,1550,58947,1404,252,1364,1405],"class_list":{"0":"post-465881","1":"post","2":"type-post","3":"status-publish","4":"format-standard","5":"has-post-thumbnail","7":"category-television","8":"tag-arco","9":"tag-divertissement","10":"tag-entertainment","11":"tag-fr","12":"tag-france","13":"tag-natalie-portman","14":"tag-nathalie-portman","15":"tag-quotidien","16":"tag-television","17":"tag-tv","18":"tag-yann-barthes"},"share_on_mastodon":{"url":"https:\/\/pubeurope.com\/@fr\/115380380273956387","error":""},"_links":{"self":[{"href":"https:\/\/www.europesays.com\/fr\/wp-json\/wp\/v2\/posts\/465881","targetHints":{"allow":["GET"]}}],"collection":[{"href":"https:\/\/www.europesays.com\/fr\/wp-json\/wp\/v2\/posts"}],"about":[{"href":"https:\/\/www.europesays.com\/fr\/wp-json\/wp\/v2\/types\/post"}],"author":[{"embeddable":true,"href":"https:\/\/www.europesays.com\/fr\/wp-json\/wp\/v2\/users\/2"}],"replies":[{"embeddable":true,"href":"https:\/\/www.europesays.com\/fr\/wp-json\/wp\/v2\/comments?post=465881"}],"version-history":[{"count":0,"href":"https:\/\/www.europesays.com\/fr\/wp-json\/wp\/v2\/posts\/465881\/revisions"}],"wp:featuredmedia":[{"embeddable":true,"href":"https:\/\/www.europesays.com\/fr\/wp-json\/wp\/v2\/media\/465882"}],"wp:attachment":[{"href":"https:\/\/www.europesays.com\/fr\/wp-json\/wp\/v2\/media?parent=465881"}],"wp:term":[{"taxonomy":"category","embeddable":true,"href":"https:\/\/www.europesays.com\/fr\/wp-json\/wp\/v2\/categories?post=465881"},{"taxonomy":"post_tag","embeddable":true,"href":"https:\/\/www.europesays.com\/fr\/wp-json\/wp\/v2\/tags?post=465881"}],"curies":[{"name":"wp","href":"https:\/\/api.w.org\/{rel}","templated":true}]}}