{"id":465894,"date":"2025-10-15T21:53:11","date_gmt":"2025-10-15T21:53:11","guid":{"rendered":"https:\/\/www.europesays.com\/fr\/465894\/"},"modified":"2025-10-15T21:53:11","modified_gmt":"2025-10-15T21:53:11","slug":"terres-rares-washington-appelle-le-monde-a-sallier-contre-pekin-actualites","status":"publish","type":"post","link":"https:\/\/www.europesays.com\/fr\/465894\/","title":{"rendered":"Terres rares: Washington appelle \u00ab\u00a0le monde\u00a0\u00bb \u00e0 s&rsquo;allier contre P\u00e9kin : Actualit\u00e9s"},"content":{"rendered":"<p class=\"lead \">Le gouvernement am\u00e9ricain a appel\u00e9 mercredi \u00e0 faire front commun contre les restrictions mises en place par P\u00e9kin sur les exportations de terres rares, essentielles \u00e0 l&rsquo;\u00e9conomie mondiale, assurant que \u00ab\u00a0c&rsquo;est la Chine contre le reste du monde\u00a0\u00bb.<\/p>\n<p class=\"lead \">\u00ab\u00a0Nous n&rsquo;allons pas laisser un groupe de bureaucrates \u00e0 P\u00e9kin tenter de contr\u00f4ler les cha\u00eenes de production mondiales\u00a0\u00bb, a dit le ministre des Finances Scott Bessent, lors d&rsquo;une rare conf\u00e9rence de presse organis\u00e9e au sein du minist\u00e8re par le Tr\u00e9sor, \u00e0 quelques pas de la Maison Blanche.<\/p>\n<p class=\"lead \">\u00ab\u00a0Pour \u00eatre clair, cela n&rsquo;est pas un sujet seulement pour les Etats-Unis (&#8230;) c&rsquo;est une man\u0153uvre de coercition \u00e9conomique contre tous les pays du monde\u00a0\u00bb, a affirm\u00e9 lors du m\u00eame \u00e9v\u00e8nement le repr\u00e9sentant au Commerce Jamieson Greer.<\/p>\n<p class=\"lead \">\u00ab\u00a0Ils (les Chinois) veulent contr\u00f4ler l&rsquo;\u00e9conomie mondiale. On ne va pas les laisser faire et on est d\u00e9j\u00e0 en discussions\u00a0\u00bb avec des partenaires \u00ab\u00a0pour riposter\u00a0\u00bb, a d\u00e9clar\u00e9 Scott Bessent un peu plus tard devant un comit\u00e9 restreint de journalistes, et avant un entretien bilat\u00e9ral avec son homologue japonais.<\/p>\n<p class=\"lead \">Les responsables am\u00e9ricains ont pris la parole alors que leurs homologues du monde entier sont rassembl\u00e9s cette semaine \u00e0 Washington pour les r\u00e9unions annuelles du FMI et de la Banque mondiale.<\/p>\n<p class=\"lead \">&#8211; \u00ab\u00a0R\u00e9ponse coordonn\u00e9e\u00a0\u00bb &#8211;<\/p>\n<p class=\"lead \">Premier producteur mondial de terres rares, la Chine a annonc\u00e9 la semaine derni\u00e8re de nouveaux contr\u00f4les sur les technologies li\u00e9es \u00e0 ces mat\u00e9riaux essentiels pour le num\u00e9rique, l&rsquo;automobile, l&rsquo;\u00e9nergie ou encore l&rsquo;armement.<\/p>\n<p class=\"lead \">Cela a provoqu\u00e9 la col\u00e8re de Donald Trump qui a menac\u00e9 d&rsquo;imposer de nouveaux droits de douane sur les produits chinois et d&rsquo;annuler une rencontre avec son homologue Xi Jinping.<\/p>\n<p class=\"lead \">\u00ab\u00a0Bien que nous puissions prendre des mesures importantes\u00a0\u00bb en repr\u00e9sailles, \u00ab\u00a0nous pr\u00e9f\u00e9rons ne pas le faire\u00a0\u00bb, a aussi assur\u00e9 mercredi Scott Bessent.<\/p>\n<p class=\"lead \">Avant d&rsquo;adopter soudain un ton moins offensif: \u00ab\u00a0La Chine est ouverte \u00e0 la discussion. (&#8230;) Je suis optimiste quant \u00e0 la possibilit\u00e9 d&rsquo;apaiser la situation.\u00a0\u00bb<\/p>\n<p class=\"lead \">Le pr\u00e9sident Trump a aussi sembl\u00e9 souffler le chaud et le froid la veille, vantant une nouvelle fois sa relation personnelle avec Xi Jinping, et mena\u00e7ant de stopper les achats par les Etats-Unis d&rsquo;huile de cuisson en provenance de Chine.<\/p>\n<p class=\"lead \">Selon Scott Bessent, le pr\u00e9sident Donald Trump compte toujours rencontrer prochainement son homologue chinois.<\/p>\n<p class=\"lead \">\u00ab\u00a0Autant que je sache, le pr\u00e9sident Trump est pour\u00a0\u00bb, a-t-il dit.<\/p>\n<p class=\"lead \">Donald Trump avait annonc\u00e9 qu&rsquo;une rencontre \u00e9tait programm\u00e9e en marge du sommet de l&rsquo;APEC (Coop\u00e9ration \u00e9conomique Asie-Pacifique), pr\u00e9vu le 31 octobre et le 1er novembre en Cor\u00e9e du Sud, avant de dire qu&rsquo;il songeait \u00e0 se raviser.<\/p>\n<p class=\"lead \">P\u00e9kin a d\u00e9fendu mercredi ses contr\u00f4les sur les exportations de terres rares en assurant qu&rsquo;ils \u00e9taient conformes aux pratiques internationales.<\/p>\n<p class=\"lead \">Ces nouvelles r\u00e8gles sont \u00ab\u00a0source d&rsquo;inqui\u00e9tude\u00a0\u00bb, a jug\u00e9 mercredi aupr\u00e8s de l&rsquo;AFP le Commissaire europ\u00e9en \u00e0 l&rsquo;Economie Valdis Dombrovskis, assurant que l&rsquo;UE \u00e9tait \u00ab\u00a0pr\u00eate \u00e0 mener une r\u00e9ponse coordonn\u00e9e, notamment dans le cadre du G7\u00a0\u00bb.<\/p>\n<p class=\"small font-weight-bold text-gray3 \"> publi\u00e9 le 15 octobre \u00e0 20h05, AFP<\/p>\n<p>                             Partager<\/p>\n","protected":false},"excerpt":{"rendered":"Le gouvernement am\u00e9ricain a appel\u00e9 mercredi \u00e0 faire front commun contre les restrictions mises en place par P\u00e9kin&hellip;\n","protected":false},"author":2,"featured_media":465895,"comment_status":"","ping_status":"","sticky":false,"template":"","format":"standard","meta":{"footnotes":""},"categories":[6],"tags":[35,309,215,312,2822,33,34,1011,27,418,11200,6205,37550,308],"class_list":{"0":"post-465894","1":"post","2":"type-post","3":"status-publish","4":"format-standard","5":"has-post-thumbnail","7":"category-economie","8":"tag-business","9":"tag-chine","10":"tag-commerce","11":"tag-diplomatie","12":"tag-douanes","13":"tag-economie","14":"tag-economy","15":"tag-fr","16":"tag-france","17":"tag-gouvernement","18":"tag-mtaux","19":"tag-marchs","20":"tag-matires-premires","21":"tag-usa"},"share_on_mastodon":{"url":"https:\/\/pubeurope.com\/@fr\/115380409329534775","error":""},"_links":{"self":[{"href":"https:\/\/www.europesays.com\/fr\/wp-json\/wp\/v2\/posts\/465894","targetHints":{"allow":["GET"]}}],"collection":[{"href":"https:\/\/www.europesays.com\/fr\/wp-json\/wp\/v2\/posts"}],"about":[{"href":"https:\/\/www.europesays.com\/fr\/wp-json\/wp\/v2\/types\/post"}],"author":[{"embeddable":true,"href":"https:\/\/www.europesays.com\/fr\/wp-json\/wp\/v2\/users\/2"}],"replies":[{"embeddable":true,"href":"https:\/\/www.europesays.com\/fr\/wp-json\/wp\/v2\/comments?post=465894"}],"version-history":[{"count":0,"href":"https:\/\/www.europesays.com\/fr\/wp-json\/wp\/v2\/posts\/465894\/revisions"}],"wp:featuredmedia":[{"embeddable":true,"href":"https:\/\/www.europesays.com\/fr\/wp-json\/wp\/v2\/media\/465895"}],"wp:attachment":[{"href":"https:\/\/www.europesays.com\/fr\/wp-json\/wp\/v2\/media?parent=465894"}],"wp:term":[{"taxonomy":"category","embeddable":true,"href":"https:\/\/www.europesays.com\/fr\/wp-json\/wp\/v2\/categories?post=465894"},{"taxonomy":"post_tag","embeddable":true,"href":"https:\/\/www.europesays.com\/fr\/wp-json\/wp\/v2\/tags?post=465894"}],"curies":[{"name":"wp","href":"https:\/\/api.w.org\/{rel}","templated":true}]}}