{"id":465896,"date":"2025-10-15T21:54:10","date_gmt":"2025-10-15T21:54:10","guid":{"rendered":"https:\/\/www.europesays.com\/fr\/465896\/"},"modified":"2025-10-15T21:54:10","modified_gmt":"2025-10-15T21:54:10","slug":"la-suede-va-constituer-ses-premieres-reserves-strategiques-de-cereales-a-utiliser-en-cas-de-guerre-ou-de-crise","status":"publish","type":"post","link":"https:\/\/www.europesays.com\/fr\/465896\/","title":{"rendered":"La Su\u00e8de va constituer ses premi\u00e8res r\u00e9serves strat\u00e9giques de c\u00e9r\u00e9ales \u00e0 utiliser en cas de guerre ou de crise"},"content":{"rendered":"<p>\n    Environ 52 millions d\u2019euros du budget 2026 pr\u00e9sent\u00e9 par le gouvernement su\u00e9dois seront d\u00e9di\u00e9s \u00e0 l\u2019\u00e9tablissement de ces r\u00e9serves.<\/p>\n<p class=\"fig-paragraph\">Le gouvernement su\u00e9dois a effectu\u00e9 une annonce;\u00a0<a href=\"http:\/\/www.lefigaro.fr\/international\/guerre-hybride-face-a-la-russie-l-otan-cherche-la-riposte-20251015\" target=\"_blank\" data-fig-type=\"Article\" rel=\"noopener nofollow\" data-gtm-custom-categorie=\"navigation\" data-gtm-custom-action=\"crossclick\" data-gtm-custom-label=\"Contextuel\" data-gtm-event=\"customEventSPE\" data-fig-domain=\"LEFIGARO\">dans le cadre de mont\u00e9e des tensions avec la Russie<\/a>. Les premiers stocks de c\u00e9r\u00e9ales \u00e0 utiliser en cas de guerre ou de crise vont \u00eatre mis en place dans le nord\u00a0<a href=\"http:\/\/www.lefigaro.fr\/flash-eco\/la-suede-propose-20-milliards-d-euros-de-prets-pour-financer-la-relance-du-nucleaire-20250919\" target=\"_blank\" data-fig-type=\"NewsFlash\" rel=\"noopener nofollow\" data-gtm-custom-categorie=\"navigation\" data-gtm-custom-action=\"crossclick\" data-gtm-custom-label=\"Contextuel\" data-gtm-event=\"customEventSPE\" data-fig-domain=\"LEFIGARO\">de la Su\u00e8de<\/a>, r\u00e9gion d&rsquo;une \u00abimportance militaire strat\u00e9gique\u00bb, a annonc\u00e9 mardi le gouvernement. Stockholm a pr\u00e9vu d&rsquo;investir, dans le cadre de son budget 2026, 575 millions de couronnes (environ 52 millions d&rsquo;euros) pour \u00e9tablir ces r\u00e9serves. Elles seront financ\u00e9es par des contrats conclus entre l&rsquo;\u00c9tat et les entreprises.<\/p>\n<p class=\"fig-paragraph\">L&rsquo;\u00c9tat ach\u00e8tera une certaine quantit\u00e9 de c\u00e9r\u00e9ales aux entreprises en question et paiera ensuite pour assurer un renouvellement continu de ces produits (stocks tournants) et ceux-ci devront toujours \u00eatre disponibles, explique l&rsquo;Agence su\u00e9doise de l&rsquo;agriculture. L&rsquo;appel d&rsquo;offres sera lanc\u00e9 le 15 octobre dans les comt\u00e9s de Norrbotten, V\u00e4sterbotten, V\u00e4sternorrland et J\u00e4mtland. Ces comt\u00e9s d\u00e9pendent aujourd&rsquo;hui enti\u00e8rement des transports en provenance du sud du pays pour assurer leur approvisionnement alimentaire, ce qui pourrait poser probl\u00e8me en cas de conflit.<\/p>\n<p>                                    <a class=\"fig-a11y-skip a11y-hidden\" href=\"#fig-a11y-skip-main-inarticle\"><br \/>\n        Passer la publicit\u00e9<br \/>\n    <\/a><\/p>\n<p>\u00abImportance strat\u00e9gique militaire\u00bb<\/p>\n<p class=\"fig-paragraph\">\u00abLe nord de la Su\u00e8de est d&rsquo;une importance strat\u00e9gique militaire et constitue une priorit\u00e9 particuli\u00e8re pour la d\u00e9fense totale\u00bb, a d\u00e9clar\u00e9 Carl-Oskar Bohlin, ministre de la D\u00e9fense civile, cit\u00e9 dans un communiqu\u00e9. \u00abCe n&rsquo;est pas un hasard si les premi\u00e8res \u00e9tapes vers la mise en place de stocks de r\u00e9serve de c\u00e9r\u00e9ales ont lieu ici: il s&rsquo;agit, fondamentalement, de garantir que la population puisse mettre de la nourriture sur la table m\u00eame en temps de crise\u00bb, a-t-il ajout\u00e9.<\/p>\n<p class=\"fig-paragraph\">Le concept de \u00abd\u00e9fense totale\u00bb a \u00e9t\u00e9 r\u00e9activ\u00e9 par la Su\u00e8de en 2015, apr\u00e8s l&rsquo;occupation\u00a0<a href=\"http:\/\/www.lefigaro.fr\/flash-actu\/l-onu-exhorte-la-russie-a-mettre-fin-a-son-occupation-temporaire-de-la-crimee-20201207\" target=\"_blank\" data-fig-type=\"NewsFlash\" rel=\"noopener nofollow\" data-gtm-custom-categorie=\"navigation\" data-gtm-custom-action=\"crossclick\" data-gtm-custom-label=\"Contextuel\" data-gtm-event=\"customEventSPE\" data-fig-domain=\"LEFIGARO\">l&rsquo;ann\u00e9e pr\u00e9c\u00e9dente de la Crim\u00e9e par la Russie<\/a>, et renforc\u00e9 apr\u00e8s l&rsquo;invasion \u00e0 grande \u00e9chelle de l&rsquo;Ukraine en 2022. L&rsquo;objectif est d&rsquo;impliquer l&rsquo;ensemble de la soci\u00e9t\u00e9, de l&rsquo;\u00c9tat aux citoyens en passant par les entreprises, afin de r\u00e9sister collectivement \u00e0 une agression arm\u00e9e tout en maintenant les fonctions vitales du pays. Le pain et les produits c\u00e9r\u00e9aliers ont une haute teneur \u00e9nerg\u00e9tique, souligne l&rsquo;agence su\u00e9doise de l&rsquo;agriculture qui pr\u00e9cise qu&rsquo;entre 90 et 95% de la population pourrait se nourrir exclusivement de c\u00e9r\u00e9ales pendant trois mois sans souffrir de carences nutritionnelles.<\/p>\n","protected":false},"excerpt":{"rendered":"Environ 52 millions d\u2019euros du budget 2026 pr\u00e9sent\u00e9 par le gouvernement su\u00e9dois seront d\u00e9di\u00e9s \u00e0 l\u2019\u00e9tablissement de ces&hellip;\n","protected":false},"author":2,"featured_media":465897,"comment_status":"","ping_status":"","sticky":false,"template":"","format":"standard","meta":{"footnotes":""},"categories":[5],"tags":[11,1011,27,14,12,7199,28],"class_list":{"0":"post-465896","1":"post","2":"type-post","3":"status-publish","4":"format-standard","5":"has-post-thumbnail","7":"category-international","8":"tag-actualites","9":"tag-fr","10":"tag-france","11":"tag-international","12":"tag-news","13":"tag-suede","14":"tag-world"},"share_on_mastodon":{"url":"https:\/\/pubeurope.com\/@fr\/115380411608206192","error":""},"_links":{"self":[{"href":"https:\/\/www.europesays.com\/fr\/wp-json\/wp\/v2\/posts\/465896","targetHints":{"allow":["GET"]}}],"collection":[{"href":"https:\/\/www.europesays.com\/fr\/wp-json\/wp\/v2\/posts"}],"about":[{"href":"https:\/\/www.europesays.com\/fr\/wp-json\/wp\/v2\/types\/post"}],"author":[{"embeddable":true,"href":"https:\/\/www.europesays.com\/fr\/wp-json\/wp\/v2\/users\/2"}],"replies":[{"embeddable":true,"href":"https:\/\/www.europesays.com\/fr\/wp-json\/wp\/v2\/comments?post=465896"}],"version-history":[{"count":0,"href":"https:\/\/www.europesays.com\/fr\/wp-json\/wp\/v2\/posts\/465896\/revisions"}],"wp:featuredmedia":[{"embeddable":true,"href":"https:\/\/www.europesays.com\/fr\/wp-json\/wp\/v2\/media\/465897"}],"wp:attachment":[{"href":"https:\/\/www.europesays.com\/fr\/wp-json\/wp\/v2\/media?parent=465896"}],"wp:term":[{"taxonomy":"category","embeddable":true,"href":"https:\/\/www.europesays.com\/fr\/wp-json\/wp\/v2\/categories?post=465896"},{"taxonomy":"post_tag","embeddable":true,"href":"https:\/\/www.europesays.com\/fr\/wp-json\/wp\/v2\/tags?post=465896"}],"curies":[{"name":"wp","href":"https:\/\/api.w.org\/{rel}","templated":true}]}}