{"id":465908,"date":"2025-10-15T22:02:46","date_gmt":"2025-10-15T22:02:46","guid":{"rendered":"https:\/\/www.europesays.com\/fr\/465908\/"},"modified":"2025-10-15T22:02:46","modified_gmt":"2025-10-15T22:02:46","slug":"warum-meine-liebe-a-nancy-2026","status":"publish","type":"post","link":"https:\/\/www.europesays.com\/fr\/465908\/","title":{"rendered":"Warum Meine Liebe \u00e0 Nancy 2026"},"content":{"rendered":"<p class=\"intro\">La tourn\u00e9e Warum Meine Liebe fait escale \u00e0 L&rsquo;Autre Canal de Nancy le samedi 21 f\u00e9vrier 2026 \u00e0 22h pour une soir\u00e9e hardcore explosive. Cette nouvelle saison r\u00e9unit Billx, Urumi, Poto Rico et Le Son Vert sur la sc\u00e8ne embl\u00e9matique de Nancy. Un line-up exceptionnel qui promet de faire vibrer les 1300 places de cette salle de musiques actuelles situ\u00e9e en Meurthe-et-Moselle. Les billets sont disponibles \u00e0 partir de 28\u00a0\u20ac pour cette d\u00e9claration d&rsquo;amour au hardcore fran\u00e7ais.<\/p>\n<p>Nancy accueille Warum Meine Liebe pour une nuit hardcore \u00e0 L&rsquo;Autre Canal<\/p>\n<p>Cette tourn\u00e9e <strong>Warum Meine Liebe<\/strong> transforme L&rsquo;Autre Canal en v\u00e9ritable temple du hardcore fran\u00e7ais. Le line-up rassemble quatre artistes incontournables de la sc\u00e8ne\u00a0: <strong>Billx<\/strong>, ma\u00eetre du Frenchcore, <strong>Urumi<\/strong> qui fusionne rap et \u00e9lectronique, <strong>Poto Rico<\/strong> l&rsquo;explorateur d\u00e9jant\u00e9, et <strong>Le Son Vert<\/strong>, ces\u00a0\u00ab\u00a0oncles f\u00eatards\u00a0\u00bb qui font danser les foules. Une programmation qui refl\u00e8te toute la diversit\u00e9 et l&rsquo;\u00e9nergie de la sc\u00e8ne hardcore hexagonale.<\/p>\n<p><img decoding=\"async\" loading=\"lazy\" src=\"https:\/\/www.europesays.com\/fr\/wp-content\/uploads\/2025\/10\/warum-meine-liebe---billx---poto-rico---urumi---le-son-vert-tickets_453653_3657505_222x222.jpg\" alt=\"Warum Meine Liebe\" class=\"border\"\/><\/p>\n<p>L&rsquo;\u00e9v\u00e9nement s&rsquo;annonce comme une v\u00e9ritable c\u00e9l\u00e9bration de la musique \u00e9lectronique hardcore dans cette salle embl\u00e9matique de Meurthe-et-Moselle. Les <a href=\"https:\/\/www.jds.fr\/nancy\/agenda\/musique-et-concerts-96_B\" rel=\"nofollow noopener\" target=\"_blank\">concerts \u00e0 Nancy<\/a> rarement atteignent une telle intensit\u00e9, avec des <strong>drops survolt\u00e9s<\/strong> et une <strong>ambiance sans concession<\/strong> qui caract\u00e9risent cette tourn\u00e9e unique en son genre.<\/p>\n<p>Billetterie pour Warum Meine Liebe \u00e0 L&rsquo;Autre Canal<\/p>\n<p><a class=\"btn btn-lg shadow-lg btn-primary rounded-pill fnac_link\" data-fnac=\"in_article\" href=\"https:\/\/www.awin1.com\/pclick.php?p=42820607527&amp;a=634278&amp;m=12494&amp;clickref=in_article-A-desktop\" target=\"_blank\" rel=\"nofollow noopener\"> Acheter des billets<\/a><\/p>\n<p>L&rsquo;Autre Canal accueille cette soir\u00e9e hardcore exceptionnelle avec des <strong>billets \u00e0 partir de 28\u00a0\u20ac<\/strong>. Cette tourn\u00e9e rencontre un franc succ\u00e8s aupr\u00e8s des amateurs de musique \u00e9lectronique fran\u00e7aise. Pour r\u00e9server vos places et d\u00e9couvrir les autres dates, consultez la page d\u00e9di\u00e9e aux <a href=\"https:\/\/www.jds.fr\/artistes\/warum-meine-liebe-19215_N\" rel=\"nofollow noopener\" target=\"_blank\">\u00e9v\u00e9nements Warum Meine Liebe<\/a> et ne manquez pas cette occasion d&rsquo;acheter vos billets pour cette soir\u00e9e m\u00e9morable.<\/p>\n<p>Une tourn\u00e9e qui c\u00e9l\u00e8bre la sc\u00e8ne hardcore fran\u00e7aise<\/p>\n<p>Warum Meine Liebe s&rsquo;impose comme <strong>l&rsquo;\u00e9v\u00e9nement incontournable<\/strong> de la sc\u00e8ne \u00e9lectronique fran\u00e7aise. Cette tourn\u00e9e met en lumi\u00e8re le meilleur du hardcore hexagonal \u00e0 travers une programmation soigneusement s\u00e9lectionn\u00e9e. Chaque artiste apporte sa signature unique, cr\u00e9ant un ensemble coh\u00e9rent qui refl\u00e8te la richesse et la cr\u00e9ativit\u00e9 de ce mouvement musical.<\/p>\n<p>La force de cette tourn\u00e9e r\u00e9side dans sa capacit\u00e9 \u00e0 rassembler <strong>diff\u00e9rents univers musicaux<\/strong> sous la banni\u00e8re du hardcore. De Billx \u00e0 Le Son Vert, en passant par Urumi et Poto Rico, chaque performance promet d&rsquo;apporter sa propre \u00e9nergie \u00e0 cette soir\u00e9e d&rsquo;exception qui traverse la France pour le plus grand bonheur des passionn\u00e9s.<\/p>\n<p>Comment aller \u00e0 L&rsquo;Autre Canal de Nancy\u00a0?<\/p>\n<p>Pour rejoindre <a href=\"https:\/\/www.jds.fr\/nancy\/salle-de-concert\/l-autre-canal-de-nancy-13210_L\" rel=\"nofollow noopener\" target=\"_blank\">L&rsquo;Autre Canal de Nancy<\/a>, plusieurs options s&rsquo;offrent aux spectateurs. En voiture, suivez les indications vers Nancy-Rives de Meurthe depuis le centre-ville, le trajet ne prend que <strong>10 minutes<\/strong>. Le parking P+R des Deux Rives propose un tarif avantageux de <strong>1\u20ac entre 19h et 7h<\/strong>, id\u00e9al pour les concerts nocturnes. Attention, le stationnement sauvage est strictement interdit autour du lieu.<\/p>\n<p>Les transports en commun offrent une alternative pratique avec la <strong>ligne A du tramway<\/strong> jusqu&rsquo;\u00e0 l&rsquo;arr\u00eat\u00a0\u00ab\u00a02 Rives Olympe de Gouges\u00a0\u00bb. Depuis la place Stanislas, prenez la direction Essey-Mouzimpr\u00e9 puis marchez une centaine de m\u00e8tres. Depuis la gare Nancy, le bus Ligne A dessert directement le lieu. Le dernier tram passe vers <strong>minuit<\/strong>, plus tard du jeudi au samedi.<\/p>\n<p class=\"mise_en_avant\">Notre conseil\u00a0: privil\u00e9giez le tramway ligne A qui vous d\u00e9pose \u00e0 proximit\u00e9 imm\u00e9diate de L&rsquo;Autre Canal, \u00e9vitant ainsi les contraintes de stationnement.<\/p>\n<p>Les amateurs de rap pourront \u00e9galement d\u00e9couvrir prochainement <a href=\"https:\/\/www.jds.fr\/nancy\/concerts\/rap\/georgio-tournee-1031223_A\" rel=\"nofollow noopener\" target=\"_blank\">Georgio en tourn\u00e9e \u00e0 L&rsquo;Autre Canal<\/a>, confirmant la programmation \u00e9clectique de cette salle incontournable de la sc\u00e8ne musicale nanc\u00e9ienne.<\/p>\n<p class=\"font-size-30 fw-bold lh-1 mt-0 mb-4\">Je trouve les meilleures sorties dans ma ville<\/p>\n","protected":false},"excerpt":{"rendered":"La tourn\u00e9e Warum Meine Liebe fait escale \u00e0 L&rsquo;Autre Canal de Nancy le samedi 21 f\u00e9vrier 2026 \u00e0&hellip;\n","protected":false},"author":2,"featured_media":465909,"comment_status":"","ping_status":"","sticky":false,"template":"","format":"standard","meta":{"footnotes":""},"categories":[9635],"tags":[1111,11,1777,674,1011,27,775,1702,12,25],"class_list":{"0":"post-465908","1":"post","2":"type-post","3":"status-publish","4":"format-standard","5":"has-post-thumbnail","7":"category-nancy","8":"tag-actu","9":"tag-actualites","10":"tag-eu","11":"tag-europe","12":"tag-fr","13":"tag-france","14":"tag-grand-est","15":"tag-nancy","16":"tag-news","17":"tag-republique-francaise"},"share_on_mastodon":{"url":"https:\/\/pubeurope.com\/@fr\/115380443574069420","error":""},"_links":{"self":[{"href":"https:\/\/www.europesays.com\/fr\/wp-json\/wp\/v2\/posts\/465908","targetHints":{"allow":["GET"]}}],"collection":[{"href":"https:\/\/www.europesays.com\/fr\/wp-json\/wp\/v2\/posts"}],"about":[{"href":"https:\/\/www.europesays.com\/fr\/wp-json\/wp\/v2\/types\/post"}],"author":[{"embeddable":true,"href":"https:\/\/www.europesays.com\/fr\/wp-json\/wp\/v2\/users\/2"}],"replies":[{"embeddable":true,"href":"https:\/\/www.europesays.com\/fr\/wp-json\/wp\/v2\/comments?post=465908"}],"version-history":[{"count":0,"href":"https:\/\/www.europesays.com\/fr\/wp-json\/wp\/v2\/posts\/465908\/revisions"}],"wp:featuredmedia":[{"embeddable":true,"href":"https:\/\/www.europesays.com\/fr\/wp-json\/wp\/v2\/media\/465909"}],"wp:attachment":[{"href":"https:\/\/www.europesays.com\/fr\/wp-json\/wp\/v2\/media?parent=465908"}],"wp:term":[{"taxonomy":"category","embeddable":true,"href":"https:\/\/www.europesays.com\/fr\/wp-json\/wp\/v2\/categories?post=465908"},{"taxonomy":"post_tag","embeddable":true,"href":"https:\/\/www.europesays.com\/fr\/wp-json\/wp\/v2\/tags?post=465908"}],"curies":[{"name":"wp","href":"https:\/\/api.w.org\/{rel}","templated":true}]}}