{"id":465931,"date":"2025-10-15T22:14:10","date_gmt":"2025-10-15T22:14:10","guid":{"rendered":"https:\/\/www.europesays.com\/fr\/465931\/"},"modified":"2025-10-15T22:14:10","modified_gmt":"2025-10-15T22:14:10","slug":"la-multipropriete-est-elle-une-fatalite-elements-de-reponses-avec-pierre-emmanuel-weil-ancien-actionnaire-du-rc-strasbourg-15-10","status":"publish","type":"post","link":"https:\/\/www.europesays.com\/fr\/465931\/","title":{"rendered":"La multipropri\u00e9t\u00e9 est-elle une fatalit\u00e9 ? El\u00e9ments de r\u00e9ponses avec Pierre-Emmanuel Weil, ancien actionnaire du RC Strasbourg \u2013 15\/10"},"content":{"rendered":"<p>L\u2019After Foot, l&rsquo;\u00e9mission qui dit tout haut ce que le monde du foot pense tout bas, f\u00eate ses 20 ans cette saison ! A cette occasion, Gilbert Brisbois, Daniel Riolo et toute leur bande vous r\u00e9servent pleins de surprises ! Pour d\u00e9marrer la soir\u00e9e, Nicolas Jamain est aux commandes de \u00ab\u00a0G\u00e9n\u00e9ration After\u00a0\u00bb, de 20h00 \u00e0 22h00. Une \u00e9mission compos\u00e9e de chroniqueurs qui ont grandis avec l&rsquo;After : Walid Acherchour, Kevin Diaz, Jimmy Braun, Jennifer Mendelewitsch et Elton Mokolo. Le rendez-vous des passionn\u00e9s de foot avec des d\u00e9bats et des invit\u00e9s prestigieux. Les soirs de match, l&rsquo; \u00ab\u00a0After Live\u00a0\u00bb s&rsquo;installe de 20h00 \u00e0 23h00 incarn\u00e9 \u00e0 tour de r\u00f4le par Carine Galli, Nicolas Jamain et Jean-Louis Tourre. Eric Di Meco, Emmanuel Petit, J\u00e9r\u00f4me Rothen et Lionel Charbonnier viennent renforcer le dispositif les soirs de Coupes d&rsquo;Europe. En deuxi\u00e8me partie de soir\u00e9e, de 22h00 (ou d\u00e8s le coup de sifflet final du match) \u00e0 minuit, place \u00e0 la version originelle et historique de l&rsquo;After autour de Gilbert Brisbois, Daniel Riolo, Florent Gautreau et Jean-Louis Tourre du dimanche au jeudi. Carine Galli fait son retour dans l&rsquo;After et prend les commandes de l&rsquo;\u00e9mission les vendredis et samedis.<\/p>\n<p>L\u2019After Foot, l&rsquo;\u00e9mission qui dit tout haut ce que le monde du foot pense tout bas, f\u00eate ses 20 ans cette saison ! A cette occasion, Gilbert Brisbois, Daniel Riolo et toute leur bande vous r\u00e9servent pleins de surprises ! Pour d\u00e9marrer la soir\u00e9e, Nicolas Jamain est aux commandes de \u00ab\u00a0G\u00e9n\u00e9ration After\u00a0\u00bb, de 20h00 \u00e0 22h00. Une \u00e9mission compos\u00e9e de chroniqueurs qui ont grandis avec l&rsquo;After : Walid Acherchour, Kevin Diaz, Jimmy Braun, Jennifer Mendelewitsch et Elton Mokolo. Le rendez-vous des passionn\u00e9s de foot avec des d\u00e9bats et des invit\u00e9s prestigieux. Les soirs de match, l&rsquo; \u00ab\u00a0After Live\u00a0\u00bb s&rsquo;installe de 20h00 \u00e0 23h00 incarn\u00e9 \u00e0 tour de r\u00f4le par Carine Galli, Nicolas Jamain et Jean-Louis Tourre. Eric Di Meco, Emmanuel Petit, J\u00e9r\u00f4me Rothen et Lionel Charbonnier viennent renforcer le dispositif les soirs de Coupes d&rsquo;Europe. En deuxi\u00e8me partie de soir\u00e9e, de 22h00 (ou d\u00e8s le coup de sifflet final du match) \u00e0 minuit, place \u00e0 la version originelle et historique de l&rsquo;After autour de Gilbert Brisbois, Daniel Riolo, Florent Gautreau et Jean-Louis Tourre du dimanche au jeudi. Carine Galli fait son retour dans l&rsquo;After et prend les commandes de l&rsquo;\u00e9mission les vendredis et samedis.<\/p>\n<p>L\u2019After Foot, l&rsquo;\u00e9mission qui dit tout haut ce que le monde du foot pense tout bas, f\u00eate ses 20 ans cette saison ! A cette occasion, Gilbert Brisbois, Daniel Riolo et toute leur bande vous r\u00e9servent pleins de surprises ! Pour d\u00e9marrer la soir\u00e9e, Nicolas Jamain est aux commandes de \u00ab\u00a0G\u00e9n\u00e9ration After\u00a0\u00bb, de 20h00 \u00e0 22h00. Une \u00e9mission compos\u00e9e de chroniqueurs qui ont grandis avec l&rsquo;After : Walid Acherchour, Kevin Diaz, Jimmy Braun, Jennifer Mendelewitsch et Elton Mokolo. Le rendez-vous des passionn\u00e9s de foot avec des d\u00e9bats et des invit\u00e9s prestigieux. Les soirs de match, l&rsquo; \u00ab\u00a0After Live\u00a0\u00bb s&rsquo;installe de 20h00 \u00e0 23h00 incarn\u00e9 \u00e0 tour de r\u00f4le par Carine Galli, Nicolas Jamain et Jean-Louis Tourre. Eric Di Meco, Emmanuel Petit, J\u00e9r\u00f4me Rothen et Lionel Charbonnier viennent renforcer le dispositif les soirs de Coupes d&rsquo;Europe. En deuxi\u00e8me partie de soir\u00e9e, de 22h00 (ou d\u00e8s le coup de sifflet final du match) \u00e0 minuit, place \u00e0 la version originelle et historique de l&rsquo;After autour de Gilbert Brisbois, Daniel Riolo, Florent Gautreau et Jean-Louis Tourre du dimanche au jeudi. Carine Galli fait son retour dans l&rsquo;After et prend les commandes de l&rsquo;\u00e9mission les vendredis et samedis.<\/p>\n<p>L\u2019After Foot, l&rsquo;\u00e9mission qui dit tout haut ce que le monde du foot pense tout bas, f\u00eate ses 20 ans cette saison ! A cette occasion, Gilbert Brisbois, Daniel Riolo et toute leur bande vous r\u00e9servent pleins de surprises ! Pour d\u00e9marrer la soir\u00e9e, Nicolas Jamain est aux commandes de \u00ab\u00a0G\u00e9n\u00e9ration After\u00a0\u00bb, de 20h00 \u00e0 22h00. Une \u00e9mission compos\u00e9e de chroniqueurs qui ont grandis avec l&rsquo;After : Walid Acherchour, Kevin Diaz, Jimmy Braun, Jennifer Mendelewitsch et Elton Mokolo. Le rendez-vous des passionn\u00e9s de foot avec des d\u00e9bats et des invit\u00e9s prestigieux. Les soirs de match, l&rsquo; \u00ab\u00a0After Live\u00a0\u00bb s&rsquo;installe de 20h00 \u00e0 23h00 incarn\u00e9 \u00e0 tour de r\u00f4le par Carine Galli, Nicolas Jamain et Jean-Louis Tourre. Eric Di Meco, Emmanuel Petit, J\u00e9r\u00f4me Rothen et Lionel Charbonnier viennent renforcer le dispositif les soirs de Coupes d&rsquo;Europe. En deuxi\u00e8me partie de soir\u00e9e, de 22h00 (ou d\u00e8s le coup de sifflet final du match) \u00e0 minuit, place \u00e0 la version originelle et historique de l&rsquo;After autour de Gilbert Brisbois, Daniel Riolo, Florent Gautreau et Jean-Louis Tourre du dimanche au jeudi. Carine Galli fait son retour dans l&rsquo;After et prend les commandes de l&rsquo;\u00e9mission les vendredis et samedis.<\/p>\n<p>L\u2019After Foot, l&rsquo;\u00e9mission qui dit tout haut ce que le monde du foot pense tout bas, f\u00eate ses 20 ans cette saison ! A cette occasion, Gilbert Brisbois, Daniel Riolo et toute leur bande vous r\u00e9servent pleins de surprises ! Pour d\u00e9marrer la soir\u00e9e, Nicolas Jamain est aux commandes de \u00ab\u00a0G\u00e9n\u00e9ration After\u00a0\u00bb, de 20h00 \u00e0 22h00. Une \u00e9mission compos\u00e9e de chroniqueurs qui ont grandis avec l&rsquo;After : Walid Acherchour, Kevin Diaz, Jimmy Braun, Jennifer Mendelewitsch et Elton Mokolo. Le rendez-vous des passionn\u00e9s de foot avec des d\u00e9bats et des invit\u00e9s prestigieux. Les soirs de match, l&rsquo; \u00ab\u00a0After Live\u00a0\u00bb s&rsquo;installe de 20h00 \u00e0 23h00 incarn\u00e9 \u00e0 tour de r\u00f4le par Carine Galli, Nicolas Jamain et Jean-Louis Tourre. Eric Di Meco, Emmanuel Petit, J\u00e9r\u00f4me Rothen et Lionel Charbonnier viennent renforcer le dispositif les soirs de Coupes d&rsquo;Europe. En deuxi\u00e8me partie de soir\u00e9e, de 22h00 (ou d\u00e8s le coup de sifflet final du match) \u00e0 minuit, place \u00e0 la version originelle et historique de l&rsquo;After autour de Gilbert Brisbois, Daniel Riolo, Florent Gautreau et Jean-Louis Tourre du dimanche au jeudi. Carine Galli fait son retour dans l&rsquo;After et prend les commandes de l&rsquo;\u00e9mission les vendredis et samedis.<\/p>\n<p>L\u2019After Foot, l&rsquo;\u00e9mission qui dit tout haut ce que le monde du foot pense tout bas, f\u00eate ses 20 ans cette saison ! A cette occasion, Gilbert Brisbois, Daniel Riolo et toute leur bande vous r\u00e9servent pleins de surprises ! Pour d\u00e9marrer la soir\u00e9e, Nicolas Jamain est aux commandes de \u00ab\u00a0G\u00e9n\u00e9ration After\u00a0\u00bb, de 20h00 \u00e0 22h00. Une \u00e9mission compos\u00e9e de chroniqueurs qui ont grandis avec l&rsquo;After : Walid Acherchour, Kevin Diaz, Jimmy Braun, Jennifer Mendelewitsch et Elton Mokolo. Le rendez-vous des passionn\u00e9s de foot avec des d\u00e9bats et des invit\u00e9s prestigieux. Les soirs de match, l&rsquo; \u00ab\u00a0After Live\u00a0\u00bb s&rsquo;installe de 20h00 \u00e0 23h00 incarn\u00e9 \u00e0 tour de r\u00f4le par Carine Galli, Nicolas Jamain et Jean-Louis Tourre. Eric Di Meco, Emmanuel Petit, J\u00e9r\u00f4me Rothen et Lionel Charbonnier viennent renforcer le dispositif les soirs de Coupes d&rsquo;Europe. En deuxi\u00e8me partie de soir\u00e9e, de 22h00 (ou d\u00e8s le coup de sifflet final du match) \u00e0 minuit, place \u00e0 la version originelle et historique de l&rsquo;After autour de Gilbert Brisbois, Daniel Riolo, Florent Gautreau et Jean-Louis Tourre du dimanche au jeudi. Carine Galli fait son retour dans l&rsquo;After et prend les commandes de l&rsquo;\u00e9mission les vendredis et samedis.<\/p>\n<p>L&rsquo;anecdote de St\u00e9phane Dalmat, notre invit\u00e9 sur le poids de Ronaldo \u00e0 l&rsquo;Inter \/ Avec Carine Galli, Walid Acherchour, K\u00e9vin Diaz, Gael Clichy et St\u00e9phane Dalmat<\/p>\n<p>L\u2019After Foot, l&rsquo;\u00e9mission qui dit tout haut ce que le monde du foot pense tout bas, f\u00eate ses 20 ans cette saison ! A cette occasion, Gilbert Brisbois, Daniel Riolo et toute leur bande vous r\u00e9servent pleins de surprises ! Pour d\u00e9marrer la soir\u00e9e, Nicolas Jamain est aux commandes de \u00ab\u00a0G\u00e9n\u00e9ration After\u00a0\u00bb, de 20h00 \u00e0 22h00. Une \u00e9mission compos\u00e9e de chroniqueurs qui ont grandis avec l&rsquo;After : Walid Acherchour, Kevin Diaz, Jimmy Braun, Jennifer Mendelewitsch et Elton Mokolo. Le rendez-vous des passionn\u00e9s de foot avec des d\u00e9bats et des invit\u00e9s prestigieux. Les soirs de match, l&rsquo; \u00ab\u00a0After Live\u00a0\u00bb s&rsquo;installe de 20h00 \u00e0 23h00 incarn\u00e9 \u00e0 tour de r\u00f4le par Carine Galli, Nicolas Jamain et Jean-Louis Tourre. Eric Di Meco, Emmanuel Petit, J\u00e9r\u00f4me Rothen et Lionel Charbonnier viennent renforcer le dispositif les soirs de Coupes d&rsquo;Europe. En deuxi\u00e8me partie de soir\u00e9e, de 22h00 (ou d\u00e8s le coup de sifflet final du match) \u00e0 minuit, place \u00e0 la version originelle et historique de l&rsquo;After autour de Gilbert Brisbois, Daniel Riolo, Florent Gautreau et Jean-Louis Tourre du dimanche au jeudi. Carine Galli fait son retour dans l&rsquo;After et prend les commandes de l&rsquo;\u00e9mission les vendredis et samedis.<\/p>\n<p>Chaque jour, \u00e9coutez le Best-of de \u00ab G\u00e9n\u00e9ration After \u00bb sur RMC, l&rsquo;\u00e9mission compos\u00e9e de chroniqueurs qui ont grandi avec l\u2019After. Nicolas Jamain, entour\u00e9 de Kevin Diaz, Walid Acherchour, Jennifer Mendelewitsch, Damien Perquis, Simon Dutin, Jimmy Braun et Sofiane Zouaoui. Au programme, des d\u00e9bats passionn\u00e9s entre experts et auditeurs RMC, ainsi que de nombreux invit\u00e9s.<\/p>\n","protected":false},"excerpt":{"rendered":"L\u2019After Foot, l&rsquo;\u00e9mission qui dit tout haut ce que le monde du foot pense tout bas, f\u00eate ses&hellip;\n","protected":false},"author":2,"featured_media":465932,"comment_status":"","ping_status":"","sticky":false,"template":"","format":"standard","meta":{"footnotes":""},"categories":[2820],"tags":[1111,11,1777,674,1011,27,775,12,25,640],"class_list":{"0":"post-465931","1":"post","2":"type-post","3":"status-publish","4":"format-standard","5":"has-post-thumbnail","7":"category-strasbourg","8":"tag-actu","9":"tag-actualites","10":"tag-eu","11":"tag-europe","12":"tag-fr","13":"tag-france","14":"tag-grand-est","15":"tag-news","16":"tag-republique-francaise","17":"tag-strasbourg"},"share_on_mastodon":{"url":"https:\/\/pubeurope.com\/@fr\/115380490350447109","error":""},"_links":{"self":[{"href":"https:\/\/www.europesays.com\/fr\/wp-json\/wp\/v2\/posts\/465931","targetHints":{"allow":["GET"]}}],"collection":[{"href":"https:\/\/www.europesays.com\/fr\/wp-json\/wp\/v2\/posts"}],"about":[{"href":"https:\/\/www.europesays.com\/fr\/wp-json\/wp\/v2\/types\/post"}],"author":[{"embeddable":true,"href":"https:\/\/www.europesays.com\/fr\/wp-json\/wp\/v2\/users\/2"}],"replies":[{"embeddable":true,"href":"https:\/\/www.europesays.com\/fr\/wp-json\/wp\/v2\/comments?post=465931"}],"version-history":[{"count":0,"href":"https:\/\/www.europesays.com\/fr\/wp-json\/wp\/v2\/posts\/465931\/revisions"}],"wp:featuredmedia":[{"embeddable":true,"href":"https:\/\/www.europesays.com\/fr\/wp-json\/wp\/v2\/media\/465932"}],"wp:attachment":[{"href":"https:\/\/www.europesays.com\/fr\/wp-json\/wp\/v2\/media?parent=465931"}],"wp:term":[{"taxonomy":"category","embeddable":true,"href":"https:\/\/www.europesays.com\/fr\/wp-json\/wp\/v2\/categories?post=465931"},{"taxonomy":"post_tag","embeddable":true,"href":"https:\/\/www.europesays.com\/fr\/wp-json\/wp\/v2\/tags?post=465931"}],"curies":[{"name":"wp","href":"https:\/\/api.w.org\/{rel}","templated":true}]}}