{"id":465939,"date":"2025-10-15T22:18:10","date_gmt":"2025-10-15T22:18:10","guid":{"rendered":"https:\/\/www.europesays.com\/fr\/465939\/"},"modified":"2025-10-15T22:18:10","modified_gmt":"2025-10-15T22:18:10","slug":"pres-de-nantes-cette-commune-triple-leffectif-de-sa-police-municipale","status":"publish","type":"post","link":"https:\/\/www.europesays.com\/fr\/465939\/","title":{"rendered":"Pr\u00e8s de Nantes, cette commune triple l\u2019effectif de sa police municipale"},"content":{"rendered":"<p>            Par<br \/>\n        <strong><br \/>\n            <a href=\"https:\/\/actu.fr\/auteur\/journaliste-sm\" title=\"Consulter tous les articles de R\u00e9daction Clisson\" target=\"_blank\" rel=\"noopener\">R\u00e9daction Clisson<\/a><br \/>\n        <\/strong><\/p>\n<p>        Publi\u00e9 le<\/p>\n<p>            15 oct. 2025 \u00e0 23h54        <\/p>\n<p>Depuis le <b>1er\u00a0septembre<\/b>, la <b>police municipale<\/b> de <a href=\"https:\/\/actu.fr\/pays-de-la-loire\/basse-goulaine_44009\" target=\"_blank\" rel=\"noopener\"><b>Basse-Goulaine<\/b><\/a> compte <b>trois agents.<\/b> Elle a donc tripl\u00e9. Cette a<b>ugmentation d\u2019effectif <\/b>a \u00e9t\u00e9 motiv\u00e9e par le maire Alain Vey et son \u00e9quipe \u00ab<b>\u2009pour avoir une pr\u00e9sence plus importante sur le terrain<\/b>, avec de plus grandes amplitudes horaires\u2009\u00bb.<\/p>\n<p>\u00ab\u2009Projet g\u00e9n\u00e9ral de s\u00e9curit\u00e9 publique\u2009\u00bb<\/p>\n<p class=\" wall-content\">Ces derni\u00e8res ann\u00e9es,<b> le maire divers droite<\/b> a r\u00e9guli\u00e8rement \u00e9t\u00e9<b> interpell\u00e9 par des habitants pour des faits de d\u00e9gradations<\/b> et <b>d\u2019incivilit\u00e9<\/b>, des <b>cambriolages <\/b>et aussi <a href=\"https:\/\/actu.fr\/pays-de-la-loire\/basse-goulaine_44009\/pres-de-nantes-cette-ville-fait-rallumer-la-lumiere-pour-eteindre-les-incendies-de-voiture_62631901.html\" target=\"_blank\" rel=\"noopener\">des feux de voiture,<\/a> m\u00eame si aucun chiffre sur<b> l\u2019\u00e9volution de cette d\u00e9linquance <\/b>n\u2019a \u00e9t\u00e9 divulgu\u00e9.<\/p>\n<blockquote class=\"ac-article-quote wall-content\">\n<p>Cette hausse de personnel entre dans un projet g\u00e9n\u00e9ral de s\u00e9curit\u00e9 publique\u2009: avec la mise en place de vid\u00e9osurveillance dans certains secteurs de la commune. Avec cet effort, nous voulons anticiper des probl\u00e8mes \u00e9ventuels d\u2019incivilit\u00e9s et de d\u00e9linquance, mais aussi effectuer un travail de proximit\u00e9 et de pr\u00e9vention.<\/p>\n<p>Alain Vey, le maire<\/p><\/blockquote>\n<p class=\" wall-content\">Malgr\u00e9<a href=\"https:\/\/actu.fr\/pays-de-la-loire\/saint-julien-de-concelles_44169\/pourquoi-ces-communes-pres-de-nantes-nont-plus-de-police-municipale-depuis-septembre_61999186.html\" target=\"_blank\" rel=\"noopener\"><b> la p\u00e9nurie de vocations de policiers municipaux<\/b><\/a>, rappel\u00e9e par<a href=\"https:\/\/medias.amf.asso.fr\/upload\/files\/Propositions%20de%20l&#039;AMF%20pour%20le%20Beauvau%20des%20PM%20-%20position%20Bureau.pdf\" target=\"_blank\" rel=\"noopener\"> l\u2019association des maires de France<\/a>, la ville n\u2019a pas pein\u00e9 \u00e0 recruter.<b> Les deux policiers municipaux viennent de Haute-Goulaine,<\/b> une commune voisine point\u00e9e par certains \u00e9lus du conseil municipal, \u00ab\u2009pour son instabilit\u00e9 de personnel\u2009\u00bb.<\/p>\n<p>Vid\u00e9os : en ce moment sur Actu<\/p>\n<p class=\" wall-content\">Personnalisez votre actualit\u00e9 en ajoutant vos villes et m\u00e9dias en favori avec <a href=\"https:\/\/moncompte.actu.fr\" title=\"D\u00e9couvez Mon Actu\" rel=\"nofollow noopener\" data-trk=\"{&quot;cta&quot;:{&quot;action&quot;:&quot;https:\\\/\\\/moncompte.actu.fr&quot;,&quot;category&quot;:&quot;mon compte&quot;,&quot;from&quot;:&quot;article footer&quot;,&quot;name&quot;:&quot;Mon actu&quot;,&quot;type&quot;:&quot;cta&quot;}}\" target=\"_blank\">Mon Actu<\/a>.<\/p>\n","protected":false},"excerpt":{"rendered":"Par R\u00e9daction Clisson Publi\u00e9 le 15 oct. 2025 \u00e0 23h54 Depuis le 1er\u00a0septembre, la police municipale de Basse-Goulaine&hellip;\n","protected":false},"author":2,"featured_media":465940,"comment_status":"","ping_status":"","sticky":false,"template":"","format":"standard","meta":{"footnotes":""},"categories":[2818],"tags":[1111,11,1777,674,1011,27,766,12,2636,1072,25,5009,104,2900],"class_list":{"0":"post-465939","1":"post","2":"type-post","3":"status-publish","4":"format-standard","5":"has-post-thumbnail","7":"category-nantes","8":"tag-actu","9":"tag-actualites","10":"tag-eu","11":"tag-europe","12":"tag-fr","13":"tag-france","14":"tag-nantes","15":"tag-news","16":"tag-pays-de-la-loire","17":"tag-police","18":"tag-republique-francaise","19":"tag-securite-routiere","20":"tag-societe","21":"tag-vignoble-nantais"},"share_on_mastodon":{"url":"https:\/\/pubeurope.com\/@fr\/115380506157860937","error":""},"_links":{"self":[{"href":"https:\/\/www.europesays.com\/fr\/wp-json\/wp\/v2\/posts\/465939","targetHints":{"allow":["GET"]}}],"collection":[{"href":"https:\/\/www.europesays.com\/fr\/wp-json\/wp\/v2\/posts"}],"about":[{"href":"https:\/\/www.europesays.com\/fr\/wp-json\/wp\/v2\/types\/post"}],"author":[{"embeddable":true,"href":"https:\/\/www.europesays.com\/fr\/wp-json\/wp\/v2\/users\/2"}],"replies":[{"embeddable":true,"href":"https:\/\/www.europesays.com\/fr\/wp-json\/wp\/v2\/comments?post=465939"}],"version-history":[{"count":0,"href":"https:\/\/www.europesays.com\/fr\/wp-json\/wp\/v2\/posts\/465939\/revisions"}],"wp:featuredmedia":[{"embeddable":true,"href":"https:\/\/www.europesays.com\/fr\/wp-json\/wp\/v2\/media\/465940"}],"wp:attachment":[{"href":"https:\/\/www.europesays.com\/fr\/wp-json\/wp\/v2\/media?parent=465939"}],"wp:term":[{"taxonomy":"category","embeddable":true,"href":"https:\/\/www.europesays.com\/fr\/wp-json\/wp\/v2\/categories?post=465939"},{"taxonomy":"post_tag","embeddable":true,"href":"https:\/\/www.europesays.com\/fr\/wp-json\/wp\/v2\/tags?post=465939"}],"curies":[{"name":"wp","href":"https:\/\/api.w.org\/{rel}","templated":true}]}}