{"id":465943,"date":"2025-10-15T22:20:23","date_gmt":"2025-10-15T22:20:23","guid":{"rendered":"https:\/\/www.europesays.com\/fr\/465943\/"},"modified":"2025-10-15T22:20:23","modified_gmt":"2025-10-15T22:20:23","slug":"coupe-de-france-les-girondins-de-bordeaux-face-a-es-boulazac","status":"publish","type":"post","link":"https:\/\/www.europesays.com\/fr\/465943\/","title":{"rendered":"Coupe de France : les Girondins de Bordeaux face \u00e0 ES Boulazac"},"content":{"rendered":"<p><img decoding=\"async\" src=\"https:\/\/www.europesays.com\/fr\/wp-content\/uploads\/2025\/10\/671_030bdb19ad232f48eff418aa9679953f.jpg\" alt=\"Coupe de France : les Girondins de Bordeaux face \u00e0 ES Boulazac\" class=\"img-responsive mt-3\"\/><\/p>\n<p class=\"text-center mb-3\" style=\"font-size: 14px\">\u00a9 Iconsport<\/p>\n<p>      <strong>Les Girondins de Bordeaux au 6e tour de la Coupe de France face \u00e0 l&rsquo;ES Boulazac<\/strong><\/p>\n<p>\u00a0<\/p>\n<p>C&rsquo;est Nicolas Maurice Belay, ancien joueur des Girondins de Bordeaux, qui a proc\u00e9d\u00e9 au tirage au sort du 6e tour de la Coupe de France. Les matchs se joueront le week-end du 25 et 26 octobre.<\/p>\n<p>Les Girondins de Bordeaux vont se d\u00e9placer dans le p\u00e9rigord pour affronter l&rsquo;ES Boulazac (R1). Il y a deux divisions d&rsquo;\u00e9cart.<\/p>\n<p><strong>\u00ab\u00a0Une fiert\u00e9 de recevoir les Girondins\u00a0\u00bb<\/strong><\/p>\n<p style=\"text-align: justify;\">Laurent Latour, secr\u00e9taire de l&rsquo;ES Boulazac sur le plateau de TV7 : \u00ab\u00a0C&rsquo;est de la fiert\u00e9, c&rsquo;est une affiche de r\u00eave. Tous les clubs r\u00eavent de jouer contre une grosse \u00e9curie de la r\u00e9gion. Cela reste un club historique. On aura le plaisir de les accueillir. Ils vont avoir le plaisir de revenir en Dordogne apr\u00e8s leur passage \u00e0 Bergerac. Ce sera une belle f\u00eate et du plaisir.\u00a0\u00bb<\/p>\n<p>Voici plusieurs affiches de ce 6e tour en Nouvelle-Aquitaine :<\/p>\n<p><img decoding=\"async\" src=\"https:\/\/www.europesays.com\/fr\/wp-content\/uploads\/2025\/10\/coupe-de-france.png\" alt=\"coupe-de-france.png (1.22 MB)\" style=\"width:800px;max-width:100%;\"\/><br \/>Screen photo @TV7<\/p>\n<p style=\"text-align: justify;\">\u00c0 lire aussi &gt;&gt; <strong><a href=\"https:\/\/www.webgirondins.com\/actualite-girondins-girondins-royce-openda-et-abou-ba-ecourtent-l-entrainement-avant-vendee-foot-club-la-roche-sur-yon-130797\" target=\"_blank\" rel=\"noopener\">Royce Openda et Abou Ba \u00e9courtent l\u2019entra\u00eenement avant Vend\u00e9e Foot Club La Roche-sur-Yon<\/a><br \/><\/strong><strong><br \/><\/strong><\/p>\n","protected":false},"excerpt":{"rendered":"\u00a9 Iconsport Les Girondins de Bordeaux au 6e tour de la Coupe de France face \u00e0 l&rsquo;ES Boulazac&hellip;\n","protected":false},"author":2,"featured_media":465944,"comment_status":"","ping_status":"","sticky":false,"template":"","format":"standard","meta":{"footnotes":""},"categories":[2817],"tags":[1111,11,4612,1997,58953,1993,615,58954,9808,1777,674,31404,2823,1011,27,1987,6774,12,2219,14190,25,3467,4102,31079,3584],"class_list":{"0":"post-465943","1":"post","2":"type-post","3":"status-publish","4":"format-standard","5":"has-post-thumbnail","7":"category-bordeaux","8":"tag-actu","9":"tag-actualites","10":"tag-adversaire","11":"tag-bordeaux","12":"tag-boulazac","13":"tag-comme","14":"tag-coupe","15":"tag-deplacera","16":"tag-designe","17":"tag-eu","18":"tag-europe","19":"tag-evolue","20":"tag-face","21":"tag-fr","22":"tag-france","23":"tag-girondins","24":"tag-mercredi","25":"tag-news","26":"tag-nouvelle-aquitaine","27":"tag-regional","28":"tag-republique-francaise","29":"tag-soir","30":"tag-sort","31":"tag-tirage","32":"tag-tour"},"share_on_mastodon":{"url":"https:\/\/pubeurope.com\/@fr\/115380514499199726","error":""},"_links":{"self":[{"href":"https:\/\/www.europesays.com\/fr\/wp-json\/wp\/v2\/posts\/465943","targetHints":{"allow":["GET"]}}],"collection":[{"href":"https:\/\/www.europesays.com\/fr\/wp-json\/wp\/v2\/posts"}],"about":[{"href":"https:\/\/www.europesays.com\/fr\/wp-json\/wp\/v2\/types\/post"}],"author":[{"embeddable":true,"href":"https:\/\/www.europesays.com\/fr\/wp-json\/wp\/v2\/users\/2"}],"replies":[{"embeddable":true,"href":"https:\/\/www.europesays.com\/fr\/wp-json\/wp\/v2\/comments?post=465943"}],"version-history":[{"count":0,"href":"https:\/\/www.europesays.com\/fr\/wp-json\/wp\/v2\/posts\/465943\/revisions"}],"wp:featuredmedia":[{"embeddable":true,"href":"https:\/\/www.europesays.com\/fr\/wp-json\/wp\/v2\/media\/465944"}],"wp:attachment":[{"href":"https:\/\/www.europesays.com\/fr\/wp-json\/wp\/v2\/media?parent=465943"}],"wp:term":[{"taxonomy":"category","embeddable":true,"href":"https:\/\/www.europesays.com\/fr\/wp-json\/wp\/v2\/categories?post=465943"},{"taxonomy":"post_tag","embeddable":true,"href":"https:\/\/www.europesays.com\/fr\/wp-json\/wp\/v2\/tags?post=465943"}],"curies":[{"name":"wp","href":"https:\/\/api.w.org\/{rel}","templated":true}]}}