{"id":465955,"date":"2025-10-15T22:27:17","date_gmt":"2025-10-15T22:27:17","guid":{"rendered":"https:\/\/www.europesays.com\/fr\/465955\/"},"modified":"2025-10-15T22:27:17","modified_gmt":"2025-10-15T22:27:17","slug":"deux-ans-plus-tard-son-adn-la-trahi","status":"publish","type":"post","link":"https:\/\/www.europesays.com\/fr\/465955\/","title":{"rendered":"deux ans plus tard, son ADN l\u2019a trahi"},"content":{"rendered":"<p>Il y a plus de deux ans, \u00e0 la suite d\u2019une annonce sur Le Bon Coin, un jeune homme d\u2019une vingtaine d\u2019ann\u00e9es qui vendait sa moto est entr\u00e9 en relation avec un acheteur potentiel. Le rendez-vous a \u00e9t\u00e9 fix\u00e9 au 4\u00a0juin 2023, sur un parking de la rue du Collovrier \u00e0 \u00c9cully, mais il s\u2019agissait d\u2019un traquenard.<\/p>\n<p>Assaillis par six individus<\/p>\n<p>Quand le vendeur et l\u2019ami qui l\u2019accompagnait sont arriv\u00e9s sur place, avec la moto install\u00e9e sur une remorque, ils ont \u00e9t\u00e9 assaillis par six individus cagoul\u00e9s et gant\u00e9s, qui les ont frapp\u00e9s et ont d\u00e9rob\u00e9 la moto, d\u2019un mod\u00e8le souvent utilis\u00e9 pour <a href=\"https:\/\/www.leprogres.fr\/faits-divers-justice\/2022\/04\/05\/rodeos-urbains-meme-si-on-se-fait-arreter-on-va-recommencer\" target=\"_blank\" rel=\"noopener\"> les rod\u00e9os urbains.<\/a><\/p>\n<p>En quittant les lieux, l\u2019un des agresseurs a laiss\u00e9 tomber sa casquette, ce qui a permis de recueillir une empreinte g\u00e9n\u00e9tique. C\u2019est ainsi qu\u2019un jeune homme \u00e2g\u00e9 de 17 ans au moment des faits, originaire de la Duch\u00e8re \u00e0 Lyon (9e), a fini par \u00eatre identifi\u00e9.<\/p>\n<p>Ce contenu est bloqu\u00e9 car vous n&rsquo;avez pas accept\u00e9 les cookies et autres traceurs.<\/p>\n<p>En cliquant sur \u00ab J\u2019accepte \u00bb, les cookies et autres traceurs seront d\u00e9pos\u00e9s et vous pourrez visualiser les contenus  (<a href=\"\" class=\"consentModule_policy\" target=\"_blank\" title=\"Consulter la politique de protection des donn\u00e9es du fournisseur\">plus d&rsquo;informations<\/a>).<\/p>\n<p>En cliquant sur \u00ab J\u2019accepte tous les cookies \u00bb, vous autorisez des d\u00e9p\u00f4ts de cookies et autres traceurs pour le stockage de vos donn\u00e9es sur nos sites et applications \u00e0 des fins de personnalisation et de ciblage publicitaire.<\/p>\n<p class=\"consentModule_secondaryText\">Vous gardez la possibilit\u00e9 de retirer votre consentement \u00e0 tout moment en consultant notre <a href=\"https:\/\/www.leprogres.fr\/protection-des-donnees\" target=\"_blank\" title=\"Consulter notre politique de protection des donn\u00e9es\" rel=\"noopener\">politique de protection des donn\u00e9es<\/a>. <br \/>&#13;<br \/>\n            <a href=\"https:\/\/www.leprogres.fr\/faits-divers-justice\/2025\/10\/15\/javascript:Didomi.notice.show()\" class=\"consentModule_cmp\" target=\"_blank\" rel=\"noopener\">G\u00e9rer mes choix<\/a>&#13;\n        <\/p>\n<p>&#13;<br \/>\n                        J&rsquo;accepte&#13;<br \/>\n            J&rsquo;accepte tous les cookies&#13;\n        <\/p>\n<p>Convoqu\u00e9 mardi au commissariat, il a \u00e9t\u00e9 plac\u00e9 en garde \u00e0 vue et a reconnu les faits. Il a expliqu\u00e9 que ce vol avec violences avait \u00e9t\u00e9 pr\u00e9m\u00e9dit\u00e9 avec plusieurs complices, dont il a refus\u00e9 de donner les noms. La moto, apr\u00e8s avoir \u00e9t\u00e9 entrepos\u00e9e dans un box, a finalement \u00e9t\u00e9 revendue et les jeunes gens se sont partag\u00e9 le produit de cette vente.<\/p>\n<p>Libre \u00e0 l\u2019issue de sa garde \u00e0 vue, le suspect est convoqu\u00e9 au tribunal \u00e0 une date ult\u00e9rieure.<\/p>\n","protected":false},"excerpt":{"rendered":"Il y a plus de deux ans, \u00e0 la suite d\u2019une annonce sur Le Bon Coin, un jeune&hellip;\n","protected":false},"author":2,"featured_media":465956,"comment_status":"","ping_status":"","sticky":false,"template":"","format":"standard","meta":{"footnotes":""},"categories":[1889],"tags":[1111,11,2430,271,272,8451,8452,3153,1777,674,274,1011,27,2428,12,25,2429],"class_list":{"0":"post-465955","1":"post","2":"type-post","3":"status-publish","4":"format-standard","5":"has-post-thumbnail","7":"category-lyon","8":"tag-actu","9":"tag-actualites","10":"tag-auvergne-rhone-alpes","11":"tag-crime","12":"tag-delit-et-contravention","13":"tag-ecully","14":"tag-ecully-bassin","15":"tag-edition-ouest-lyonnais","16":"tag-eu","17":"tag-europe","18":"tag-faits-divers-justice","19":"tag-fr","20":"tag-france","21":"tag-lyon","22":"tag-news","23":"tag-republique-francaise","24":"tag-rhone"},"share_on_mastodon":{"url":"https:\/\/pubeurope.com\/@fr\/115380541440423538","error":""},"_links":{"self":[{"href":"https:\/\/www.europesays.com\/fr\/wp-json\/wp\/v2\/posts\/465955","targetHints":{"allow":["GET"]}}],"collection":[{"href":"https:\/\/www.europesays.com\/fr\/wp-json\/wp\/v2\/posts"}],"about":[{"href":"https:\/\/www.europesays.com\/fr\/wp-json\/wp\/v2\/types\/post"}],"author":[{"embeddable":true,"href":"https:\/\/www.europesays.com\/fr\/wp-json\/wp\/v2\/users\/2"}],"replies":[{"embeddable":true,"href":"https:\/\/www.europesays.com\/fr\/wp-json\/wp\/v2\/comments?post=465955"}],"version-history":[{"count":0,"href":"https:\/\/www.europesays.com\/fr\/wp-json\/wp\/v2\/posts\/465955\/revisions"}],"wp:featuredmedia":[{"embeddable":true,"href":"https:\/\/www.europesays.com\/fr\/wp-json\/wp\/v2\/media\/465956"}],"wp:attachment":[{"href":"https:\/\/www.europesays.com\/fr\/wp-json\/wp\/v2\/media?parent=465955"}],"wp:term":[{"taxonomy":"category","embeddable":true,"href":"https:\/\/www.europesays.com\/fr\/wp-json\/wp\/v2\/categories?post=465955"},{"taxonomy":"post_tag","embeddable":true,"href":"https:\/\/www.europesays.com\/fr\/wp-json\/wp\/v2\/tags?post=465955"}],"curies":[{"name":"wp","href":"https:\/\/api.w.org\/{rel}","templated":true}]}}