{"id":465973,"date":"2025-10-15T22:40:17","date_gmt":"2025-10-15T22:40:17","guid":{"rendered":"https:\/\/www.europesays.com\/fr\/465973\/"},"modified":"2025-10-15T22:40:17","modified_gmt":"2025-10-15T22:40:17","slug":"lallemagne-met-fin-a-la-naturalisation-acceleree","status":"publish","type":"post","link":"https:\/\/www.europesays.com\/fr\/465973\/","title":{"rendered":"L&rsquo;Allemagne met fin \u00e0 la naturalisation acc\u00e9l\u00e9r\u00e9e"},"content":{"rendered":"<p class=\"mb-4 text-lg md:leading-8 break-words\">Les \u00e9trangers qui vivent depuis un certain temps en Allemagne et souhaitent obtenir la nationalit\u00e9 allemande devaient jusqu&rsquo;en juin 2024 faire preuve d&rsquo;une grande patience : au moins huit ans. Cette longue p\u00e9riode d&rsquo;attente a \u00e9t\u00e9 <a href=\"https:\/\/www.dw.com\/fr\/naturalisation-allemande-huit-changemments-pour-les-\u00e9trangers\/a-69496152\" rel=\"nofollow noopener\" target=\"_blank\" data-ylk=\"slk:consid\u00e9rablement raccourcie par le gouvernement de l&#039;\u00e9poque;elm:context_link;itc:0;sec:content-canvas\" class=\"link \">consid\u00e9rablement raccourcie par le gouvernement de l&rsquo;\u00e9poque<\/a>, compos\u00e9 des Sociaux-d\u00e9mocrates (SPD), des Verts et des Lib\u00e9raux (FDP).<\/p>\n<p class=\"mb-4 text-lg md:leading-8 break-words\">\u00ab\u00a0La naturalisation doit en r\u00e8gle g\u00e9n\u00e9rale \u00eatre possible apr\u00e8s cinq ans, et apr\u00e8s trois ans en cas d&rsquo;efforts d&rsquo;int\u00e9gration particuliers\u00a0\u00bb, stipulait l&rsquo;accord de coalition.<\/p>\n<p>La double nationalit\u00e9 reste possible<\/p>\n<p class=\"mb-4 text-lg md:leading-8 break-words\">La promesse a \u00e9t\u00e9 tenue, mais \u00e0 certaines conditions : pour obtenir le passeport allemand le plus rapidement possible, il fallait disposer d&rsquo;un revenu suffisant, bien parler allemand et s&rsquo;engager socialement, par exemple dans les pompiers volontaires. Cette naturalisation dite acc\u00e9l\u00e9r\u00e9e apr\u00e8s trois ans a toutefois \u00e9t\u00e9 supprim\u00e9e par la coalition au pouvoir depuis mai 2025, compos\u00e9e des partis conservateurs (CDU\/CSU) et du SPD.<\/p>\n<p class=\"mb-4 text-lg md:leading-8 break-words\">Avec cette modification, le gouvernement dirig\u00e9 par le chancelier f\u00e9d\u00e9ral Friedrich Merz (CDU) met en \u0153uvre les mesures pr\u00e9vues dans son accord de coalition, tout en soulignant son intention de \u00ab\u00a0maintenir par ailleurs la r\u00e9forme du droit de la nationalit\u00e9\u00a0\u00bb. Cela signifie que la naturalisation ne sera possible qu&rsquo;au bout de cinq ans au plus t\u00f4t. La possibilit\u00e9 d&rsquo;avoir deux passeports, c&rsquo;est-\u00e0-dire la double nationalit\u00e9, est \u00e9galement maintenue.<\/p>\n<p class=\"mb-4 text-lg md:leading-8 break-words\">Le ministre de l&rsquo;Int\u00e9rieur Alexander Dobrindt (CSU) s&rsquo;est montr\u00e9 satisfait du r\u00e9sultat de la modification qu&rsquo;il a largement initi\u00e9e, alors m\u00eame qu&rsquo;elle n&rsquo;avait pas encore \u00e9t\u00e9 adopt\u00e9e, lors du premier d\u00e9bat sur le projet d&rsquo;amendement l\u00e9gislatif \u00e0 la fin du mois de juin au Bundestag, le parlement allemand. A cette occasion, il a salu\u00e9 le souhait de nombreux migrants de devenir allemands. \u00ab\u00a0Bien s\u00fbr, la naturalisation est un facteur important pour la coh\u00e9sion dans un pays\u00a0\u00bb, a-t-il d\u00e9clar\u00e9 au d\u00e9but de son discours.<\/p>\n<p class=\"mb-4 text-lg md:leading-8 break-words\">Mais il a ensuite critiqu\u00e9 la \u00ab naturalisation acc\u00e9l\u00e9r\u00e9e \u00bb comme \u00e9tant une fausse incitation, per\u00e7ue \u00e0 l&rsquo;\u00e9tranger comme un effet d&rsquo;attraction. Ce terme est largement utilis\u00e9 dans la publicit\u00e9 et signifie inciter \u00e0 l&rsquo;achat d&rsquo;un produit vant\u00e9. Mais Alexander Dobrindt s&rsquo;est \u00e9galement int\u00e9ress\u00e9 \u00e0 l&rsquo;effet qu&rsquo;il a per\u00e7u en Allemagne : \u00ab\u00a0Sur le plan interne, il s&rsquo;agissait d&rsquo;une fausse incitation, car cela donnait l&rsquo;impression \u00e0 la population que le passeport allemand \u00e9tait accord\u00e9 dans le cadre d&rsquo;une sorte d&rsquo;offre sp\u00e9ciale.\u00a0\u00bb <\/p>\n<p>Seuls quelques-uns auraient profit\u00e9 de la \u00ab\u00a0naturalisation acc\u00e9l\u00e9r\u00e9e\u00a0\u00bb<\/p>\n<p class=\"mb-4 text-lg md:leading-8 break-words\">Selon Jannes Jacobsens du centre allemand pour la recherche sur les questions d\u2019int\u00e9gration et de migration, la nouvelle r\u00e9forme du droit de la nationalit\u00e9 n&rsquo;apportera toutefois que peu de changements : \u00ab\u00a0L&rsquo;essentiel de la r\u00e9forme de la naturalisation consistait \u00e0 r\u00e9duire le d\u00e9lai d&rsquo;attente \u00e0 cinq ans, ce que la nouvelle coalition maintient.\u00a0\u00bb En r\u00e9alit\u00e9, le gouvernement pr\u00e9c\u00e9dent a m\u00eame relev\u00e9 les obstacles sur le plan qualitatif, souligne le chercheur sp\u00e9cialis\u00e9 dans les questions migratoires.<\/p>\n<p class=\"mb-4 text-lg md:leading-8 break-words\">Une condition essentielle pour obtenir le passeport allemand est de pouvoir subvenir \u00e0 ses besoins sans aide de l&rsquo;Etat. Jannes Jacobsen cite des exemples typiques illustrant \u00e0 quel point cela peut changer rapidement, m\u00eame pendant une proc\u00e9dure de naturalisation en cours : lorsque la personne concern\u00e9e ne peut plus travailler en raison d&rsquo;un handicap physique ou se retrouve sans revenu propre \u00e0 la suite d&rsquo;un divorce, car son partenaire \u00e9tait l&rsquo;unique source de revenus.<\/p>\n<p class=\"mb-4 text-lg md:leading-8 break-words\">Et quel a \u00e9t\u00e9 le r\u00e9sultat final de la possibilit\u00e9 de \u00ab\u00a0naturalisation acc\u00e9l\u00e9r\u00e9e\u00a0\u00bb, qui n&rsquo;a exist\u00e9 que pendant 15 mois ? Selon Jannes Jacobsen, il est impossible de mesurer pr\u00e9cis\u00e9ment l&rsquo;effet apr\u00e8s une p\u00e9riode aussi courte, en raison du manque de donn\u00e9es. On sait que seuls 13 % des \u00e9trangers vivant en Allemagne remplissaient les conditions linguistiques et \u00e9conomiques requises. <a href=\"https:\/\/fr.news.yahoo.com\/niveau-record-naturalisations-allemagne-2024-070000379.html\" data-ylk=\"slk:La proportion de personnes qui seraient qualifi\u00e9es pour la naturalisation;elm:context_link;itc:0;sec:content-canvas;outcm:mb_qualified_link;_E:mb_qualified_link;ct:story;\" class=\"link  yahoo-link\" target=\"_blank\" rel=\"noopener\">La proportion de personnes qui seraient qualifi\u00e9es pour la naturalisation<\/a> apr\u00e8s trois ans gr\u00e2ce \u00e0 un engagement particulier serait tr\u00e8s probablement encore plus faible.<\/p>\n<p class=\"mb-4 text-lg md:leading-8 break-words\">Jannes Jacobsen souligne \u00e9galement un probl\u00e8me majeur qui, selon lui, reste sans solution : \u00ab\u00a0Ce n&rsquo;est pas parce qu&rsquo;on d\u00e9pose une demande de naturalisation qu&rsquo;elle sera accept\u00e9e rapidement. En effet, en Allemagne, l&rsquo;administration est fondamentalement surcharg\u00e9e. Les d\u00e9lais de traitement sont incroyablement longs.\u00a0\u00bb Son institut sait, de source s\u00fbre, que les autorit\u00e9s charg\u00e9es de la naturalisation ne sont pas en mesure de faire face \u00e0 l&rsquo;augmentation du nombre de demandes, car elles manquent de personnel. Avec un peu de chance, on est naturalis\u00e9 au bout de six mois. Avec un peu de malchance, il faut attendre plus de quatre ans.<\/p>\n<p class=\"mb-4 text-lg md:leading-8 break-words\">Cette situation ne changera pas de sit\u00f4t, car la p\u00e9nurie de main-d&rsquo;\u0153uvre qualifi\u00e9e se fait \u00e9galement sentir dans les administrations allemandes.<\/p>\n","protected":false},"excerpt":{"rendered":"Les \u00e9trangers qui vivent depuis un certain temps en Allemagne et souhaitent obtenir la nationalit\u00e9 allemande devaient jusqu&rsquo;en&hellip;\n","protected":false},"author":2,"featured_media":465974,"comment_status":"","ping_status":"","sticky":false,"template":"","format":"standard","meta":{"footnotes":""},"categories":[1587],"tags":[11,672,1804,1805,1803,31092,1777,674,1801,58957,9111,12,58956,1802],"class_list":{"0":"post-465973","1":"post","2":"type-post","3":"status-publish","4":"format-standard","5":"has-post-thumbnail","7":"category-allemagne","8":"tag-actualites","9":"tag-allemagne","10":"tag-bundesrepublik-deutschland","11":"tag-de","12":"tag-deutschland","13":"tag-droit-de-la-nationalite","14":"tag-eu","15":"tag-europe","16":"tag-germany","17":"tag-jannes-jacobsen","18":"tag-naturalisation","19":"tag-news","20":"tag-procedure-de-naturalisation","21":"tag-republique-federale-dallemagne"},"share_on_mastodon":{"url":"https:\/\/pubeurope.com\/@fr\/115380592736053189","error":""},"_links":{"self":[{"href":"https:\/\/www.europesays.com\/fr\/wp-json\/wp\/v2\/posts\/465973","targetHints":{"allow":["GET"]}}],"collection":[{"href":"https:\/\/www.europesays.com\/fr\/wp-json\/wp\/v2\/posts"}],"about":[{"href":"https:\/\/www.europesays.com\/fr\/wp-json\/wp\/v2\/types\/post"}],"author":[{"embeddable":true,"href":"https:\/\/www.europesays.com\/fr\/wp-json\/wp\/v2\/users\/2"}],"replies":[{"embeddable":true,"href":"https:\/\/www.europesays.com\/fr\/wp-json\/wp\/v2\/comments?post=465973"}],"version-history":[{"count":0,"href":"https:\/\/www.europesays.com\/fr\/wp-json\/wp\/v2\/posts\/465973\/revisions"}],"wp:featuredmedia":[{"embeddable":true,"href":"https:\/\/www.europesays.com\/fr\/wp-json\/wp\/v2\/media\/465974"}],"wp:attachment":[{"href":"https:\/\/www.europesays.com\/fr\/wp-json\/wp\/v2\/media?parent=465973"}],"wp:term":[{"taxonomy":"category","embeddable":true,"href":"https:\/\/www.europesays.com\/fr\/wp-json\/wp\/v2\/categories?post=465973"},{"taxonomy":"post_tag","embeddable":true,"href":"https:\/\/www.europesays.com\/fr\/wp-json\/wp\/v2\/tags?post=465973"}],"curies":[{"name":"wp","href":"https:\/\/api.w.org\/{rel}","templated":true}]}}