{"id":465981,"date":"2025-10-15T22:45:16","date_gmt":"2025-10-15T22:45:16","guid":{"rendered":"https:\/\/www.europesays.com\/fr\/465981\/"},"modified":"2025-10-15T22:45:16","modified_gmt":"2025-10-15T22:45:16","slug":"direct-france-maroc-les-bleuets-arrachent-les-prolongations-dans-un-match-renversant-suivez-le-match","status":"publish","type":"post","link":"https:\/\/www.europesays.com\/fr\/465981\/","title":{"rendered":"DIRECT. France &#8211; Maroc\u00a0: les Bleuets arrachent les prolongations dans un match renversant, suivez le match"},"content":{"rendered":"<p>                    <a title=\"\" href=\"https:\/\/www.europesays.com\/fr\/wp-content\/uploads\/2025\/10\/81553017.jpg\" class=\"fancy\"><\/p>\n<p>                            <img loading=\"lazy\" decoding=\"async\" src=\"https:\/\/www.europesays.com\/fr\/wp-content\/uploads\/2025\/10\/81553017.jpg\" alt=\"DIRECT. France - Maroc\u00a0: les Bleuets arrachent les prolongations dans un match renversant, suivez le match\" width=\"1500\" height=\"1000\"\/><\/p>\n<p>                    <\/a><\/p>\n<p>                Ce mercredi soir, la France et le Maroc s&rsquo;affrontent \u00e0 Valpara\u00edso au Chili pour une place en finale de la Coupe du monde U20. Suivez le match en direct.<\/p>\n<p><a name=\"post1760568239\"\/>00:43 &#8211; Michal ne tremble pas ! <\/p>\n<p>En totale gestion, Lucas Michal trouve le chemin des filets avec un sublime contre-pied. 1-1.<\/p>\n<p><a name=\"post1760568227\"\/>00:43 &#8211; El Bahraoui lance le Maroc ! <\/p>\n<p>Si Olmeta \u00e9tait parti du bon c\u00f4t\u00e9, le tir au but d&rsquo;El Bahraoui est trop pr\u00e9cis sur la droite. Place \u00e0 Lucas Michal pour les Bleuets.<\/p>\n<p><a name=\"post1760568142\"\/>00:42 &#8211; Le Maroc d\u00e9bute ! <\/p>\n<p>Apr\u00e8s le tirage, ce sont les Marocains qui vont s&rsquo;\u00e9lancer en premier.\u00a0<\/p>\n<p><a name=\"post1760567828\"\/>00:37 &#8211; Au tour des tirs au but ! (1-1)<\/p>\n<p>Apr\u00e8s les prolongations, la France et le Maroc vont se d\u00e9partager lors d&rsquo;une s\u00e9ance de tirs au but.\u00a0<\/p>\n<p><a name=\"post1760567762\"\/>00:36 &#8211; Changement de gardien ! (1-1, 124e)<\/p>\n<p>Tactique os\u00e9e par le staff marocain : Gomis est remplac\u00e9 par Mesbahi.<\/p>\n<p><a name=\"post1760567688\"\/>00:34 &#8211; Benama sort (1-1, 123e)<\/p>\n<p>Alors qu&rsquo;il y a trois minutes de temps additionnel avant la s\u00e9ance de tirs au but, Benama c\u00e8de sa place \u00e0 Bernardeau.<\/p>\n<p><a name=\"post1760567568\"\/>00:32 &#8211; Triple changement (1-1, 121e)<\/p>\n<p>Boumassaoudi, Hamony et El Bahraoui prennent les places de Majni,\u00a0Maamma et Yassine pour ces ultimes secondes.\u00a0<\/p>\n<p><a name=\"post1760567527\"\/>00:32 &#8211; Pas de penalty ! (1-1, 120e)<\/p>\n<p>Apr\u00e8s un visionnage de l&rsquo;action \u00e0 la vid\u00e9o, l&rsquo;arbitre ne siffle pas de penalty pour la France.\u00a0<\/p>\n<p><a name=\"post1760567491\"\/>00:31 &#8211; VAR r\u00e9clam\u00e9e ! (1-1, 119e)<\/p>\n<p>Le staff tricolore fait appel \u00e0 la VAR pour r\u00e9clamer un penalty !\u00a0<\/p>\n<p><a name=\"post1760567362\"\/>00:29 &#8211; La balle du 2-1 ! (1-1, 118e)<\/p>\n<p>La balle de la qualification pour la finale du Mondial U20 ! Trouv\u00e9 sur le c\u00f4t\u00e9 droit, Mmadi se joue de Zahouani avec un crochet d\u00e9vastateur. Il p\u00e9n\u00e8tre dans la surface et centre pour N&rsquo;Guessan qui ne parvient pas \u00e0 donner assez de puissance dans sa frappe. Majni contre avant que le Maroc ne r\u00e9cup\u00e8re la possession.<\/p>\n<p><a name=\"post1760567309\"\/>00:28 &#8211; Nouvel accrochage (1-1, 116e)<\/p>\n<p>Les Bleuets ont obtenu un corner mais les marquages sont rugueux dans la d\u00e9fense marocaine.\u00a0<\/p>\n<p><a name=\"post1760567122\"\/>00:25 &#8211; Maamma se montre (1-1, 113e)<\/p>\n<p>Maamma est pass\u00e9 proche d&rsquo;\u00eatre le sauveur du Maroc ! Devant la surface, le capitaine repique vers le centre et frappe au premier poteau. Olmeta \u00e9tait battu mais le cuir passe \u00e0 droite des cages.<\/p>\n<p><a name=\"post1760567012\"\/>00:23 &#8211; Possession marocaine (1-1, 112e)<\/p>\n<p>Depuis l&rsquo;exclusion de Nzingoula, les Marocains ont la possession du ballon.\u00a0<\/p>\n<p><a name=\"post1760566972\"\/>00:22 &#8211; Cinqui\u00e8me remplacement (1-1, 111e)<\/p>\n<p>Pour cette fin de match, Baseya prend la place de Bourgault.\u00a0<\/p>\n<p><a name=\"post1760566917\"\/>00:21 &#8211; Dabo glisse (1-1, 110e)<\/p>\n<p>Dabo s&rsquo;en veut ! L&rsquo;ailier provoque Zahouani et fait la diff\u00e9rence avant de glisser sur son centre.<\/p>\n<p><a name=\"post1760566770\"\/>00:19 &#8211; Les Bleuets \u00e0 10 ! (1-1, 107e)<\/p>\n<p>C&rsquo;est fini pour Rabby Nzingoula ! Pour une faute similaire \u00e0 son premier carton jaune, le milieu de terrain commet un nouvel acte d&rsquo;anti-jeu et laisse les siens en inf\u00e9riorit\u00e9 num\u00e9rique.\u00a0<\/p>\n<p><a name=\"post1760566646\"\/>00:17 &#8211; 15 derni\u00e8res minutes (1-1, 105e)<\/p>\n<p>Les Lionceaux de l&rsquo;Atlas donnent le coup d&rsquo;envoi des 15 derni\u00e8res minutes.<\/p>\n<p><a name=\"post1760566527\"\/>00:15 &#8211; Mi-temps (1-1)<\/p>\n<p>C&rsquo;est la pause dans ces prolongations. Cette demi-finale entre la France et le Maroc est toujours ind\u00e9cise !\u00a0<\/p>\n<p><a name=\"post1760566465\"\/>00:14 &#8211; Une minute (1-1, 105e)<\/p>\n<p>Une minute de temps additionnel.<\/p>\n<p><a name=\"post1760566291\"\/>00:11 &#8211; Dabo proche du bijou ! (1-1, 103e)<\/p>\n<p>Quelle inspiration de Dabo ! D\u00e9cal\u00e9 par Benama, l&rsquo;ailier enroule du pied gauche. Si Gomis \u00e9tait battu, le ballon effleure son poteau droit.<\/p>\n<p><a name=\"post1760566249\"\/>00:10 &#8211; Nouveau carton (1-1, 101e)<\/p>\n<p>Les avertissement pleuvent chez les Bleuets ! Apr\u00e8s une perte de balle de Benama, Byar file en contre Mais Nzingoula le retient par le maillot.<\/p>\n<p><a name=\"post1760566117\"\/>00:08 &#8211; Dabo trop court (1-1, 100e)<\/p>\n<p>Nouvelle transversale de Kamara \u00e0 destination de Dabo mais le ballon finit en touche.<\/p>\n<p><a name=\"post1760566006\"\/>00:06 &#8211; Les esprits s&rsquo;\u00e9chauffent ! (1-1, 97e)<\/p>\n<p>Enrhum\u00e9 par Yassine dans un premier temps, Benama se replie et tacle l&rsquo;ailier. Une intervention qui lui vaut un carton jaune mais qui aurait pu co\u00fbter bien plus cher. La tension monte sur la pelouse et plusieurs joueurs se poussent.\u00a0<\/p>\n<p><a name=\"post1760565780\"\/>00:03 &#8211; Maamma se replace (1-1, 94e)<\/p>\n<p>Bel effort d\u00e9fensif de Maamma qui se replie avant conc\u00e9der un corner finalement.\u00a0<\/p>\n<p><a name=\"post1760565654\"\/>00:00 &#8211; Majni touch\u00e9 (1-1, 92e)<\/p>\n<p>\u00c0 la lutte avec Mmadi, Majni s&rsquo;\u00e9croule et se tord de douleurs. Le d\u00e9fenseur a \u00e9t\u00e9 touch\u00e9 au visage.<\/p>\n<p><a class=\"app_edito_btn\" href=\"https:\/\/www.linternaute.com\/sport\/foot\/9018303-direct-france-maroc-suivez-le-match\/\" id=\"jLiveMore\" data-sort-time=\"1760565653\" rel=\"nofollow noopener\" target=\"_blank\">LIRE PLUS<\/a><\/p>\n","protected":false},"excerpt":{"rendered":"Ce mercredi soir, la France et le Maroc s&rsquo;affrontent \u00e0 Valpara\u00edso au Chili pour une place en finale&hellip;\n","protected":false},"author":2,"featured_media":465982,"comment_status":"","ping_status":"","sticky":false,"template":"","format":"standard","meta":{"footnotes":""},"categories":[4],"tags":[11,58958,51761,2257,51763,1011,27,12,51767,25],"class_list":{"0":"post-465981","1":"post","2":"type-post","3":"status-publish","4":"format-standard","5":"has-post-thumbnail","7":"category-france","8":"tag-actualites","9":"tag-cms-linternaute-9018303","10":"tag-controller-content","11":"tag-foot","12":"tag-format-papier","13":"tag-fr","14":"tag-france","15":"tag-news","16":"tag-parallaxeinfeed","17":"tag-republique-francaise"},"share_on_mastodon":{"url":"https:\/\/pubeurope.com\/@fr\/115380612713445578","error":""},"_links":{"self":[{"href":"https:\/\/www.europesays.com\/fr\/wp-json\/wp\/v2\/posts\/465981","targetHints":{"allow":["GET"]}}],"collection":[{"href":"https:\/\/www.europesays.com\/fr\/wp-json\/wp\/v2\/posts"}],"about":[{"href":"https:\/\/www.europesays.com\/fr\/wp-json\/wp\/v2\/types\/post"}],"author":[{"embeddable":true,"href":"https:\/\/www.europesays.com\/fr\/wp-json\/wp\/v2\/users\/2"}],"replies":[{"embeddable":true,"href":"https:\/\/www.europesays.com\/fr\/wp-json\/wp\/v2\/comments?post=465981"}],"version-history":[{"count":0,"href":"https:\/\/www.europesays.com\/fr\/wp-json\/wp\/v2\/posts\/465981\/revisions"}],"wp:featuredmedia":[{"embeddable":true,"href":"https:\/\/www.europesays.com\/fr\/wp-json\/wp\/v2\/media\/465982"}],"wp:attachment":[{"href":"https:\/\/www.europesays.com\/fr\/wp-json\/wp\/v2\/media?parent=465981"}],"wp:term":[{"taxonomy":"category","embeddable":true,"href":"https:\/\/www.europesays.com\/fr\/wp-json\/wp\/v2\/categories?post=465981"},{"taxonomy":"post_tag","embeddable":true,"href":"https:\/\/www.europesays.com\/fr\/wp-json\/wp\/v2\/tags?post=465981"}],"curies":[{"name":"wp","href":"https:\/\/api.w.org\/{rel}","templated":true}]}}