{"id":465987,"date":"2025-10-15T22:49:13","date_gmt":"2025-10-15T22:49:13","guid":{"rendered":"https:\/\/www.europesays.com\/fr\/465987\/"},"modified":"2025-10-15T22:49:13","modified_gmt":"2025-10-15T22:49:13","slug":"on-ne-veut-pas-voir-des-joueurs-souffrir-comme-ca","status":"publish","type":"post","link":"https:\/\/www.europesays.com\/fr\/465987\/","title":{"rendered":"\u00ab On ne veut pas voir des joueurs souffrir comme \u00e7a \u00bb"},"content":{"rendered":"<p>                <img decoding=\"async\" src=\"https:\/\/www.europesays.com\/fr\/wp-content\/uploads\/2025\/10\/Z1bQ.jpg\" fetchpriority=\"high\" alt=\"Berrettini alerte l\u2019ATP : \u00ab On ne veut pas voir des joueurs souffrir comme \u00e7a \u00bb\"\/><\/p>\n<p>Il pensait avoir tout vu, mais la tourn\u00e9e asiatique a marqu\u00e9 Matteo Berrettini comme jamais. L\u2019Italien d\u00e9crit des conditions irrespirables et appelle l\u2019ATP \u00e0 agir pour pr\u00e9server la sant\u00e9 et le spectacle.<\/p>\n<p>Matteo Berrettini a pass\u00e9 le premier tour de l\u2019ATP 250 de Stockholm hier, remportant son deuxi\u00e8me match depuis son retour \u00e0 la comp\u00e9tition au mois de septembre. L\u2019ancien n\u00b06 mondial, finaliste \u00e0 Wimbledon en 2021, est revenu sur les conditions dantesques de la tourn\u00e9e asiatique.<\/p>\n<p>Dans des d\u00e9clarations relay\u00e9es par The Tennis Gazette, il appelle l\u2019ATP \u00e0 mettre en place un r\u00e8glement concernant la chaleur :<\/p>\n<p>\u00ab Au cours de la tourn\u00e9e asiatique, j\u2019ai connu des conditions que je n\u2019avais jamais connues auparavant. Il faisait encore plus chaud \u00e0 Hangzhou qu\u2019\u00e0 Shanghai, mais personne n\u2019\u00e9tait au courant car c\u2019\u00e9tait un petit tournoi.<\/p>\n<p>Il faisait tellement chaud qu\u2019on avait du mal \u00e0 y croire. Heureusement, ils avaient un toit car il y avait beaucoup de pluie. Quand les conditions sont aussi extr\u00eames, l\u2019ATP doit suivre ce qu\u2019ont instaur\u00e9 les Grands Chelems, c\u2019est-\u00e0-dire une r\u00e8gle concernant la chaleur ou quelque chose comme \u00e7a.<\/p>\n<p>On ne veut pas voir des joueurs se blesser ou souffrir de cette mani\u00e8re. Au final, la sant\u00e9 prime ainsi que le spectacle, et quand les joueurs ne se sentent pas bien, ils abandonnent.<\/p>\n<p>On ne veut pas de \u00e7a. La plupart des gens ne comprennent pas \u00e0 quel point cela peut \u00eatre diff\u00e9rent de jouer dans le m\u00eame tournoi avec cinq degr\u00e9s de moins ou de plus. \u00bb<\/p>\n","protected":false},"excerpt":{"rendered":"Il pensait avoir tout vu, mais la tourn\u00e9e asiatique a marqu\u00e9 Matteo Berrettini comme jamais. L\u2019Italien d\u00e9crit des&hellip;\n","protected":false},"author":2,"featured_media":465988,"comment_status":"","ping_status":"","sticky":false,"template":"","format":"standard","meta":{"footnotes":""},"categories":[1415],"tags":[1011,27,60,1467],"class_list":{"0":"post-465987","1":"post","2":"type-post","3":"status-publish","4":"format-standard","5":"has-post-thumbnail","7":"category-tennis","8":"tag-fr","9":"tag-france","10":"tag-sports","11":"tag-tennis"},"share_on_mastodon":{"url":"https:\/\/pubeurope.com\/@fr\/115380628024834845","error":""},"_links":{"self":[{"href":"https:\/\/www.europesays.com\/fr\/wp-json\/wp\/v2\/posts\/465987","targetHints":{"allow":["GET"]}}],"collection":[{"href":"https:\/\/www.europesays.com\/fr\/wp-json\/wp\/v2\/posts"}],"about":[{"href":"https:\/\/www.europesays.com\/fr\/wp-json\/wp\/v2\/types\/post"}],"author":[{"embeddable":true,"href":"https:\/\/www.europesays.com\/fr\/wp-json\/wp\/v2\/users\/2"}],"replies":[{"embeddable":true,"href":"https:\/\/www.europesays.com\/fr\/wp-json\/wp\/v2\/comments?post=465987"}],"version-history":[{"count":0,"href":"https:\/\/www.europesays.com\/fr\/wp-json\/wp\/v2\/posts\/465987\/revisions"}],"wp:featuredmedia":[{"embeddable":true,"href":"https:\/\/www.europesays.com\/fr\/wp-json\/wp\/v2\/media\/465988"}],"wp:attachment":[{"href":"https:\/\/www.europesays.com\/fr\/wp-json\/wp\/v2\/media?parent=465987"}],"wp:term":[{"taxonomy":"category","embeddable":true,"href":"https:\/\/www.europesays.com\/fr\/wp-json\/wp\/v2\/categories?post=465987"},{"taxonomy":"post_tag","embeddable":true,"href":"https:\/\/www.europesays.com\/fr\/wp-json\/wp\/v2\/tags?post=465987"}],"curies":[{"name":"wp","href":"https:\/\/api.w.org\/{rel}","templated":true}]}}