{"id":465996,"date":"2025-10-15T22:56:11","date_gmt":"2025-10-15T22:56:11","guid":{"rendered":"https:\/\/www.europesays.com\/fr\/465996\/"},"modified":"2025-10-15T22:56:11","modified_gmt":"2025-10-15T22:56:11","slug":"voici-la-meilleure-photo-animaliere-de-2025-deux-francais-au-palmares","status":"publish","type":"post","link":"https:\/\/www.europesays.com\/fr\/465996\/","title":{"rendered":"voici la meilleure photo animali\u00e8re de 2025, deux Fran\u00e7ais au palmar\u00e8s"},"content":{"rendered":"<p class=\"article-p mdl\">Organis\u00e9 chaque ann\u00e9e par le Mus\u00e9e d&rsquo;histoire naturelle de Londres, le concours \u00ab\u00a0Wildlife Photographer of the Year\u00a0\u00bb r\u00e9compense les plus beaux clich\u00e9s animaliers. Les laur\u00e9ats de l&rsquo;\u00e9dition 2025 ont \u00e9t\u00e9 r\u00e9v\u00e9l\u00e9s mercredi 15 octobre.<\/p>\n<p class=\"article-p mdl\">Cette ann\u00e9e, le prestigieux prix a \u00e9t\u00e9 remport\u00e9 par <strong>Wim van den Heever. Photographe sud-africain<\/strong>, il a s\u00e9duit les jur\u00e9s avec son clich\u00e9 \u00ab\u00a0Ghost Town Visitor\u00a0\u00bb, \u00ab\u00a0Visiteur de la ville fant\u00f4me\u00a0\u00bb en fran\u00e7ais. Captur\u00e9e dans la ville abandonn\u00e9e de Kolmanskop en Namibie, l&rsquo;image montre une hy\u00e8ne brune dans des ruines.\u00a0<\/p>\n<p class=\"article-p mdl\">Comme le relate\u00a0<a class=\"link\" href=\"https:\/\/www.nhm.ac.uk\/wpy\" target=\"_blank\" rel=\"noopener\">le site de mus\u00e9e londonien<\/a>, l&rsquo;animal \u00ab\u00a0regarde fixement en direction de l&rsquo;objectif, tandis qu&rsquo;une imposante maison \u00e0 moiti\u00e9 d\u00e9truite se dresse en arri\u00e8re-plan\u00a0\u00bb. La photo, d\u00e9crite comme \u00ab\u00a0envoutante\u00a0\u00bb a \u00e9t\u00e9 prise de nuit, alors que la brume s&rsquo;installait. La hy\u00e8ne brune a aussi permis \u00e0\u00a0Wim van den Heever\u00a0de remporter un second titre, dans la cat\u00e9gorie \u00ab\u00a0Faune urbaine\u00a0\u00bb.\u00a0<\/p>\n<p>            Un Italien laur\u00e9at du prix du jeune photographe animalier de 2025<\/p>\n<p class=\"article-p mdl\">Le concours \u00ab\u00a0Wildlife Photographer of the Year\u00a0\u00bb r\u00e9compense aussi les photographes en herbe. Le prix du jeune photographe animalier de l&rsquo;ann\u00e9e 2025 a \u00e9t\u00e9 remport\u00e9 par <strong>Andrea Dominiz<\/strong>i avec son \u0153uvre \u00ab\u00a0After the Destruction\u00a0\u00bb, \u00ab\u00a0Apr\u00e8s la destruction\u00a0\u00bb en fran\u00e7ais.\u00a0<\/p>\n<p class=\"article-p mdl\">Du haut de ses 17 ans, il est le premier Italien \u00e0 gagner dans cette cat\u00e9gorie. L&rsquo;\u00e9l\u00e9ment cl\u00e9 de son clich\u00e9 gagnant, est un <strong>longicorne <\/strong>qui semble observer une machine abandonn\u00e9e. La photo a \u00e9t\u00e9 prise au centre de l&rsquo;Italie, sur une sentinelle dans les monts Lepini.\u00a0<\/p>\n<p class=\"article-p mdl\">Un lieu loin d&rsquo;\u00eatre anodin, qui \u00e9tait exploit\u00e9 pour ses vieux h\u00eatres. Selon le comit\u00e9 du concours, \u00ab\u00a0la photographie d&rsquo;Andrea raconte une <strong>histoire poignante de perte d&rsquo;habitat<\/strong>\u00ab\u00a0. \u00ab\u00a0Si l&rsquo;habitat des col\u00e9opt\u00e8res est perturb\u00e9 ou d\u00e9truit, les effets se r\u00e9percutent sur tout l&rsquo;\u00e9cosyst\u00e8me\u00a0\u00bb, ont soulign\u00e9 les organisateurs.\u00a0<\/p>\n<p>            Un laur\u00e9at fran\u00e7ais de 13 ans<\/p>\n<p class=\"article-p mdl\">Les paysages fran\u00e7ais ont \u00e9t\u00e9 mis \u00e0 l&rsquo;honneur dans l&rsquo;\u00e9dition 2025, avec deux gagnants originaires de l&rsquo;hexagone. \u00c0 seulement 13 ans, Lubin Godin a honor\u00e9 les Alpes. Un choix qui a \u00e9t\u00e9 r\u00e9compens\u00e9 par le prix de la cat\u00e9gorie <strong>d\u00e9di\u00e9e aux 11-14 ans<\/strong>. Son image, intitul\u00e9e \u00ab\u00a0Aube alpine\u00a0\u00bb montre des montagnes envelopp\u00e9es de brumes. Un bouquetin semble surveiller la sc\u00e8ne, se reposant en haut des roches.<\/p>\n<p class=\"article-p mdl\">\u200b\u200bLe jeune homme a pris cette photo apr\u00e8s de longues minutes d&rsquo;attente. Sur son\u00a0<a class=\"link\" href=\"https:\/\/www.instagram.com\/nidonibul\/?hl=fr\" target=\"_blank\" rel=\"noopener\">compte Instagram<\/a>, le laur\u00e9at a partag\u00e9 plusieurs clich\u00e9s de cette ascension matinale.\u00a0\u00a0<\/p>\n<p>            Quentin Martinez et ses grenouilles<\/p>\n<p class=\"article-p mdl\">Le second fran\u00e7ais \u00e0 avoir \u00e9t\u00e9 r\u00e9compens\u00e9 dans l&rsquo;\u00e9dition 2025 est Quentin Martinez. Biologiste et photographe, il s&rsquo;est d\u00e9marqu\u00e9 des autres concurrents avec sa photo intitul\u00e9e \u00ab\u00a0Frolicking Frogs\u00a0\u00bb, \u00ab\u00a0Grenouilles gambadantes\u00a0\u00bb en fran\u00e7ais. Il est laur\u00e9at du prix dans la cat\u00e9gorie \u00ab\u00a0<strong>Amphibiens et reptiles\u00a0\u00bb<\/strong> du concours.\u00a0<\/p>\n<p>Il a captur\u00e9 la reproduction de plusieurs <strong>rainettes <\/strong>sous une pluie persistante dans les montagnes de Kaw, en Guyane fran\u00e7aise. La peau jaune des amphibiens aide \u00e0 les d\u00e9marquer des grandes feuilles vertes sur lesquelles ils se trouvent, comme le montre le dernier slide du post Instagram ci-dessous.\u00a0<\/p>\n<p class=\"article-p mdl\">Toutes les photos soumises au concours de photographie seront expos\u00e9es au\u00a0<a class=\"link\" href=\"https:\/\/www.londres.fr\/musee-histoire-naturelle\" target=\"_blank\" rel=\"noopener\">Natural History Museum de Londres<\/a>\u00a0du vendredi 17\u00a0octobre 2025 jusqu\u2019au dimanche 12\u00a0juillet 2026. L\u2019exposition sera compos\u00e9e de <strong>cent clich\u00e9s<\/strong>, tous honorant la nature et ses r\u00e9sidents fascinants.\u00a0<\/p>\n<p>    La r\u00e9daction vous recommande<\/p>\n<p class=\"s-newsletter__title\">\n                L\u2019actualit\u00e9 par la r\u00e9daction de RTL dans votre bo\u00eete mail.\n            <\/p>\n<p class=\"s-newsletter__subtitle\">\n                Gr\u00e2ce \u00e0 votre compte RTL abonnez-vous \u00e0 la newsletter RTL info pour suivre toute l&rsquo;actualit\u00e9 au quotidien\n            <\/p>\n<p>\n                                    Lire la suite\n                                <\/p>\n<p>                            <script async src=\"\/\/www.instagram.com\/embed.js\"><\/script><\/p>\n","protected":false},"excerpt":{"rendered":"Organis\u00e9 chaque ann\u00e9e par le Mus\u00e9e d&rsquo;histoire naturelle de Londres, le concours \u00ab\u00a0Wildlife Photographer of the Year\u00a0\u00bb r\u00e9compense&hellip;\n","protected":false},"author":2,"featured_media":465997,"comment_status":"","ping_status":"","sticky":false,"template":"","format":"standard","meta":{"footnotes":""},"categories":[1358],"tags":[1867,1348,1384,1385,903,1386,58,59,107,1011,27,1756,5593],"class_list":{"0":"post-465996","1":"post","2":"type-post","3":"status-publish","4":"format-standard","5":"has-post-thumbnail","7":"category-arts-et-design","8":"tag-animaux","9":"tag-arts","10":"tag-arts-and-design","11":"tag-arts-et-design","12":"tag-concours","13":"tag-design","14":"tag-divertissement","15":"tag-entertainment","16":"tag-fil-info","17":"tag-fr","18":"tag-france","19":"tag-photographie","20":"tag-recompense"},"share_on_mastodon":{"url":"https:\/\/pubeurope.com\/@fr\/115380655546389528","error":""},"_links":{"self":[{"href":"https:\/\/www.europesays.com\/fr\/wp-json\/wp\/v2\/posts\/465996","targetHints":{"allow":["GET"]}}],"collection":[{"href":"https:\/\/www.europesays.com\/fr\/wp-json\/wp\/v2\/posts"}],"about":[{"href":"https:\/\/www.europesays.com\/fr\/wp-json\/wp\/v2\/types\/post"}],"author":[{"embeddable":true,"href":"https:\/\/www.europesays.com\/fr\/wp-json\/wp\/v2\/users\/2"}],"replies":[{"embeddable":true,"href":"https:\/\/www.europesays.com\/fr\/wp-json\/wp\/v2\/comments?post=465996"}],"version-history":[{"count":0,"href":"https:\/\/www.europesays.com\/fr\/wp-json\/wp\/v2\/posts\/465996\/revisions"}],"wp:featuredmedia":[{"embeddable":true,"href":"https:\/\/www.europesays.com\/fr\/wp-json\/wp\/v2\/media\/465997"}],"wp:attachment":[{"href":"https:\/\/www.europesays.com\/fr\/wp-json\/wp\/v2\/media?parent=465996"}],"wp:term":[{"taxonomy":"category","embeddable":true,"href":"https:\/\/www.europesays.com\/fr\/wp-json\/wp\/v2\/categories?post=465996"},{"taxonomy":"post_tag","embeddable":true,"href":"https:\/\/www.europesays.com\/fr\/wp-json\/wp\/v2\/tags?post=465996"}],"curies":[{"name":"wp","href":"https:\/\/api.w.org\/{rel}","templated":true}]}}