{"id":465998,"date":"2025-10-15T22:57:14","date_gmt":"2025-10-15T22:57:14","guid":{"rendered":"https:\/\/www.europesays.com\/fr\/465998\/"},"modified":"2025-10-15T22:57:14","modified_gmt":"2025-10-15T22:57:14","slug":"marie-kops-se-livre-sur-les-25-ans-de-succes-de-ce-rendez-vous-incontournable","status":"publish","type":"post","link":"https:\/\/www.europesays.com\/fr\/465998\/","title":{"rendered":"Marie Kops se livre sur les 25 ans de succ\u00e8s de ce rendez-vous incontournable"},"content":{"rendered":"<p>Le salon du livre de Tahiti c\u00e9l\u00e8bre cette ann\u00e9e sa 25e \u00e9dition, un rendez-vous d\u00e9sormais incontournable au fenua. L&rsquo;\u00e9v\u00e9nement, plac\u00e9 sous le signe de \u00ab 25 ans et demain \u00bb, promet quatre jours de rencontres, de d\u00e9couverte et de r\u00e9flexion sur l&rsquo;\u00e9volution de la lecture et de l&rsquo;\u00e9criture, accueillant une quinzaine d&rsquo;invit\u00e9s du Pacifique et de l&rsquo;Hexagone.<\/p>\n<p>Le salon du livre, organis\u00e9 par l&rsquo;AETI (Association des \u00e9diteurs de Tahiti et des \u00eeles), est rapidement devenu un \u00e9v\u00e9nement phare apr\u00e8s sa premi\u00e8re \u00e9dition il y a 25 ans. Selon Marie Kops, invit\u00e9e caf\u00e9 de notre matinale radio, l&rsquo;association avait \u00e9t\u00e9 cr\u00e9\u00e9e pour \u00ab\u00a0f\u00e9d\u00e9rer les diff\u00e9rents acteurs du secteur, pour valoriser toute cette production, cette litt\u00e9rature polyn\u00e9sienne\u00a0\u00bb. Responsable de l&rsquo;AETI, Marie Kops confirme que le salon est \u00ab\u00a0un \u00e9v\u00e9nement attendu par la population, par les scolaires \u00e9galement, et aussi par nos invit\u00e9s\u00a0\u00bb. D\u00e8s le d\u00e9but, l&rsquo;\u00e9v\u00e9nement a pris de l&rsquo;ampleur car \u00ab\u00a0il y avait aussi une attente de la part de la population sur ce secteur-l\u00e0\u00a0\u00bb. L&rsquo;objectif est simple : \u00ab\u00a0amener le livre partout et pour tous\u00a0\u00bb.<\/p>\n<p>Pour cette 25e \u00e9dition, le th\u00e8me \u00ab 25 ans et demain \u00bb a \u00e9t\u00e9 retenu pour marquer \u00e0 la fois l&rsquo;anniversaire et la projection vers l&rsquo;avenir. Le salon sera l&rsquo;occasion de revenir sur l&rsquo;\u00e9volution de la lecture en g\u00e9n\u00e9ral, notamment \u00ab\u00a0l&rsquo;\u00e9volution des comportements de lecture, du support livre\u00a0\u00bb, dit-elle.\u00a0Un volet important sera d\u00e9di\u00e9 \u00e0 l&rsquo;impact du num\u00e9rique, incluant \u00ab\u00a0l&rsquo;apparition des livres audio, des livres num\u00e9riques\u00a0\u00bb.<br \/>Concernant la cr\u00e9ation litt\u00e9raire locale, le secteur se montre tr\u00e8s dynamique, enregistrant \u00ab\u00a0pas loin de 30 nouveaut\u00e9s chaque ann\u00e9e qui sortent\u00a0\u00bb. Marie Kops souligne que l&rsquo;\u00e9v\u00e9nement encourage la cr\u00e9ation : \u00ab\u00a0on se rend compte que les gens ont envie de prendre la plume, d&rsquo;\u00e9crire, de se raconter\u00a0\u00bb. Le th\u00e8me du futur est essentiel, car \u00ab\u00a0c&rsquo;est surtout aussi l&rsquo;occasion de se dire : voil\u00e0, il y a eu ces 25 ans et demain, eh bien, nous nous projetons aussi et qu&rsquo;aujourd&rsquo;hui, c&rsquo;est une page blanche, et que c&rsquo;est \u00e0 nous de l&rsquo;\u00e9crire, de l&rsquo;inventer, de l&rsquo;imaginer\u00a0\u00bb.<\/p>\n<p>Le salon, qui se tiendra sur l&rsquo;esplanade basse de Toata et dans l&rsquo;enceinte de la Maison de la culture, veut favoriser une approche conviviale. L&rsquo;AETI souhaite maintenir \u00ab\u00a0cette proximit\u00e9, cette intimit\u00e9, parce que l&rsquo;objectif, encore une fois, c&rsquo;est aussi d&rsquo;amener le livre, la litt\u00e9rature et la lecture au plus pr\u00e8s de la population\u00a0\u00bb. Les participants peuvent \u00e9changer \u00ab\u00a0de mani\u00e8re tr\u00e8s simple et naturelle avec tous les auteurs locaux et aussi nos invit\u00e9s internationaux\u00a0\u00bb.<\/p>\n<p>Le programme de quatre jours est dense. Les deux premi\u00e8res journ\u00e9es sont d\u00e9di\u00e9es aux scolaires (de 8h \u00e0 15h). Parmi les grands rendez-vous figurent des cycles de rencontres sur divers th\u00e8mes, notamment \u00ab\u00a0la place du mythe dans la litt\u00e9rature polyn\u00e9sienne et plus largement oc\u00e9anienne\u00a0\u00bb, ainsi que la d\u00e9couverte de genres allant du roman historique \u00e0 la dystopie et la science-fiction. L&rsquo;int\u00e9gration des langues polyn\u00e9siennes est cruciale, avec notamment des \u00ab\u00a0joutes de traduction qui se feront en anglais, en fran\u00e7ais et en tahitien-fran\u00e7ais\u00a0\u00bb, pr\u00e9cise Marie Kops.<\/p>\n<p>Pour les gourmands, Maheata Smith va assurer des d\u00e9monstrations de cuisine samedi et dimanche, suivies de d\u00e9gustations. L&rsquo;\u00e9v\u00e9nement propose \u00e9galement une op\u00e9ration sp\u00e9ciale intitul\u00e9e \u00ab\u00a0Raconte-moi une histoire\u00a0\u00bb, o\u00f9 le public est invit\u00e9 \u00e0 enregistrer une lecture audio dans un studio am\u00e9nag\u00e9. Enfin, pour c\u00e9l\u00e9brer ces 25 ans de mani\u00e8re festive, un \u00ab\u00a0grand karaok\u00e9 g\u00e9ant\u00a0\u00bb est pr\u00e9vu le samedi soir.<\/p>\n<p>Et pour ceux qui ne pourraient pas se rendre \u00e0 Toata, l&rsquo;\u00e9dition 2025 se veut hybride, permettant aux habitants des \u00eeles de suivre les diff\u00e9rentes rencontres, tables rondes et pr\u00e9sentations diffus\u00e9es \u00ab\u00a0en direct sur notre Facebook\u00a0\u00bb.<\/p>\n","protected":false},"excerpt":{"rendered":"Le salon du livre de Tahiti c\u00e9l\u00e8bre cette ann\u00e9e sa 25e \u00e9dition, un rendez-vous d\u00e9sormais incontournable au fenua.&hellip;\n","protected":false},"author":2,"featured_media":465999,"comment_status":"","ping_status":"","sticky":false,"template":"","format":"standard","meta":{"footnotes":""},"categories":[1357],"tags":[1379,58,59,1011,27,1380],"class_list":{"0":"post-465998","1":"post","2":"type-post","3":"status-publish","4":"format-standard","5":"has-post-thumbnail","7":"category-livres","8":"tag-books","9":"tag-divertissement","10":"tag-entertainment","11":"tag-fr","12":"tag-france","13":"tag-livres"},"share_on_mastodon":{"url":"https:\/\/pubeurope.com\/@fr\/115380659476276400","error":""},"_links":{"self":[{"href":"https:\/\/www.europesays.com\/fr\/wp-json\/wp\/v2\/posts\/465998","targetHints":{"allow":["GET"]}}],"collection":[{"href":"https:\/\/www.europesays.com\/fr\/wp-json\/wp\/v2\/posts"}],"about":[{"href":"https:\/\/www.europesays.com\/fr\/wp-json\/wp\/v2\/types\/post"}],"author":[{"embeddable":true,"href":"https:\/\/www.europesays.com\/fr\/wp-json\/wp\/v2\/users\/2"}],"replies":[{"embeddable":true,"href":"https:\/\/www.europesays.com\/fr\/wp-json\/wp\/v2\/comments?post=465998"}],"version-history":[{"count":0,"href":"https:\/\/www.europesays.com\/fr\/wp-json\/wp\/v2\/posts\/465998\/revisions"}],"wp:featuredmedia":[{"embeddable":true,"href":"https:\/\/www.europesays.com\/fr\/wp-json\/wp\/v2\/media\/465999"}],"wp:attachment":[{"href":"https:\/\/www.europesays.com\/fr\/wp-json\/wp\/v2\/media?parent=465998"}],"wp:term":[{"taxonomy":"category","embeddable":true,"href":"https:\/\/www.europesays.com\/fr\/wp-json\/wp\/v2\/categories?post=465998"},{"taxonomy":"post_tag","embeddable":true,"href":"https:\/\/www.europesays.com\/fr\/wp-json\/wp\/v2\/tags?post=465998"}],"curies":[{"name":"wp","href":"https:\/\/api.w.org\/{rel}","templated":true}]}}